{"id":29985,"date":"2025-02-27T06:00:00","date_gmt":"2025-02-27T09:00:00","guid":{"rendered":"https:\/\/grandepremio.com\/br\/noticias\/onde-assistir-as-corridas-do-fim-de-semana-na-tv-e-streaming-27-de-fevereiro-a-2-de-marco\/"},"modified":"2025-02-27T07:33:42","modified_gmt":"2025-02-27T10:33:42","slug":"onde-assistir-as-corridas-do-fim-de-semana-na-tv-e-streaming-27-de-fevereiro-a-2-de-marco","status":"publish","type":"post","link":"https:\/\/grandepremio.com\/br\/programacao-tv\/onde-assistir-as-corridas-do-fim-de-semana-na-tv-e-streaming-27-de-fevereiro-a-2-de-marco\/","title":{"rendered":"Onde assistir \u00e0s corridas do fim de semana na TV e streaming: 27 de fevereiro a 2 de mar\u00e7o"},"content":{"rendered":"\n<h3 class=\"wp-block-heading\" id=\"h-quinta-feira-27-de-fevereiro\"><strong>QUINTA-FEIRA, 27 DE FEVEREIRO<\/strong><\/h3>\n\n\n\n<figure class=\"wp-block-table\"><table class=\"has-fixed-layout\"><tbody><tr><td><strong>CATEGORIA<\/strong><\/td><td><strong>EVENTO<\/strong><\/td><td><strong>ATIVIDADE<\/strong><\/td><td><strong>HORA<\/strong><\/td><td><strong>EMISSORA<\/strong><\/td><\/tr><tr><td>F\u00f3rmula 1<\/td><td>Bahrein<\/td><td>Testes coletivos<\/td><td>04:00<\/td><td>F1 TV<\/td><\/tr><tr><td><strong>WEC<\/strong><\/td><td><strong>1.812 km do Catar<\/strong><\/td><td><strong>Treino livre 3<\/strong><\/td><td><strong>05:50<\/strong><\/td><td><strong><a href=\"https:\/\/youtube.com\/live\/uyf_Aqq6jDQ\">GRANDE PR\u00caMIO<\/a><\/strong><\/td><\/tr><tr><td>F\u00f3rmula 1<\/td><td>Bahrein<\/td><td>Testes coletivos<\/td><td>06:00<\/td><td>F1 TV | BandSports<\/td><\/tr><tr><td><strong>WEC<\/strong><\/td><td><strong>1.812 km do Catar<\/strong><\/td><td><strong>Classifica\u00e7\u00e3o<\/strong><\/td><td><strong>10:50<\/strong><\/td><td><strong><a href=\"https:\/\/youtube.com\/live\/I4RqKVQ2_wM\">GRANDE PR\u00caMIO<\/a><\/strong><\/td><\/tr><tr><td>Moto3<\/td><td>GP da Tail\u00e2ndia<\/td><td>Treino livre 1<\/td><td>23:00<\/td><td>Disney+ | ESPN 4<\/td><\/tr><tr><td>Moto2<\/td><td>GP da Tail\u00e2ndia<\/td><td>Treino livre 1<\/td><td>23:50<\/td><td>Disney+ | ESPN 4<\/td><\/tr><\/tbody><\/table><\/figure>\n\n\n\n<h3 class=\"wp-block-heading\" id=\"h-sexta-feira-28-de-fevereiro\"><strong>SEXTA-FEIRA, 28 DE FEVEREIRO<\/strong><\/h3>\n\n\n\n<figure class=\"wp-block-table\"><table class=\"has-fixed-layout\"><tbody><tr><td><strong>CATEGORIA<\/strong><\/td><td><strong>EVENTO<\/strong><\/td><td><strong>ATIVIDADE<\/strong><\/td><td><strong>HORA<\/strong><\/td><td><strong>EMISSORA<\/strong><\/td><\/tr><tr><td>MotoGP<\/td><td>GP da Tail\u00e2ndia<\/td><td>Treino livre 1<\/td><td>00:45<\/td><td>Disney+ | ESPN 4<\/td><\/tr><tr><td>Moto3<\/td><td>GP da Tail\u00e2ndia<\/td><td>Treino<\/td><td>03:15<\/td><td>Disney+ | ESPN 4<\/td><\/tr><tr><td>F\u00f3rmula 1<\/td><td>Bahrein<\/td><td>Testes coletivos<\/td><td>04:00<\/td><td>F1 TV<\/td><\/tr><tr><td>Moto2<\/td><td>GP da Tail\u00e2ndia<\/td><td>Treino<\/td><td>04:05<\/td><td>Disney+ | ESPN 4<\/td><\/tr><tr><td>MotoGP<\/td><td>GP da Tail\u00e2ndia<\/td><td>Treino<\/td><td>05:00<\/td><td>Disney+ | ESPN 4<\/td><\/tr><tr><td>F\u00f3rmula 1<\/td><td>Bahrein<\/td><td>Testes coletivos<\/td><td>06:00<\/td><td>F1 TV | BandSports<\/td><\/tr><tr><td><strong>WEC<\/strong><\/td><td><strong>1.812 km do Catar<\/strong><\/td><td><strong>Corrida<\/strong><\/td><td><strong>07:30<\/strong><\/td><td><strong><a href=\"https:\/\/youtube.com\/live\/VR4EQrOjMQk\">GRANDE PR\u00caMIO<\/a><\/strong><\/td><\/tr><tr><td>Indy<\/td><td>GP de S\u00e3o Petersburgo<\/td><td>Treino livre 1<\/td><td>17:00<\/td><td>Disney+<\/td><\/tr><tr><td>Moto3<\/td><td>GP da Tail\u00e2ndia<\/td><td>Treino livre 2<\/td><td>22:40<\/td><td>Disney+ | ESPN 4<\/td><\/tr><tr><td>Moto2<\/td><td>GP da Tail\u00e2ndia<\/td><td>Treino livre 2<\/td><td>23:25<\/td><td>Disney+ | ESPN 4<\/td><\/tr><\/tbody><\/table><\/figure>\n\n\n\n<h3 class=\"wp-block-heading\" id=\"h-sabado-1\u00ba-de-marco\"><strong>S\u00c1BADO, 1\u00ba DE MAR\u00c7O<\/strong><\/h3>\n\n\n\n<figure class=\"wp-block-table\"><table class=\"has-fixed-layout\"><tbody><tr><td><strong>CATEGORIA<\/strong><\/td><td><strong>EVENTO<\/strong><\/td><td><strong>ATIVIDADE<\/strong><\/td><td><strong>HORA<\/strong><\/td><td><strong>EMISSORA<\/strong><\/td><\/tr><tr><td>MotoGP<\/td><td>GP da Tail\u00e2ndia<\/td><td>Treino livre 2<\/td><td>00:10<\/td><td>Disney+ | ESPN 4<\/td><\/tr><tr><td>MotoGP<\/td><td>GP da Tail\u00e2ndia<\/td><td>Classifica\u00e7\u00e3o<\/td><td>00:50<\/td><td>Disney+ | ESPN 4<\/td><\/tr><tr><td>Moto3<\/td><td>GP da Tail\u00e2ndia<\/td><td>Classifica\u00e7\u00e3o<\/td><td>02:50<\/td><td>Disney+ | ESPN 4<\/td><\/tr><tr><td>Moto2<\/td><td>GP da Tail\u00e2ndia<\/td><td>Classifica\u00e7\u00e3o<\/td><td>03:45<\/td><td>Disney+ | ESPN 4<\/td><\/tr><tr><td>MotoGP<\/td><td>GP da Tail\u00e2ndia<\/td><td>Sprint<\/td><td>05:00<\/td><td>Disney+ | ESPN 4<\/td><\/tr><tr><td>Indy<\/td><td>GP de S\u00e3o Petersburgo<\/td><td>Treino livre 2<\/td><td>12:00<\/td><td>Disney+<\/td><\/tr><tr><td>Indy<\/td><td>GP de S\u00e3o Petersburgo<\/td><td>Classifica\u00e7\u00e3o<\/td><td>16:30<\/td><td>Disney+<\/td><\/tr><\/tbody><\/table><\/figure>\n\n\n\n<h3 class=\"wp-block-heading\" id=\"h-domingo-2-de-marco\"><strong>DOMINGO, 2 DE MAR\u00c7O<\/strong><\/h3>\n\n\n\n<figure class=\"wp-block-table\"><table class=\"has-fixed-layout\"><tbody><tr><td><strong>CATEGORIA<\/strong><\/td><td><strong>EVENTO<\/strong><\/td><td><strong>ATIVIDADE<\/strong><\/td><td><strong>HORA<\/strong><\/td><td><strong>EMISSORA<\/strong><\/td><\/tr><tr><td>Moto3<\/td><td>GP da Tail\u00e2ndia<\/td><td>Corrida<\/td><td>02:00<\/td><td>Disney+ | ESPN 4<\/td><\/tr><tr><td>Moto2<\/td><td>GP da Tail\u00e2ndia<\/td><td>Corrida<\/td><td>03:15<\/td><td>Disney+ | ESPN 4<\/td><\/tr><tr><td>MotoGP<\/td><td>GP da Tail\u00e2ndia<\/td><td>Corrida<\/td><td>05:00<\/td><td>Disney+ | ESPN 4<\/td><\/tr><tr><td>Indy<\/td><td>GP de S\u00e3o Petersburgo<\/td><td>Warm-Up<\/td><td>11:00<\/td><td>Disney+<\/td><\/tr><tr><td>Indy<\/td><td>GP de S\u00e3o Petersburgo<\/td><td>Corrida<\/td><td>14:00<\/td><td>TV Cultura | Disney+ | ESPN 4<\/td><\/tr><\/tbody><\/table><\/figure>\n\n\n\n<h3 class=\"wp-block-heading\" id=\"h-programacao-do-grande-premio\"><strong>PROGRAMA\u00c7\u00c3O DO GRANDE PR\u00caMIO<\/strong><\/h3>\n\n\n\n<figure class=\"wp-block-table\"><table class=\"has-fixed-layout\"><tbody><tr><td><strong>PROGRAMA\u00c7\u00c3O<\/strong><\/td><td><strong>EVENTO<\/strong><\/td><td><strong>ATIVIDADE<\/strong><\/td><td><strong>HORA<\/strong><\/td><td><strong>EMISSORA<\/strong><\/td><\/tr><tr><td>Briefing (QUI)<\/td><td>Bahrein<\/td><td>P\u00f3s-testes coletivos da F1<\/td><td>13:00<\/td><td><strong><a href=\"https:\/\/youtube.com\/live\/gobalBg2w10\">GRANDE PR\u00caMIO<\/a><\/strong><\/td><\/tr><tr><td>Briefing (SEX)<\/td><td>Bahrein<\/td><td>P\u00f3s-testes coletivos da F1<\/td><td>13:00<\/td><td><strong><a href=\"https:\/\/youtube.com\/live\/4zwzC4PH4OQ\">GRANDE PR\u00caMIO<\/a><\/strong><\/td><\/tr><\/tbody><\/table><\/figure>\n","protected":false},"excerpt":{"rendered":"<p>Onde assistir a todas as corridas do fim de semana do esporte a motor? O GRANDE PR\u00caMIO lista tudo aqui: o Mundial de Endurance (WEC) \u00e9 o destaque com a abertura do campeonato no Catar e transmiss\u00e3o ao vivo e na \u00edntegra nos canais do GP no Youtube e na GPTV. A Indy tamb\u00e9m d\u00e1 o pontap\u00e9 inicial com a corrida nas ruas de S\u00e3o Petersburgo, assim como a MotoGP, que desembarca na Tail\u00e2ndia para a primeira etapa da temporada. Confira a programa\u00e7\u00e3o na TV e no streaming<\/p>\n","protected":false},"author":0,"featured_media":1000840143,"comment_status":"closed","ping_status":"closed","sticky":false,"template":"","format":"standard","meta":{"42wp_featured_image_caption":"","42wp_featured_image_credits":"","42wp_featured_video":"","42wp_featured_image_hidden":false,"42wp_authors_list":[],"footnotes":""},"categories":[38],"tags":[1566,3350,448,1113,5660,5214,26718,131,147,3630,619,2327,4730,1491,28285,3504,42784,42786,42785,130,93,39054,27726,38111,32908,42474,24704,132,137,1300,79,1930,78,39739,42042,41956,42032,42033,25819,29345,32257,28766,307,357,42034,25667,26690,136,2717,2984,41036,41398,305,25286,784,356,37574,172],"42wp_author":[47109],"class_list":["post-29985","post","type-post","status-publish","format-standard","has-post-thumbnail","hentry","category-programacao-tv","tag-ao-vivo","tag-briefing","tag-caio-collet","tag-catar","tag-classificacao","tag-classificacao-motogp","tag-diogo-moreira","tag-ducati","tag-f1","tag-f1-2025","tag-formula-indy","tag-francesco-bagnaia","tag-gptv","tag-grande-premio","tag-grandepremio","tag-gresini","tag-guia-2025","tag-guia-da-formula-indy-2025","tag-guia-da-indy-2025","tag-honda","tag-indy","tag-indy-2025","tag-indy-ao-vivo","tag-indy-live","tag-indy-nxt","tag-indy-tv-2025","tag-jorge-martin","tag-ktm","tag-lcr","tag-marc-marquez","tag-moto-gp","tag-moto2","tag-motogp","tag-motogp-2025","tag-motogp-2025-calendario","tag-motogp-25","tag-motogp-calendario-2025","tag-motogp-classificacao-2025","tag-motogp-hoje","tag-motogp-horario","tag-motogp-sprint","tag-motogp-standings","tag-motor","tag-mundial-de-endurance","tag-onde-assistir-motogp-2025","tag-pecco-bagnaia","tag-pilotos-motogp","tag-pramac","tag-pre-temporada","tag-sprint","tag-temporada-2025-da-indy","tag-temporada-motogp","tag-testes","tag-transmissao","tag-tv","tag-wec","tag-wec-ao-vivo","tag-yamaha","42wp_author-redacao-gp"],"_links":{"self":[{"href":"https:\/\/grandepremio.com\/br\/wp-json\/wp\/v2\/posts\/29985","targetHints":{"allow":["GET"]}}],"collection":[{"href":"https:\/\/grandepremio.com\/br\/wp-json\/wp\/v2\/posts"}],"about":[{"href":"https:\/\/grandepremio.com\/br\/wp-json\/wp\/v2\/types\/post"}],"replies":[{"embeddable":true,"href":"https:\/\/grandepremio.com\/br\/wp-json\/wp\/v2\/comments?post=29985"}],"version-history":[{"count":0,"href":"https:\/\/grandepremio.com\/br\/wp-json\/wp\/v2\/posts\/29985\/revisions"}],"wp:featuredmedia":[{"embeddable":true,"href":"https:\/\/grandepremio.com\/br\/wp-json\/wp\/v2\/media\/1000840143"}],"wp:attachment":[{"href":"https:\/\/grandepremio.com\/br\/wp-json\/wp\/v2\/media?parent=29985"}],"wp:term":[{"taxonomy":"category","embeddable":true,"href":"https:\/\/grandepremio.com\/br\/wp-json\/wp\/v2\/categories?post=29985"},{"taxonomy":"post_tag","embeddable":true,"href":"https:\/\/grandepremio.com\/br\/wp-json\/wp\/v2\/tags?post=29985"},{"taxonomy":"42wp_author","embeddable":true,"href":"https:\/\/grandepremio.com\/br\/wp-json\/wp\/v2\/42wp_author?post=29985"}],"curies":[{"name":"wp","href":"https:\/\/api.w.org\/{rel}","templated":true}]}}