{"id":30069,"date":"2025-02-26T18:40:42","date_gmt":"2025-02-26T21:40:42","guid":{"rendered":"https:\/\/grandepremio.com\/br\/noticias\/george-russell-relembra-acidentes-destaca-w16-mais-facil-pilotar-apos-teste-bahrein\/"},"modified":"2025-02-26T20:33:40","modified_gmt":"2025-02-26T23:33:40","slug":"george-russell-relembra-acidentes-destaca-w16-mais-facil-pilotar-apos-teste-bahrein","status":"publish","type":"post","link":"https:\/\/grandepremio.com\/br\/f1\/george-russell-relembra-acidentes-destaca-w16-mais-facil-pilotar-apos-teste-bahrein\/","title":{"rendered":"Russell relembra acidentes e destaca W16 &#8220;mais f\u00e1cil de pilotar&#8221; ap\u00f3s teste no Bahrein"},"content":{"rendered":"\n<p class=\"wp-block-paragraph\"><strong>George Russell<\/strong> viu como positivo o primeiro dia de testes de <strong>pr\u00e9-temporada<\/strong> da <strong>F\u00f3rmula 1<\/strong> no <strong>Bahrein<\/strong>, realizado nesta <strong>quarta-feira (26)<\/strong>. O brit\u00e2nico registrou <strong>1min30s597<\/strong>, <strong>0s157<\/strong> atr\u00e1s de <strong>Lando Norris<\/strong>, da <strong>McLaren<\/strong>. Por\u00e9m, mais que o tempo obtivo, o piloto da <strong>Mercedes<\/strong> celebrou que o <strong>W16<\/strong> est\u00e1 mais f\u00e1cil de pilotar do que o modelo de 2024.<\/p>\n\n\n\n<p class=\"wp-block-paragraph\">Russell explicou que o <strong>W15<\/strong>, carro que pilotou na temporada passada, tinha um problema cr\u00f4nico e sofria quando a temperatura da pista estava quente. O brit\u00e2nico justificou o alto n\u00famero de acidentes que passou em 2024 a esse problema. Mais um sinal de que o W16 \u00e9 promissor tamb\u00e9m foi o fato de <strong>Andrea Kimi Antonelli<\/strong> <a href=\"https:\/\/www.grandepremio.com\/br\/f1\/noticias\/andrea-kimi-antonelli-sacode-lidera-manha-1-dia-testes-formula-1-bahrein-lewis-hamilton-5\/\">ter sido o mais r\u00e1pido da sess\u00e3o da manh\u00e3<\/a>.<\/p>\n\n\n\n<p class=\"wp-block-paragraph\">Quando competia em lugares em que a pista estava quente, o carro da Mercedes sa\u00eda mais de traseira do que o normal e n\u00e3o dava muita margem para Russell e, at\u00e9 ent\u00e3o, <strong>Lewis Hamilton<\/strong> cometer qualquer equ\u00edvoco: era muro na certa na menor escapada do tra\u00e7ado ideal.<\/p>\n\n\n\n<p class=\"wp-block-paragraph\">\u25b6\ufe0f\u00a0<strong>Inscreva-se nos dois canais do GRANDE PR\u00caMIO no YouTube:\u00a0<a href=\"https:\/\/www.youtube.com\/channel\/UC9OlHEgxoaY6QY6nWPoiqQg?sub_confirmation=1\" target=\"_blank\" rel=\"noreferrer noopener\">GP<\/a>\u00a0|\u00a0<a href=\"https:\/\/www.youtube.com\/channel\/UC9csiS6q_C3C0FYhyr1rnFA?sub_confirmation=1\" target=\"_blank\" rel=\"noreferrer noopener\">GP2<\/a><\/strong><br>\u25b6\ufe0f\u00a0<strong>LEIA TAMB\u00c9M:\u00a0<a href=\"https:\/\/www.grandepremio.com\/br\/gptv\/noticias\/grande-premio-chega-a-tv-apos-inovar-com-programas-que-viraram-referencia\/\">GRANDE PR\u00caMIO chega \u00e0 TV ap\u00f3s inovar com programas que viraram refer\u00eancia<\/a><\/strong><\/p>\n\n\n\n<figure class=\"wp-block-image size-large\"><img decoding=\"async\" src=\"https:\/\/www.grandepremio.com\/br\/wp-content\/uploads\/2025\/02\/bahrain-2025-f1-teste-pre-temporada-mercedes-andrea-kimi-antonelli-02-1200x713.jpeg\" alt=\"\" class=\"wp-image-931691\"\/><figcaption class=\"wp-element-caption\">George Russell foi \u00e0 pista no per\u00edodo da tarde com a Mercedes (Foto: Mercedes)<\/figcaption><\/figure>\n\n\n\n<p class=\"wp-block-paragraph\">Como primeira impress\u00e3o, Russell deu cr\u00e9dito ao trabalho da Mercedes no carro da temporada de 2025 da F\u00f3rmula 1, por\u00e9m, n\u00e3o cravou que essa melhora seja definitiva para todo o ano.<\/p>\n\n\n\n<p class=\"wp-block-paragraph\">&#8220;Ficou claro no ano passado que sofremos muito nas corridas quentes e o carro sa\u00eda de traseira com a pista sob essas condi\u00e7\u00f5es. Isso \u00e9 algo que queremos acabar. Claro, para todos, \u00e9 mais complicado quando est\u00e1 calor, mas nosso desempenho mostrou que t\u00ednhamos retrocedido, andando no fio da navalha. Tivemos alguns acidentes no ano passado. Se sa\u00edssemos do ideal, acab\u00e1vamos no muro. O foco foi deixar o carro mais f\u00e1cil de pilotar, mais intuitivo, e, at\u00e9 agora, parece que estamos fazendo isso&#8221;, comentou Russell.<\/p>\n\n\n\n<p class=\"wp-block-paragraph\">O\u00a0<strong>GRANDE PR\u00caMIO\u00a0<\/strong>faz a cobertura completa do per\u00edodo de testes da\u00a0<strong><a href=\"https:\/\/www.grandepremio.com\/br\/f1\/\"><\/a><a href=\"https:\/\/www.grandepremio.com\/br\/f1\/\" target=\"_blank\" rel=\"noreferrer noopener\">F\u00f3rmula 1<\/a><\/strong>\u00a0e acompanha tudo que acontece no Bahrein em\u00a0<strong><a href=\"https:\/\/www.grandepremio.com\/br\/f1\/ao-vivo\"><\/a><a href=\"https:\/\/www.grandepremio.com\/br\/ao-vivo\/\" target=\"_blank\" rel=\"noreferrer noopener\">TEMPO REAL<\/a><\/strong>. As atividades acontecem entre os dias\u00a0<strong>26 e 28 de fevereiro<\/strong>, sempre com duas atividades por dia, uma entre\u00a0<strong>4h e 8h<\/strong>\u00a0(de Bras\u00edlia, GMT-3) e outra entre\u00a0<strong>9h e 13h<\/strong>. A estreia do campeonato est\u00e1 programada para acontecer duas semanas depois, entre os dias\u00a0<strong>14 e 16 de mar\u00e7o<\/strong>, no\u00a0<strong>GP da Austr\u00e1lia<\/strong>.<\/p>\n\n\n\n<figure class=\"wp-block-embed is-type-video is-provider-youtube wp-block-embed-youtube wp-embed-aspect-16-9 wp-has-aspect-ratio\"><div class=\"wp-block-embed__wrapper\">\n<iframe loading=\"lazy\" title=\"NORRIS 1\u00ba, BORTOLETO \u00c0 FRENTE DE HAMILTON E APAG\u00c3O: O DIA 1 DA F1 2025 NO BAHREIN | BRIEFING\" width=\"500\" height=\"281\" src=\"https:\/\/www.youtube.com\/embed\/GzlOEGe946g?feature=oembed\" frameborder=\"0\" allow=\"accelerometer; autoplay; clipboard-write; encrypted-media; gyroscope; picture-in-picture; web-share\" referrerpolicy=\"strict-origin-when-cross-origin\" allowfullscreen><\/iframe>\n<\/div><\/figure>\n","protected":false},"excerpt":{"rendered":"<p>George Russell explicou que carro da Mercedes em 2024 tinha problema cr\u00f4nico em pistas quentes e sinalizou que W16 avan\u00e7ou nesse sentido<\/p>\n","protected":false},"author":0,"featured_media":1000905597,"comment_status":"closed","ping_status":"closed","sticky":false,"template":"","format":"standard","meta":{"42wp_featured_image_caption":"","42wp_featured_image_credits":"","42wp_featured_video":"","42wp_featured_image_hidden":false,"42wp_authors_list":[],"footnotes":""},"categories":[2],"tags":[5660,969,147,3630,642,160,180,3628,800,1491,30103,28285,82,40900,38447],"42wp_author":[47155],"class_list":["post-30069","post","type-post","status-publish","format-standard","has-post-thumbnail","hentry","category-f1","tag-classificacao","tag-corrida","tag-f1","tag-f1-2025","tag-f1-ao-vivo","tag-f1-tv","tag-formula-1","tag-formula-1-2025","tag-george-russell","tag-grande-premio","tag-grande-premio-f1","tag-grandepremio","tag-mercedes","tag-pre-temporada-f1-2025","tag-pre-temporada-f1-no-bahrein","42wp_author-daniel-balsa"],"_links":{"self":[{"href":"https:\/\/grandepremio.com\/br\/wp-json\/wp\/v2\/posts\/30069","targetHints":{"allow":["GET"]}}],"collection":[{"href":"https:\/\/grandepremio.com\/br\/wp-json\/wp\/v2\/posts"}],"about":[{"href":"https:\/\/grandepremio.com\/br\/wp-json\/wp\/v2\/types\/post"}],"replies":[{"embeddable":true,"href":"https:\/\/grandepremio.com\/br\/wp-json\/wp\/v2\/comments?post=30069"}],"version-history":[{"count":0,"href":"https:\/\/grandepremio.com\/br\/wp-json\/wp\/v2\/posts\/30069\/revisions"}],"wp:featuredmedia":[{"embeddable":true,"href":"https:\/\/grandepremio.com\/br\/wp-json\/wp\/v2\/media\/1000905597"}],"wp:attachment":[{"href":"https:\/\/grandepremio.com\/br\/wp-json\/wp\/v2\/media?parent=30069"}],"wp:term":[{"taxonomy":"category","embeddable":true,"href":"https:\/\/grandepremio.com\/br\/wp-json\/wp\/v2\/categories?post=30069"},{"taxonomy":"post_tag","embeddable":true,"href":"https:\/\/grandepremio.com\/br\/wp-json\/wp\/v2\/tags?post=30069"},{"taxonomy":"42wp_author","embeddable":true,"href":"https:\/\/grandepremio.com\/br\/wp-json\/wp\/v2\/42wp_author?post=30069"}],"curies":[{"name":"wp","href":"https:\/\/api.w.org\/{rel}","templated":true}]}}