{"id":30095,"date":"2025-02-26T16:59:22","date_gmt":"2025-02-26T19:59:22","guid":{"rendered":"https:\/\/grandepremio.com\/br\/noticias\/charles-leclerc-celebra-1o-dia-sem-contratempos-elogia-ferrari-mas-avisa-ainda-e-cedo\/"},"modified":"2025-02-26T17:05:11","modified_gmt":"2025-02-26T20:05:11","slug":"charles-leclerc-celebra-1o-dia-sem-contratempos-elogia-ferrari-mas-avisa-ainda-e-cedo","status":"publish","type":"post","link":"https:\/\/grandepremio.com\/br\/f1\/charles-leclerc-celebra-1o-dia-sem-contratempos-elogia-ferrari-mas-avisa-ainda-e-cedo\/","title":{"rendered":"Leclerc celebra 1\u00ba dia &#8220;sem contratempos&#8221; e elogia Ferrari, mas avisa: &#8220;Ainda \u00e9 cedo&#8221;"},"content":{"rendered":"\n<p class=\"wp-block-paragraph\">Embora tenha conquistado um bom resultado no primeiro dia dos testes coletivos de pr\u00e9-temporada da <strong>F\u00f3rmula 1<\/strong> no <strong>Bahrein<\/strong>, que come\u00e7aram nesta quarta-feira (26), <strong>Charles Leclerc<\/strong> preferiu <a href=\"https:\/\/www.grandepremio.com\/br\/f1\/noticias\/lewis-hamilton-minimiza-13-em-1-dia-testes-bahrein-plano-tentar-coisas-diferentes\/\">seguir na mesma linha de<\/a> <strong>Lewis Hamilton<\/strong>, novo companheiro de <strong>Ferrari<\/strong>, e optou pela cautela. De acordo com o monegasco, ainda \u00e9 &#8220;muito cedo&#8221; para tirar qualquer conclus\u00e3o sobre o desempenho da <strong>SF-25<\/strong>.<\/p>\n\n\n\n<p class=\"wp-block-paragraph\">O pontap\u00e9 inicial para o campeonato de 2025 come\u00e7ou com\u00a0<strong>Andrea Kimi Antonelli<\/strong>, encarregado de substituir\u00a0o heptacampe\u00e3o\u00a0na\u00a0<strong>Mercedes<\/strong>,\u00a0<a href=\"https:\/\/www.grandepremio.com\/br\/f1\/noticias\/andrea-kimi-antonelli-sacode-lidera-manha-1-dia-testes-formula-1-bahrein-lewis-hamilton-5\/\">sendo o respons\u00e1vel pelo tempo mais r\u00e1pido da primeira parte da sess\u00e3o<\/a>, logo pela manh\u00e3. No per\u00edodo da tarde, por\u00e9m,\u00a0<strong>Lando Norris<\/strong>\u00a0<a href=\"https:\/\/www.grandepremio.com\/br\/f1\/noticias\/lando-norris-apagao-lidera-1o-dia-pre-temporada-f1-bahrein-gabriel-bortoleto-12o\/\">cravou a melhor marca do dia<\/a>\u00a0e colocou a\u00a0<strong>McLaren<\/strong>\u00a0no topo da tabela de tempos, enquanto\u00a0<strong>George Russell<\/strong>\u00a0e\u00a0<strong><a href=\"https:\/\/www.grandepremio.com\/br\/piloto\/max-verstappen\/\" target=\"_blank\" rel=\"noreferrer noopener\">Max Verstappen<\/a><\/strong>\u00a0fecharam o top-3.<\/p>\n\n\n\n<p class=\"wp-block-paragraph\">Ao completar 71 voltas durante o per\u00edodo vespertino, Leclerc anotou 1min30s878 no cron\u00f4metro e encerrou as atividades na quarta coloca\u00e7\u00e3o \u2014 0s448 atr\u00e1s do l\u00edder. Desta forma, o <strong>#16<\/strong> fez o suficiente para terminar \u00e0 frente de Lewis, que alcan\u00e7ou 1min31s834 pela manh\u00e3 e ficou em 13\u00ba, <a href=\"https:\/\/www.grandepremio.com\/br\/f1\/noticias\/gabriel-bortoleto-ve-1o-dia-interessante-testes-aerodinamicos-quilometragem-sauber\/\">atr\u00e1s at\u00e9 mesmo do brasileiro<\/a> <strong>Gabriel Bortoleto<\/strong>.<\/p>\n\n\n\n<p class=\"wp-block-paragraph\">&#8220;\u00c9 bom estar de volta \u00e0 pista. Toda a equipe se dedicou ao m\u00e1ximo ao projeto da SF-25 durante a pausa de inverno, ent\u00e3o \u00e9 emocionante finalmente poder come\u00e7ar a acelerar com o carro&#8221;, come\u00e7ou.<\/p>\n\n\n\n<figure class=\"wp-block-image size-large\"><img decoding=\"async\" src=\"https:\/\/www.grandepremio.com\/br\/wp-content\/uploads\/2025\/02\/1-pre-season-test-2025-day1-1200x800.jpg\" alt=\"\" class=\"wp-image-931921\"\/><figcaption class=\"wp-element-caption\">Charles Leclerc elogiou ritmo da Ferrari, mas pregou cautela (Foto: Pirelli)<\/figcaption><\/figure>\n\n\n\n<p class=\"wp-block-paragraph\">\u25b6\ufe0f <strong>Inscreva-se nos dois canais do GRANDE PR\u00caMIO no YouTube:\u00a0<a href=\"https:\/\/www.youtube.com\/channel\/UC9OlHEgxoaY6QY6nWPoiqQg?sub_confirmation=1\" target=\"_blank\" rel=\"noreferrer noopener\">GP<\/a>\u00a0|\u00a0<a href=\"https:\/\/www.youtube.com\/channel\/UC9csiS6q_C3C0FYhyr1rnFA?sub_confirmation=1\" target=\"_blank\" rel=\"noreferrer noopener\">GP2<\/a><\/strong><br>\u25b6\ufe0f <strong><strong>LEIA TAMB\u00c9M:\u00a0<a href=\"https:\/\/www.grandepremio.com\/br\/gptv\/noticias\/gptv-alcanca-2-milhoes-espectadores-prepara-novos-formatos-exibicao\/\">GPTV alcan\u00e7a 2 milh\u00f5es de espectadores e prepara novos formatos de exibi\u00e7\u00e3o<\/a><\/strong><\/strong><\/p>\n\n\n\n<p class=\"wp-block-paragraph\">&#8220;Quanto a hoje, \u00e9 sempre positivo ter uma sess\u00e3o sem contratempos, sem surpresas desagrad\u00e1veis que afetem o programa de trabalho. Dito isso, ainda \u00e9 muito cedo para tirar conclus\u00f5es sobre nosso desempenho. Analisaremos bem os dados e utilizaremos o que aprendemos esta noite quando retomarmos o trabalho amanh\u00e3&#8221;, concluiu Leclerc.<\/p>\n\n\n\n<p class=\"wp-block-paragraph\">O\u00a0<strong>GRANDE PR\u00caMIO\u00a0<\/strong>faz a cobertura completa do per\u00edodo de testes da\u00a0<strong><a href=\"https:\/\/www.grandepremio.com\/br\/f1\/\"><\/a><a href=\"https:\/\/www.grandepremio.com\/br\/f1\/\" target=\"_blank\" rel=\"noreferrer noopener\">F1<\/a><\/strong>\u00a0e acompanha tudo que acontece no Bahrein em\u00a0<strong><a href=\"https:\/\/www.grandepremio.com\/br\/f1\/ao-vivo\"><\/a><a href=\"https:\/\/www.grandepremio.com\/br\/ao-vivo\/\" target=\"_blank\" rel=\"noreferrer noopener\">TEMPO REAL<\/a><\/strong>. As atividades acontecem entre os dias\u00a0<strong>26 e 28 de fevereiro<\/strong>, sempre com duas atividades por dia, uma entre\u00a0<strong>4h e 8h<\/strong>\u00a0(de Bras\u00edlia, GMT-3) e outra entre\u00a0<strong>9h e 13h<\/strong>. A estreia do campeonato est\u00e1 programada para acontecer duas semanas depois, entre os dias\u00a0<strong>14 e 16 de mar\u00e7o<\/strong>, no\u00a0<strong>GP da Austr\u00e1lia<\/strong>.<\/p>\n\n\n\n<figure class=\"wp-block-embed is-type-video is-provider-youtube wp-block-embed-youtube wp-embed-aspect-16-9 wp-has-aspect-ratio\"><div class=\"wp-block-embed__wrapper\">\n<iframe loading=\"lazy\" title=\"NORRIS 1\u00ba, BORTOLETO \u00c0 FRENTE DE HAMILTON E APAG\u00c3O: O DIA 1 DA F1 2025 NO BAHREIN | BRIEFING\" width=\"500\" height=\"281\" src=\"https:\/\/www.youtube.com\/embed\/GzlOEGe946g?feature=oembed\" frameborder=\"0\" allow=\"accelerometer; autoplay; clipboard-write; encrypted-media; gyroscope; picture-in-picture; web-share\" referrerpolicy=\"strict-origin-when-cross-origin\" allowfullscreen><\/iframe>\n<\/div><\/figure>\n","protected":false},"excerpt":{"rendered":"<p>Ainda que tenha apresentado bom ritmo e terminado o primeiro dia de pr\u00e9-temporada na quarta posi\u00e7\u00e3o, Charles Leclerc foi cauteloso e disse que a Ferrari ainda vai analisar os dados coletados no Bahrein<\/p>\n","protected":false},"author":0,"featured_media":1000931866,"comment_status":"closed","ping_status":"closed","sticky":false,"template":"","format":"standard","meta":{"42wp_featured_image_caption":"","42wp_featured_image_credits":"","42wp_featured_video":"","42wp_featured_image_hidden":false,"42wp_authors_list":[],"footnotes":""},"categories":[2],"tags":[209,5660,969,147,3630,642,160,207,180,3628,1491,30103,28285,40900,38447],"42wp_author":[47160],"class_list":["post-30095","post","type-post","status-publish","format-standard","has-post-thumbnail","hentry","category-f1","tag-charles-leclerc","tag-classificacao","tag-corrida","tag-f1","tag-f1-2025","tag-f1-ao-vivo","tag-f1-tv","tag-ferrari","tag-formula-1","tag-formula-1-2025","tag-grande-premio","tag-grande-premio-f1","tag-grandepremio","tag-pre-temporada-f1-2025","tag-pre-temporada-f1-no-bahrein","42wp_author-vicente-soella"],"_links":{"self":[{"href":"https:\/\/grandepremio.com\/br\/wp-json\/wp\/v2\/posts\/30095","targetHints":{"allow":["GET"]}}],"collection":[{"href":"https:\/\/grandepremio.com\/br\/wp-json\/wp\/v2\/posts"}],"about":[{"href":"https:\/\/grandepremio.com\/br\/wp-json\/wp\/v2\/types\/post"}],"replies":[{"embeddable":true,"href":"https:\/\/grandepremio.com\/br\/wp-json\/wp\/v2\/comments?post=30095"}],"version-history":[{"count":0,"href":"https:\/\/grandepremio.com\/br\/wp-json\/wp\/v2\/posts\/30095\/revisions"}],"wp:featuredmedia":[{"embeddable":true,"href":"https:\/\/grandepremio.com\/br\/wp-json\/wp\/v2\/media\/1000931866"}],"wp:attachment":[{"href":"https:\/\/grandepremio.com\/br\/wp-json\/wp\/v2\/media?parent=30095"}],"wp:term":[{"taxonomy":"category","embeddable":true,"href":"https:\/\/grandepremio.com\/br\/wp-json\/wp\/v2\/categories?post=30095"},{"taxonomy":"post_tag","embeddable":true,"href":"https:\/\/grandepremio.com\/br\/wp-json\/wp\/v2\/tags?post=30095"},{"taxonomy":"42wp_author","embeddable":true,"href":"https:\/\/grandepremio.com\/br\/wp-json\/wp\/v2\/42wp_author?post=30095"}],"curies":[{"name":"wp","href":"https:\/\/api.w.org\/{rel}","templated":true}]}}