{"id":30321,"date":"2025-02-26T05:19:32","date_gmt":"2025-02-26T08:19:32","guid":{"rendered":"https:\/\/grandepremio.com\/br\/noticias\/michelin-concorrencia-negocia-seguir-fornecedora-motogp\/"},"modified":"2025-02-26T05:21:38","modified_gmt":"2025-02-26T08:21:38","slug":"michelin-concorrencia-negocia-seguir-fornecedora-motogp","status":"publish","type":"post","link":"https:\/\/grandepremio.com\/br\/motogp\/michelin-concorrencia-negocia-seguir-fornecedora-motogp\/","title":{"rendered":"Michelin v\u00ea concorr\u00eancia, mas negocia para seguir como fornecedora da MotoGP"},"content":{"rendered":"\n<p class=\"wp-block-paragraph\">Chefe da <strong>Michelin<\/strong>, <strong>Piero Taramasso <\/strong>afirmou que a marca francesa j\u00e1 conversa com a <strong>Dorna <\/strong>sobre a possibilidade de renovar o acordo de fornecimento de pneus para a <strong>MotoGP<\/strong>. O dirigente reconheceu, por\u00e9m, que a fabricante n\u00e3o \u00e9 a \u00fanica interessada.<\/p>\n\n\n\n<p class=\"wp-block-paragraph\">A Michelin assumiu o fornecimento dos cal\u00e7ados da classe rainha em <strong>2016<\/strong>, ocupando o lugar que era anteriormente da <strong>Bridgestone<\/strong>, mas o contrato atual vai s\u00f3 a at\u00e9 <strong>2026<\/strong>.<\/p>\n\n\n\n<p class=\"wp-block-paragraph\">Chefe do programa de duas rodas da Michelin, Taramasso sublinhou o interesse em manter o fornecimento na mudan\u00e7a de regulamento, quando a MotoGP vai trocar as motos de <strong>1000cc <\/strong>por prot\u00f3tipos de <strong>850cc<\/strong>.<\/p>\n\n\n\n<p class=\"wp-block-paragraph\">\u201cSim, gostar\u00edamos de continuar\u201d, disse Taramasso. \u201cEstamos conversando com a Dorna. No momento, a discuss\u00e3o est\u00e1 aberta\u201d, seguiu.<\/p>\n\n\n\n<figure class=\"wp-block-image size-large\"><img decoding=\"async\" src=\"https:\/\/www.grandepremio.com\/br\/wp-content\/uploads\/2024\/02\/couverture_saison-2024-1024x639.jpg\" alt=\"\" class=\"wp-image-775286\"\/><figcaption class=\"wp-element-caption\">Atual contrato da Michelin chega ao fim em 2026 (Foto: Michelin)<\/figcaption><\/figure>\n\n\n\n<p class=\"wp-block-paragraph\"><strong>\u25b6\ufe0f&nbsp;Inscreva-se nos dois canais do GRANDE PR\u00caMIO no YouTube:&nbsp;<a href=\"https:\/\/www.youtube.com\/channel\/UC9OlHEgxoaY6QY6nWPoiqQg?sub_confirmation=1\" target=\"_blank\" rel=\"noreferrer noopener\">GP<\/a>&nbsp;|&nbsp;<a href=\"https:\/\/www.youtube.com\/channel\/UC9csiS6q_C3C0FYhyr1rnFA?sub_confirmation=1\" target=\"_blank\" rel=\"noreferrer noopener\">GP2<\/a><\/strong><\/p>\n\n\n\n<p class=\"wp-block-paragraph\">\u201cSei que algu\u00e9m \u2014 n\u00e3o sei se uma f\u00e1brica da It\u00e1lia ou do Jap\u00e3o\u2026 Mas est\u00e1 interessada\u201d, comentou.<\/p>\n\n\n\n<p class=\"wp-block-paragraph\">Atual fornecedora de <strong>Moto3 <\/strong>e <strong>Moto2<\/strong>, a <strong>Pirelli <\/strong>\u00e9 especulada como interessada em assumir o abastecimento dos pneus da classe rainha do <strong>Mundial de Motovelocidade<\/strong>.<\/p>\n\n\n\n<p class=\"wp-block-paragraph\">A&nbsp;<strong><a href=\"https:\/\/grandepremio.com\/motovelocidade\/\" target=\"_blank\" rel=\"noreferrer noopener\">MotoGP<\/a><\/strong>&nbsp;volta \u00e0s pistas neste fim de semana, com o GP da&nbsp;<strong>Tail\u00e2ndia<\/strong>, em&nbsp;<strong>Buriram<\/strong>, abertura da temporada 2025. O&nbsp;<strong>GRANDE PR\u00caMIO&nbsp;<\/strong>faz a cobertura completa do evento, assim como das outras classes do Mundial de&nbsp;<a href=\"https:\/\/www.grandepremio.com\/motovelocidade\/\">Motovelocidade&nbsp;<\/a>durante todo o ano.<\/p>\n\n\n\n<figure class=\"wp-block-image\"><a href=\"https:\/\/www.grandepremio.com\/br\/motogp\/ultimas-noticias\/\"><img decoding=\"async\" src=\"https:\/\/www.grandepremio.com\/br\/wp-content\/uploads\/2025\/02\/Capa-MotoGP-2025.jpg\" alt=\"\" class=\"wp-image-930326\"\/><\/a><figcaption class=\"wp-element-caption\"><a href=\"https:\/\/www.grandepremio.com\/br\/motogp\/ultimas-noticias\/\">Confira o Guia da MotoGP do GRANDE PR\u00caMIO (Arte: Thiago Rocha)<\/a><\/figcaption><\/figure>\n\n\n\n<p class=\"wp-block-paragraph\"><strong>GUIA 2025<br><\/strong>\u21dd\u00a0<strong><a href=\"https:\/\/www.grandepremio.com\/br\/motogp\/noticias\/guia-2025-motogp-abre-ano-marc-marquez-foco-expectativa-japonesas\/\">MotoGP abre ano com\u00a0<\/a><a href=\"https:\/\/www.grandepremio.com\/br\/piloto\/marc-marquez\/\" target=\"_blank\" rel=\"noreferrer noopener\">Marc M\u00e1rquez<\/a><a href=\"https:\/\/www.grandepremio.com\/br\/motogp\/noticias\/guia-2025-motogp-abre-ano-marc-marquez-foco-expectativa-japonesas\/\">\u00a0no foco e expectativa por japonesas<\/a><\/strong><br>\u21dd\u00a0<strong><a href=\"https:\/\/www.grandepremio.com\/br\/motogp\/noticias\/guia-2025-motogp-opta-estabilidade-congela-desenvolvimento-espera-2027\/\">MotoGP opta por estabilidade e congela desenvolvimento \u00e0 espera de 2027<\/a><\/strong><br>\u21dd\u00a0<strong><a href=\"https:\/\/www.grandepremio.com\/br\/motogp\/noticias\/guia-2025-motogp-monta-maior-calendario-historia-cria-inchaco-insustentavel\/\">MotoGP monta maior calend\u00e1rio da hist\u00f3ria, mas cria incha\u00e7o insustent\u00e1vel<\/a><\/strong><br>\u21dd\u00a0<strong><a href=\"https:\/\/www.grandepremio.com\/br\/motogp\/noticias\/guia-2025-motogp-rejuvenesce-grid-tres-novatos-ai-ogura-desponta-destaque\/\">MotoGP rejuvenesce grid com tr\u00eas novatos. E Ogura desponta como destaque<\/a><\/strong><br>\u21dd\u00a0<strong><a href=\"https:\/\/www.grandepremio.com\/br\/motogp\/noticias\/guia-2025-ducati-dribla-duvidas-motor-comprovar-favoritismo-retomar-titulo-motogp\/\">Ducati dribla d\u00favidas sobre motor para comprovar favoritismo e retomar #1<\/a><\/strong><br>\u21dd\u00a0<strong><a href=\"https:\/\/www.grandepremio.com\/br\/motogp\/noticias\/guia-2025-marc-marquez-francesco-bagnaia-confronto-sob-holofotes-motogp\/\">Marc M\u00e1rquez e Bagnaia travam confronto sob holofotes da MotoGP<\/a><\/strong><br>\u21dd\u00a0<strong><a href=\"https:\/\/www.grandepremio.com\/br\/motogp\/noticias\/guia-2025-franco-morbidelli-tenta-fazer-pazes-vitoria-motogp-aconchego-vr46\/\">Morbidelli tenta fazer as pazes com vit\u00f3ria na MotoGP no aconchego da VR46<\/a><\/strong><br>\u21dd\u00a0<strong><a href=\"https:\/\/www.grandepremio.com\/br\/motogp\/noticias\/guia-2025-motogp-vive-impasse-espera-aprovacao-negocio-dorna-liberty\/\">MotoGP vive impasse \u00e0 espera de aprova\u00e7\u00e3o de neg\u00f3cio entre Dorna e Liberty<\/a><\/strong><br>\u21dd <strong><a href=\"https:\/\/www.grandepremio.com\/br\/motogp\/noticias\/guia-2025-aprilia-aposta-renovacao-completa-incomodar-ducati-motogp\/\">Aprilia aposta em renova\u00e7\u00e3o completa para incomodar Ducati na MotoGP<\/a><\/strong><br>\u21dd <strong><a href=\"https:\/\/www.grandepremio.com\/br\/motogp\/noticias\/guia-2025-jorge-martin-inicia-jornada-aprilia-dura-missao-manter-1\/\">Mart\u00edn inicia jornada na Aprilia como l\u00edder e tem dura miss\u00e3o de manter #1<\/a><\/strong><\/p>\n\n\n\n<figure class=\"wp-block-embed is-type-video is-provider-youtube wp-block-embed-youtube wp-embed-aspect-16-9 wp-has-aspect-ratio\"><div class=\"wp-block-embed__wrapper\">\n<iframe loading=\"lazy\" title=\"GUIA 2025: APOSTAS E CERTEZAS PARA A TEMPORADA DA MOTOGP\" width=\"500\" height=\"281\" src=\"https:\/\/www.youtube.com\/embed\/nPUAX0FV0Vs?feature=oembed\" frameborder=\"0\" allow=\"accelerometer; autoplay; clipboard-write; encrypted-media; gyroscope; picture-in-picture; web-share\" referrerpolicy=\"strict-origin-when-cross-origin\" allowfullscreen><\/iframe>\n<\/div><\/figure>\n","protected":false},"excerpt":{"rendered":"<p>Chefe da Michelin, Piero Taramasso revelou que a Michelin j\u00e1 conversa com a Dorna para renovar o acordo de fornecimento de pneus. Mas reconheceu que n\u00e3o \u00e9 a \u00fanica interessada<\/p>\n","protected":false},"author":0,"featured_media":1000850651,"comment_status":"closed","ping_status":"closed","sticky":false,"template":"","format":"standard","meta":{"42wp_featured_image_caption":"","42wp_featured_image_credits":"","42wp_featured_video":"","42wp_featured_image_hidden":false,"42wp_authors_list":[],"footnotes":""},"categories":[8],"tags":[5214,131,6513,2327,28285,3504,130,24704,132,137,1300,2375,79,78,39739,42042,41956,42032,42033,25819,29345,32257,28766,307,42034,25667,26690,136,2984,41398,172],"42wp_author":[47113],"class_list":["post-30321","post","type-post","status-publish","format-standard","has-post-thumbnail","hentry","category-motogp","tag-classificacao-motogp","tag-ducati","tag-espn","tag-francesco-bagnaia","tag-grandepremio","tag-gresini","tag-honda","tag-jorge-martin","tag-ktm","tag-lcr","tag-marc-marquez","tag-michelin","tag-moto-gp","tag-motogp","tag-motogp-2025","tag-motogp-2025-calendario","tag-motogp-25","tag-motogp-calendario-2025","tag-motogp-classificacao-2025","tag-motogp-hoje","tag-motogp-horario","tag-motogp-sprint","tag-motogp-standings","tag-motor","tag-onde-assistir-motogp-2025","tag-pecco-bagnaia","tag-pilotos-motogp","tag-pramac","tag-sprint","tag-temporada-motogp","tag-yamaha","42wp_author-juliana-tesser"],"_links":{"self":[{"href":"https:\/\/grandepremio.com\/br\/wp-json\/wp\/v2\/posts\/30321","targetHints":{"allow":["GET"]}}],"collection":[{"href":"https:\/\/grandepremio.com\/br\/wp-json\/wp\/v2\/posts"}],"about":[{"href":"https:\/\/grandepremio.com\/br\/wp-json\/wp\/v2\/types\/post"}],"replies":[{"embeddable":true,"href":"https:\/\/grandepremio.com\/br\/wp-json\/wp\/v2\/comments?post=30321"}],"version-history":[{"count":0,"href":"https:\/\/grandepremio.com\/br\/wp-json\/wp\/v2\/posts\/30321\/revisions"}],"wp:featuredmedia":[{"embeddable":true,"href":"https:\/\/grandepremio.com\/br\/wp-json\/wp\/v2\/media\/1000850651"}],"wp:attachment":[{"href":"https:\/\/grandepremio.com\/br\/wp-json\/wp\/v2\/media?parent=30321"}],"wp:term":[{"taxonomy":"category","embeddable":true,"href":"https:\/\/grandepremio.com\/br\/wp-json\/wp\/v2\/categories?post=30321"},{"taxonomy":"post_tag","embeddable":true,"href":"https:\/\/grandepremio.com\/br\/wp-json\/wp\/v2\/tags?post=30321"},{"taxonomy":"42wp_author","embeddable":true,"href":"https:\/\/grandepremio.com\/br\/wp-json\/wp\/v2\/42wp_author?post=30321"}],"curies":[{"name":"wp","href":"https:\/\/api.w.org\/{rel}","templated":true}]}}