{"id":30457,"date":"2025-02-25T14:08:25","date_gmt":"2025-02-25T17:08:25","guid":{"rendered":"https:\/\/grandepremio.com\/br\/noticias\/cadillac-prepara-reorganizacao-define-divisao-corridas-f1-bolo-novo-ceo\/"},"modified":"2025-02-25T14:20:46","modified_gmt":"2025-02-25T17:20:46","slug":"cadillac-prepara-reorganizacao-define-divisao-corridas-f1-bolo-novo-ceo","status":"publish","type":"post","link":"https:\/\/grandepremio.com\/br\/f1\/cadillac-prepara-reorganizacao-define-divisao-corridas-f1-bolo-novo-ceo\/","title":{"rendered":"Cadillac prepara reorganiza\u00e7\u00e3o e define divis\u00e3o de corridas com F1 no bolo e novo CEO"},"content":{"rendered":"\n<p class=\"wp-block-paragraph\">A <strong>TWG Global<\/strong>, grupo que controla as opera\u00e7\u00f5es do projeto da <strong>Cadillac <\/strong>na<strong> F\u00f3rmula 1<\/strong>, vai passar por uma reestrutura\u00e7\u00e3o, que afeta diretamente a futura 11\u00aa equipe da categoria. A empresa lan\u00e7ou nesta ter\u00e7a-feira (25) uma divis\u00e3o de automobilismo, a <strong>TWG Motorsports<\/strong>, que ser\u00e1 encabe\u00e7ada pelo empres\u00e1rio <strong>Dan Towriss<\/strong>.<\/p>\n\n\n\n<p class=\"wp-block-paragraph\">Towriss foi um nome fundamental para a <a href=\"https:\/\/www.grandepremio.com\/br\/galeria\/f1\/rejeicao-michael-andretti-aprovacao-final-saga-cadillac-formula-1-2026\/\">aceita\u00e7\u00e3o e a aprova\u00e7\u00e3o<\/a> da <strong>General Motors<\/strong> (<strong>GM<\/strong>) na F\u00f3rmula 1 a partir de 2026, depois que a proposta inicial da <strong>Andretti <\/strong>foi rejeitada pela categoria. Ap\u00f3s a negativa, <strong>Michael Andretti<\/strong> <a href=\"https:\/\/www.grandepremio.com\/br\/f1\/noticias\/mario-andretti-revela-michael-andretti-admitiu-obstaculo-nova-equipe-f1\/\">deixou o comando das opera\u00e7\u00f5es<\/a> e a TWG entrou em jogo, o que agradou a F1. <\/p>\n\n\n\n<p class=\"wp-block-paragraph\">\u201cCom uma combina\u00e7\u00e3o de excel\u00eancia operacional, tecnologia e inova\u00e7\u00e3o, a TWG Motorsports tem a oportunidade de promover uma verdadeira transforma\u00e7\u00e3o nas corridas, estabelecer novos padr\u00f5es para a ind\u00fastria e construir um legado de sucesso globalmente&#8221;, disse Towriss no lan\u00e7amento da divis\u00e3o.\u00a0<\/p>\n\n\n\n<p class=\"wp-block-paragraph\">Al\u00e9m da Cadillac, a divis\u00e3o TWG Motorsports tamb\u00e9m ficar\u00e1 respons\u00e1vel pelas equipes <strong>Spire<\/strong>, da <strong>Nascar<\/strong>, <strong>Andretti Global<\/strong>, da <strong>Indy <\/strong>e da <strong>F\u00f3rmula E,<\/strong> <strong>Wayne Taylor<\/strong>, do <strong>IMSA SportsCar<\/strong>, e <strong>Walkinshaw Andretti United<\/strong>, do <strong>Supercars<\/strong>,<strong> <\/strong>da Austr\u00e1lia.<\/p>\n\n\n\n<figure class=\"wp-block-image size-full\"><img decoding=\"async\" src=\"https:\/\/www.grandepremio.com\/br\/wp-content\/uploads\/2023\/01\/imagem_2023-01-05_125425569.png\" alt=\"ANDRETTI, CADILLAC, F1\" class=\"wp-image-642951\"\/><figcaption class=\"wp-element-caption\">GM se uniu \u00e0 Andretti para ingressar no grid da F1 (Foto: Divulga\u00e7\u00e3o)<\/figcaption><\/figure>\n\n\n\n<p class=\"wp-block-paragraph\">Por\u00e9m, o portf\u00f3lio da TWG n\u00e3o se limita apenas \u00e0s corridas. A empresa tamb\u00e9m tem controle de outras equipes esportivas, como o <strong>Chelsea<\/strong>, no futebol, e o <strong>Los Angeles Dodgers<\/strong>, na <strong>MLB<\/strong> (liga de baseball), al\u00e9m de tamb\u00e9m ter a\u00e7\u00f5es no <strong>Los Angeles Lakers<\/strong>, da <strong>NBA<\/strong>.\u00a0<\/p>\n\n\n\n<p class=\"wp-block-paragraph\">A F\u00f3rmula 1, por outro lado, se aproxima do retorno das f\u00e9rias. A pr\u00f3xima atividade \u00e9 a sess\u00e3o \u00fanica de testes coletivos de pr\u00e9-temporada, marcada para os dias 26, 27 e 28 de fevereiro, no <strong>Bahrein<\/strong>. A temporada 2025 come\u00e7a com o <strong>GP da Austr\u00e1lia<\/strong>, nos dias 14-16 de mar\u00e7o.<\/p>\n\n\n\n<p class=\"wp-block-paragraph\"><strong>\u25b6\ufe0f\u00a0Inscreva-se nos dois canais do GRANDE PR\u00caMIO no YouTube:\u00a0<a href=\"https:\/\/www.youtube.com\/channel\/UC9OlHEgxoaY6QY6nWPoiqQg?sub_confirmation=1\" target=\"_blank\" rel=\"noreferrer noopener\">GP<\/a>\u00a0|\u00a0<a href=\"https:\/\/www.youtube.com\/channel\/UC9csiS6q_C3C0FYhyr1rnFA?sub_confirmation=1\" target=\"_blank\" rel=\"noreferrer noopener\">GP2<\/a><\/strong><\/p>\n\n\n\n<figure class=\"wp-block-embed is-type-video is-provider-youtube wp-block-embed-youtube wp-embed-aspect-16-9 wp-has-aspect-ratio\"><div class=\"wp-block-embed__wrapper\">\n<iframe loading=\"lazy\" title=\"SOBRE O NARRADOR DA F1 E ERIKA HILTON E A PR\u00c9VIA DA PR\u00c9-TEMPORADA NO BAHREIN | Paddock GP #405\" width=\"500\" height=\"281\" src=\"https:\/\/www.youtube.com\/embed\/sWnm_nOUjZg?feature=oembed\" frameborder=\"0\" allow=\"accelerometer; autoplay; clipboard-write; encrypted-media; gyroscope; picture-in-picture; web-share\" referrerpolicy=\"strict-origin-when-cross-origin\" allowfullscreen><\/iframe>\n<\/div><\/figure>\n","protected":false},"excerpt":{"rendered":"<p>A TWG Global, que assumiu o projeto da Cadillac na F1 ap\u00f3s rejei\u00e7\u00e3o inicial com a Andretti, criou uma divis\u00e3o de automobilismo, que tamb\u00e9m ficar\u00e1 respons\u00e1vel por equipes da Nascar, Indy e IMSA SportsCar<\/p>\n","protected":false},"author":0,"featured_media":1000875540,"comment_status":"closed","ping_status":"closed","sticky":false,"template":"","format":"standard","meta":{"42wp_featured_image_caption":"","42wp_featured_image_credits":"","42wp_featured_video":"","42wp_featured_image_hidden":false,"42wp_authors_list":[],"footnotes":""},"categories":[2],"tags":[417,27776,34186,27487,729,39086,41965,5660,8235,41950,969,41085,147,3630,29516,642,11958,160,41966,180,3628,30123,30124,1491,30103,28285,93,411],"42wp_author":[47162],"class_list":["post-30457","post","type-post","status-publish","format-standard","has-post-thumbnail","hentry","category-f1","tag-andretti","tag-assistir-f1-ao-vivo","tag-assistir-f1-gratis","tag-assistir-f1-online","tag-cadillac","tag-calendario-f1-2025","tag-calendario-f1-2025-horarios","tag-classificacao","tag-classificacao-da-f1","tag-classificacao-f1-2025","tag-corrida","tag-dan-towriss","tag-f1","tag-f1-2025","tag-f1-2026","tag-f1-ao-vivo","tag-f1-live","tag-f1-tv","tag-f1-tv-2025","tag-formula-1","tag-formula-1-2025","tag-general-motors","tag-gm","tag-grande-premio","tag-grande-premio-f1","tag-grandepremio","tag-indy","tag-nascar","42wp_author-giovani-danjo"],"_links":{"self":[{"href":"https:\/\/grandepremio.com\/br\/wp-json\/wp\/v2\/posts\/30457","targetHints":{"allow":["GET"]}}],"collection":[{"href":"https:\/\/grandepremio.com\/br\/wp-json\/wp\/v2\/posts"}],"about":[{"href":"https:\/\/grandepremio.com\/br\/wp-json\/wp\/v2\/types\/post"}],"replies":[{"embeddable":true,"href":"https:\/\/grandepremio.com\/br\/wp-json\/wp\/v2\/comments?post=30457"}],"version-history":[{"count":0,"href":"https:\/\/grandepremio.com\/br\/wp-json\/wp\/v2\/posts\/30457\/revisions"}],"wp:featuredmedia":[{"embeddable":true,"href":"https:\/\/grandepremio.com\/br\/wp-json\/wp\/v2\/media\/1000875540"}],"wp:attachment":[{"href":"https:\/\/grandepremio.com\/br\/wp-json\/wp\/v2\/media?parent=30457"}],"wp:term":[{"taxonomy":"category","embeddable":true,"href":"https:\/\/grandepremio.com\/br\/wp-json\/wp\/v2\/categories?post=30457"},{"taxonomy":"post_tag","embeddable":true,"href":"https:\/\/grandepremio.com\/br\/wp-json\/wp\/v2\/tags?post=30457"},{"taxonomy":"42wp_author","embeddable":true,"href":"https:\/\/grandepremio.com\/br\/wp-json\/wp\/v2\/42wp_author?post=30457"}],"curies":[{"name":"wp","href":"https:\/\/api.w.org\/{rel}","templated":true}]}}