{"id":30520,"date":"2025-02-25T11:17:02","date_gmt":"2025-02-25T14:17:02","guid":{"rendered":"https:\/\/grandepremio.com\/br\/noticias\/ferrari-escolhe-lewis-hamilton-abrir-testes-f1-bahrein-charles-leclerc-anda-tarde\/"},"modified":"2025-02-25T18:14:33","modified_gmt":"2025-02-25T21:14:33","slug":"ferrari-escolhe-lewis-hamilton-abrir-testes-f1-bahrein-charles-leclerc-anda-tarde","status":"publish","type":"post","link":"https:\/\/grandepremio.com\/br\/f1\/ferrari-escolhe-lewis-hamilton-abrir-testes-f1-bahrein-charles-leclerc-anda-tarde\/","title":{"rendered":"Ferrari escolhe Hamilton para abrir testes da F1 no Bahrein. Leclerc anda \u00e0 tarde"},"content":{"rendered":"\n<p class=\"wp-block-paragraph\">A <strong>Ferrari <\/strong>divulgou a programa\u00e7\u00e3o que vai adotar durante o primeiro dia de testes de pr\u00e9-temporada da <strong>F\u00f3rmula 1 <\/strong>no <strong>Bahrein<\/strong>, que tem in\u00edcio na pr\u00f3xima quarta-feira (26). A escuderia italiana confirmou que <strong>Lewis Hamilton<\/strong> vai iniciar as atividades na parte da manh\u00e3, enquanto <strong>Charles Leclerc<\/strong> assume a <strong>SF-25<\/strong> durante a tarde. A escala\u00e7\u00e3o dos outros dois dias ainda n\u00e3o foi divulgada.<\/p>\n\n\n\n<p class=\"wp-block-paragraph\">A <strong>Ferrari <\/strong>chega para 2025 como o centro das aten\u00e7\u00f5es da <strong>F1<\/strong>. Depois de se entender o regulamento e desenvolver um carro bom o suficiente para vencer cinco corridas em 2024, a equipe italiana chegou at\u00e9 o fim do \u00faltimo certame com chances reais de encerrar o jejum de t\u00edtulos no <strong>Mundial de Construtores<\/strong>. Por\u00e9m, no fim foi derrotada pela <strong>McLaren <\/strong>por 14 pontos.<\/p>\n\n\n\n<p class=\"wp-block-paragraph\">Para a nova temporada, no entanto, al\u00e9m da expectativa de o carro seguir competitivo, a <strong>Ferrari <\/strong>passa a contar com <strong>Hamilton<\/strong> ao lado de <strong>Leclerc<\/strong>, formando a dupla mais talentosa do grid. Isso, aliado ao fato de <strong>Lewis <\/strong>ser o piloto mais vitorioso da hist\u00f3ria do esporte, faz com que todas as aten\u00e7\u00f5es se voltem para o time de <strong>Maranello<\/strong>.<\/p>\n\n\n\n<p class=\"wp-block-paragraph\">Apesar de a pr\u00e9-temporada s\u00f3 ter in\u00edcio amanh\u00e3, tanto <strong>Hamilton<\/strong> quanto <strong>Leclerc <\/strong>j\u00e1 tiveram o primeiro contato com a <strong>Ferrari SF-25<\/strong>. No \u00faltimo dia 19, a dupla esteve na pista de fiorano para realizar o shakedown com o novo modelo. A atividade, vale lembrar, tem como objetivo verificar se todos os componentes do carro est\u00e3o funcionando corretamente.<\/p>\n\n\n\n<figure class=\"wp-block-video\"><video class=\"video-js vjs-big-play-centered\" data-gp-vjs=\"1\" controls src=\"https:\/\/www.grandepremio.com\/br\/wp-content\/uploads\/2025\/02\/Hamilton-pista-estreia-2025.mp4\"><\/video><figcaption class=\"wp-element-caption\">Hamilton estreia na pista com Ferrari SF-25 (V\u00eddeo: Auto Racer)<\/figcaption><\/figure>\n\n\n\n<p class=\"wp-block-paragraph\">A&nbsp;<a href=\"https:\/\/www.grandepremio.com\/br\/f1\/\" target=\"_blank\" rel=\"noreferrer noopener\"><\/a><a href=\"https:\/\/www.grandepremio.com\/br\/f1\/\" target=\"_blank\" rel=\"noreferrer noopener\">F\u00f3rmula 1<\/a>&nbsp;se aproxima do retorno das f\u00e9rias. A pr\u00f3xima atividade \u00e9 exatamente a sess\u00e3o \u00fanica de testes coletivos de pr\u00e9-temporada, marcada para os dias 26, 27 e 28 de fevereiro, no&nbsp;<strong>Bahrein<\/strong>. A temporada 2025 come\u00e7a com o&nbsp;<strong>GP da Austr\u00e1lia<\/strong>, nos dias 14-16 de mar\u00e7o.<\/p>\n\n\n\n<p class=\"wp-block-paragraph\">\u25b6\ufe0f&nbsp;<strong>Inscreva-se nos dois canais do GRANDE PR\u00caMIO no YouTube:&nbsp;<a href=\"https:\/\/www.youtube.com\/channel\/UC9OlHEgxoaY6QY6nWPoiqQg?sub_confirmation=1\" target=\"_blank\" rel=\"noreferrer noopener\">GP<\/a>&nbsp;|&nbsp;<a href=\"https:\/\/www.youtube.com\/channel\/UC9csiS6q_C3C0FYhyr1rnFA?sub_confirmation=1\" target=\"_blank\" rel=\"noreferrer noopener\">GP2<\/a><\/strong><\/p>\n\n\n\n<figure class=\"wp-block-embed is-type-video is-provider-youtube wp-block-embed-youtube wp-embed-aspect-16-9 wp-has-aspect-ratio\"><div class=\"wp-block-embed__wrapper\">\n<iframe loading=\"lazy\" title=\"SOBRE O NARRADOR DA F1 E ERIKA HILTON E A PR\u00c9VIA DA PR\u00c9-TEMPORADA NO BAHREIN | Paddock GP #405\" width=\"500\" height=\"281\" src=\"https:\/\/www.youtube.com\/embed\/sWnm_nOUjZg?feature=oembed\" frameborder=\"0\" allow=\"accelerometer; autoplay; clipboard-write; encrypted-media; gyroscope; picture-in-picture; web-share\" referrerpolicy=\"strict-origin-when-cross-origin\" allowfullscreen><\/iframe>\n<\/div><\/figure>\n","protected":false},"excerpt":{"rendered":"<p>Depois de realizar o shakedown, a Ferrari volta para a pista com a SF-25 na pr\u00e9-temporada da F1. Lewis Hamilton inicia os trabalhos do time no Bahrein<\/p>\n","protected":false},"author":0,"featured_media":1000929140,"comment_status":"closed","ping_status":"closed","sticky":false,"template":"","format":"standard","meta":{"42wp_featured_image_caption":"","42wp_featured_image_credits":"","42wp_featured_video":"","42wp_featured_image_hidden":false,"42wp_authors_list":[],"footnotes":""},"categories":[2],"tags":[209,3630,42744,3628,1491,28285,2810,1713,2780,87,27452,40900,42448],"42wp_author":[47149],"class_list":["post-30520","post","type-post","status-publish","format-standard","has-post-thumbnail","hentry","category-f1","tag-charles-leclerc","tag-f1-2025","tag-ferrari-sf-25","tag-formula-1-2025","tag-grande-premio","tag-grandepremio","tag-hamilton","tag-hamilton-na-ferrari","tag-leclerc","tag-lewis-hamilton","tag-pre-temporada-f1","tag-pre-temporada-f1-2025","tag-sf-25","42wp_author-bernardo-castro"],"_links":{"self":[{"href":"https:\/\/grandepremio.com\/br\/wp-json\/wp\/v2\/posts\/30520","targetHints":{"allow":["GET"]}}],"collection":[{"href":"https:\/\/grandepremio.com\/br\/wp-json\/wp\/v2\/posts"}],"about":[{"href":"https:\/\/grandepremio.com\/br\/wp-json\/wp\/v2\/types\/post"}],"replies":[{"embeddable":true,"href":"https:\/\/grandepremio.com\/br\/wp-json\/wp\/v2\/comments?post=30520"}],"version-history":[{"count":0,"href":"https:\/\/grandepremio.com\/br\/wp-json\/wp\/v2\/posts\/30520\/revisions"}],"wp:featuredmedia":[{"embeddable":true,"href":"https:\/\/grandepremio.com\/br\/wp-json\/wp\/v2\/media\/1000929140"}],"wp:attachment":[{"href":"https:\/\/grandepremio.com\/br\/wp-json\/wp\/v2\/media?parent=30520"}],"wp:term":[{"taxonomy":"category","embeddable":true,"href":"https:\/\/grandepremio.com\/br\/wp-json\/wp\/v2\/categories?post=30520"},{"taxonomy":"post_tag","embeddable":true,"href":"https:\/\/grandepremio.com\/br\/wp-json\/wp\/v2\/tags?post=30520"},{"taxonomy":"42wp_author","embeddable":true,"href":"https:\/\/grandepremio.com\/br\/wp-json\/wp\/v2\/42wp_author?post=30520"}],"curies":[{"name":"wp","href":"https:\/\/api.w.org\/{rel}","templated":true}]}}