{"id":30611,"date":"2025-02-25T06:45:00","date_gmt":"2025-02-25T09:45:00","guid":{"rendered":"https:\/\/grandepremio.com\/br\/noticias\/gabriel-bortoleto-afasta-briga-podios-define-meta-f1-2025-evoluir-carro-e-pilotagem\/"},"modified":"2025-02-25T08:11:58","modified_gmt":"2025-02-25T11:11:58","slug":"gabriel-bortoleto-afasta-briga-podios-define-meta-f1-2025-evoluir-carro-e-pilotagem","status":"publish","type":"post","link":"https:\/\/grandepremio.com\/br\/f1\/gabriel-bortoleto-afasta-briga-podios-define-meta-f1-2025-evoluir-carro-e-pilotagem\/","title":{"rendered":"Bortoleto afasta briga por p\u00f3dios e define meta na F1 2025: \u201cEvoluir carro e pilotagem\u201d"},"content":{"rendered":"\n<p class=\"wp-block-paragraph\">A estreia de <strong>Gabriel Bortoleto<\/strong> como piloto da <strong>Sauber <\/strong>na <strong>F\u00f3rmula 1<\/strong> <a href=\"https:\/\/www.grandepremio.com\/br\/f1\/noticias\/gabriel-bortoleto-prega-trabalho-duro-estar-nivel-f1-garante-apenas-comeco\/\">est\u00e1 cada vez mais pr\u00f3xima<\/a>. Sabendo disso, o jovem brasileiro j\u00e1 definiu as metas para a temporada de novato na categoria e afirmou que gostaria de evoluir o carro e a si mesmo neste primeiro ano. Apesar de reconhecer que seria bom brigar na frente do pelot\u00e3o, entende que essa realidade ainda est\u00e1 distante.\u00a0<\/p>\n\n\n\n<p class=\"wp-block-paragraph\">Bortoleto tamb\u00e9m falou em entrevista ao portal <em>GrandPrix247 <\/em>que n\u00e3o sabe ao certo o qu\u00e3o bem as demais equipes evolu\u00edram entre 2024 e 2025, ent\u00e3o seria dif\u00edcil estabelecer um resultado como meta. Com isso, garantiu que est\u00e1 focado em evoluir tanto o carro quanto o pr\u00f3prio estilo de pilotagem.&nbsp;<\/p>\n\n\n\n<p class=\"wp-block-paragraph\">Fato \u00e9 que Bortoleto j\u00e1 chega com expectativas altas, mesmo no pior carro de grid do ano passado. Em 2023, venceu o t\u00edtulo da <strong>F3 <\/strong>como calouro e repetiu o feito no ano seguinte, na <strong>F2<\/strong>.&nbsp;<\/p>\n\n\n\n<p class=\"wp-block-paragraph\">\u201cObviamente, \u00e9 a minha temporada de estreia, e h\u00e1 tanto desenvolvimento acontecendo na F\u00f3rmula 1, tanto no inverno quanto ao longo da temporada\u201d, iniciou Bortoleto. \u201cNunca se sabe realmente qu\u00e3o bons os outros times ser\u00e3o, ent\u00e3o \u00e9 dif\u00edcil estabelecer um resultado espec\u00edfico como meta. Claro, adoraria estar lutando com os caras na frente, mas sabemos o qu\u00e3o dif\u00edcil \u00e9 ganhar corridas ou alcan\u00e7ar p\u00f3dios. Agora, provavelmente, isso n\u00e3o \u00e9 uma expectativa realista\u201d, continuou.<\/p>\n\n\n\n<figure class=\"wp-block-image size-full\"><img decoding=\"async\" src=\"https:\/\/www.grandepremio.com\/br\/wp-content\/uploads\/2025\/02\/Alonso-2020-1.jpg\" alt=\"\" class=\"wp-image-925528\"\/><figcaption class=\"wp-element-caption\">Gabriel Bortoleto estreia pela Sauber na temporada 2025 da F1 (Foto: Sauber)<\/figcaption><\/figure>\n\n\n\n<p class=\"wp-block-paragraph\">\u201cVou dar meu melhor para evoluir tanto o carro quanto a mim mesmo. Trabalho muito para alcan\u00e7ar os objetivos e tudo o que quero conquistar. Dou tudo o que tenho, porque correr \u00e9 minha vida. Honestamente, \u00e9 tudo o que penso, nunca h\u00e1 realmente uma pausa. Mesmo nas f\u00e9rias, meu foco ainda est\u00e1 nas corridas e em melhorar minha pilotagem\u201d, garantiu.\u00a0<\/p>\n\n\n\n<p class=\"wp-block-paragraph\">Entrando em maiores detalhes sobre esse foco nas pistas e a ambi\u00e7\u00e3o por sempre estar evoluindo como piloto, Bortoleto garantiu que sempre tenta \u201cdar o melhor todo dia\u201d e que est\u00e1 no processo de se adaptar \u00e0 F\u00f3rmula 1.&nbsp;<\/p>\n\n\n\n<p class=\"wp-block-paragraph\">\u201cEu diria que sou uma pessoa muito dedicada, sempre for\u00e7ando para fazer mais. Mas, ao mesmo tempo, n\u00e3o sou complicado. Sou simples. S\u00f3 tento fazer o meu melhor todo dia. Apenas entro no carro e tento me adaptar ao mundo da F\u00f3rmula 1, fazendo o melhor que posso\u201d, afirmou.&nbsp;<\/p>\n\n\n\n<p class=\"wp-block-paragraph\">\u201cNa F2 e F3, me concentrei em aprender o m\u00e1ximo poss\u00edvel sobre o carro, novas t\u00e9cnicas e qualquer coisa que pudesse me ajudar na F1. Mas minha mentalidade sempre foi focada no presente. Quando estava na F3, meu \u00fanico foco era a F3. Depois, na F2, era tudo sobre a F2. Acredito que, se come\u00e7ar a pensar muito \u00e0 frente, perde o foco no que est\u00e1 fazendo. Ao longo dos anos, a prepara\u00e7\u00e3o se tornou algo que veio naturalmente. Agora, veremos durante a temporada se todo esse trabalho dar\u00e1 resultado\u201d, encerrou o brasileiro.<\/p>\n\n\n\n<p class=\"wp-block-paragraph\">A F\u00f3rmula 1 se aproxima do retorno das f\u00e9rias. A pr\u00f3xima atividade \u00e9 exatamente a sess\u00e3o \u00fanica de testes coletivos de pr\u00e9-temporada, marcada para os dias 26, 27 e 28 de fevereiro, no <strong>Bahrein<\/strong>. A temporada 2025 come\u00e7a com o <strong>GP da Austr\u00e1lia<\/strong>, nos dias 14-16 de mar\u00e7o.<\/p>\n\n\n\n<p class=\"wp-block-paragraph\">\u25b6\ufe0f\u00a0<strong>Inscreva-se nos dois canais do GRANDE PR\u00caMIO no YouTube:\u00a0<a href=\"https:\/\/www.youtube.com\/channel\/UC9OlHEgxoaY6QY6nWPoiqQg?sub_confirmation=1\" target=\"_blank\" rel=\"noreferrer noopener\">GP<\/a>\u00a0|\u00a0<a href=\"https:\/\/www.youtube.com\/channel\/UC9csiS6q_C3C0FYhyr1rnFA?sub_confirmation=1\" target=\"_blank\" rel=\"noreferrer noopener\">GP2<\/a><\/strong><br>\u25b6\ufe0f\u00a0<strong>LEIA TAMB\u00c9M:\u00a0<a href=\"https:\/\/www.grandepremio.com\/br\/gptv\/noticias\/gptv-alcanca-2-milhoes-espectadores-prepara-novos-formatos-exibicao\/\">GPTV alcan\u00e7a 2 milh\u00f5es de espectadores e prepara novos formatos de exibi\u00e7\u00e3o<\/a><\/strong><\/p>\n\n\n\n<figure class=\"wp-block-embed is-type-video is-provider-youtube wp-block-embed-youtube wp-embed-aspect-16-9 wp-has-aspect-ratio\"><div class=\"wp-block-embed__wrapper\">\n<iframe loading=\"lazy\" title=\"RED BULL PRECISA \u2018VENCER E CONVENCER\u2019 NA F1 2025 PARA SEGURAR VERSTAPPEN\" width=\"500\" height=\"281\" src=\"https:\/\/www.youtube.com\/embed\/u_jxy0qJrr8?start=2&amp;feature=oembed\" frameborder=\"0\" allow=\"accelerometer; autoplay; clipboard-write; encrypted-media; gyroscope; picture-in-picture; web-share\" referrerpolicy=\"strict-origin-when-cross-origin\" allowfullscreen><\/iframe>\n<\/div><\/figure>\n","protected":false},"excerpt":{"rendered":"<p>Gabriel Bortoleto definiu as metas para a primeira temporada na F\u00f3rmula 1, mas manteve os p\u00e9s no ch\u00e3o e negou que estar\u00e1 brigando por vit\u00f3rias e p\u00f3dios<\/p>\n","protected":false},"author":0,"featured_media":1000908622,"comment_status":"closed","ping_status":"closed","sticky":false,"template":"","format":"standard","meta":{"42wp_featured_image_caption":"","42wp_featured_image_credits":"","42wp_featured_video":"","42wp_featured_image_hidden":false,"42wp_authors_list":[],"footnotes":""},"categories":[2],"tags":[5660,969,147,3630,642,160,111,1008,180,3628,350,1491,30103,28285,1521,1197],"42wp_author":[47162],"class_list":["post-30611","post","type-post","status-publish","format-standard","has-post-thumbnail","hentry","category-f1","tag-classificacao","tag-corrida","tag-f1","tag-f1-2025","tag-f1-ao-vivo","tag-f1-tv","tag-f2","tag-f3","tag-formula-1","tag-formula-1-2025","tag-gabriel-bortoleto","tag-grande-premio","tag-grande-premio-f1","tag-grandepremio","tag-nico-hulkenberg","tag-sauber","42wp_author-giovani-danjo"],"_links":{"self":[{"href":"https:\/\/grandepremio.com\/br\/wp-json\/wp\/v2\/posts\/30611","targetHints":{"allow":["GET"]}}],"collection":[{"href":"https:\/\/grandepremio.com\/br\/wp-json\/wp\/v2\/posts"}],"about":[{"href":"https:\/\/grandepremio.com\/br\/wp-json\/wp\/v2\/types\/post"}],"replies":[{"embeddable":true,"href":"https:\/\/grandepremio.com\/br\/wp-json\/wp\/v2\/comments?post=30611"}],"version-history":[{"count":0,"href":"https:\/\/grandepremio.com\/br\/wp-json\/wp\/v2\/posts\/30611\/revisions"}],"wp:featuredmedia":[{"embeddable":true,"href":"https:\/\/grandepremio.com\/br\/wp-json\/wp\/v2\/media\/1000908622"}],"wp:attachment":[{"href":"https:\/\/grandepremio.com\/br\/wp-json\/wp\/v2\/media?parent=30611"}],"wp:term":[{"taxonomy":"category","embeddable":true,"href":"https:\/\/grandepremio.com\/br\/wp-json\/wp\/v2\/categories?post=30611"},{"taxonomy":"post_tag","embeddable":true,"href":"https:\/\/grandepremio.com\/br\/wp-json\/wp\/v2\/tags?post=30611"},{"taxonomy":"42wp_author","embeddable":true,"href":"https:\/\/grandepremio.com\/br\/wp-json\/wp\/v2\/42wp_author?post=30611"}],"curies":[{"name":"wp","href":"https:\/\/api.w.org\/{rel}","templated":true}]}}