{"id":30915,"date":"2025-02-24T08:11:57","date_gmt":"2025-02-24T11:11:57","guid":{"rendered":"https:\/\/grandepremio.com\/br\/noticias\/haas-define-escalacao-abre-pre-temporada-f1-2025-oliver-bearman-bahrein\/"},"modified":"2025-02-24T12:35:01","modified_gmt":"2025-02-24T15:35:01","slug":"haas-define-escalacao-abre-pre-temporada-f1-2025-oliver-bearman-bahrein","status":"publish","type":"post","link":"https:\/\/grandepremio.com\/br\/f1\/haas-define-escalacao-abre-pre-temporada-f1-2025-oliver-bearman-bahrein\/","title":{"rendered":"Haas define escala\u00e7\u00e3o e abre pr\u00e9-temporada da F1 2025 com Bearman no Bahrein"},"content":{"rendered":"\n<p class=\"wp-block-paragraph\">A <strong>Haas<\/strong> j\u00e1 definiu a escala\u00e7\u00e3o dos pilotos para realizar os testes de pr\u00e9-temporada da <strong>F\u00f3rmula 1<\/strong> no <strong>Bahrein <\/strong>entre os dias 26 e 28 de fevereiro. Com apenas um carro indo para a pista por vez, a equipe liderada por <strong>Ayao Komatsu<\/strong> vai alternar entre<strong> Oliver Bearman<\/strong> e <strong>Esteban Ocon<\/strong> entre os turnos da manh\u00e3 e da tarde, mas \u00e9 o novato brit\u00e2nico quem vai iniciar os trabalhos.<\/p>\n\n\n\n<p class=\"wp-block-paragraph\">Depois de evoluir de forma satisfat\u00f3ria para conseguir o s\u00e9timo lugar no <strong>Mundial de Construtores<\/strong> de 2024, a <strong>Haas <\/strong>promoveu uma grande mudan\u00e7a no quadro de pilotos. Com a dispensa de <strong>Kevin Magnussen<\/strong> e <strong>Nico H\u00fclkenberg<\/strong> se mudando para a <strong>Sauber<\/strong>, o time americano contratou <strong>Bearman<\/strong>, jovem piloto da academia da <strong>Ferrari<\/strong>, e <strong>Ocon<\/strong>, que deixou a <strong>Alpine<\/strong>.<\/p>\n\n\n\n<p class=\"wp-block-paragraph\">E a <strong>Haas <\/strong>j\u00e1 definiu como vai trabalhar com os novos pilotos durante a pr\u00e9-temporada no <strong>Bahrein<\/strong>. Na quarta-feira (26), <strong>Bearman <\/strong>assume o controle do <strong>VF-25 <\/strong>na parte da manh\u00e3, enquanto <strong>Ocon <\/strong>guia durante a tarde. Na quinta-feira (27), as posi\u00e7\u00f5es se invertem, com <strong>Esteban <\/strong>trabalhando na primeira metade do dia e <strong>Oliver <\/strong>entrando no carro durante a tarde. Na sexta-feira (28), a esquadra americana repete o cronograma de quarta-feira.<\/p>\n\n\n\n<p class=\"wp-block-paragraph\">O VF-25 foi visto pela primeira vez durante o shakedown realizado em <strong>Silverstone <\/strong>com <strong>Ocon <\/strong>no volante do carro. A atividade aconteceu poucos dias antes do evento de 75 anos da F\u00f3rmula 1, em que todas as equipes apresentaram oficialmente a pintura para a temporada 2025. E ainda que a disposi\u00e7\u00e3o das cores seja um pouco diferente em rela\u00e7\u00e3o ao ano passado, a Haas optou por manter o tradicional preto e branco.<\/p>\n\n\n\n<figure class=\"wp-block-video\"><video class=\"video-js vjs-big-play-centered\" data-gp-vjs=\"1\" controls poster=\"https:\/\/www.grandepremio.com\/br\/cdn-cgi\/image\/width=1200,height=675,fit=contain,gravity=0.5x0.5,quality=75,format=webp\/wp-content\/uploads\/2025\/02\/Esteban-Ocon-Haas-VF-25-F1-2025-shakedown-Silverstone-Video-Reproducao-poster.jpeg\" src=\"https:\/\/www.grandepremio.com\/br\/wp-content\/uploads\/2025\/02\/Esteban-Ocon-Haas-VF-25-F1-2025-shakedown-Silverstone-Video-Reproducao.mp4\"><\/video><figcaption class=\"wp-element-caption\">Esteban Ocon andou com o novo carro da Haas em Silverstone (V\u00eddeo: Reprodu\u00e7\u00e3o)<\/figcaption><\/figure>\n\n\n\n<p class=\"wp-block-paragraph\">A\u00a0<a href=\"https:\/\/www.grandepremio.com\/br\/f1\/\" target=\"_blank\" rel=\"noreferrer noopener\"><\/a><strong><a href=\"https:\/\/www.grandepremio.com\/br\/f1\/\" target=\"_blank\" rel=\"noreferrer noopener\">F\u00f3rmula 1<\/a><\/strong>\u00a0se aproxima da volta \u00e0s pistas. A pr\u00f3xima atividade \u00e9 exatamente a sess\u00e3o \u00fanica de testes coletivos de pr\u00e9-temporada. A temporada 2025 come\u00e7a com o <strong>GP da Austr\u00e1li<\/strong>a, nos dias 14-16 de mar\u00e7o.<\/p>\n\n\n\n<p class=\"wp-block-paragraph\">\u25b6\ufe0f\u00a0<strong>Inscreva-se nos dois canais do GRANDE PR\u00caMIO no YouTube:\u00a0<a href=\"https:\/\/www.youtube.com\/channel\/UC9OlHEgxoaY6QY6nWPoiqQg?sub_confirmation=1\" target=\"_blank\" rel=\"noreferrer noopener\">GP<\/a>\u00a0|\u00a0<a href=\"https:\/\/www.youtube.com\/channel\/UC9csiS6q_C3C0FYhyr1rnFA?sub_confirmation=1\" target=\"_blank\" rel=\"noreferrer noopener\">GP2<\/a><\/strong><br>\u25b6\ufe0f\u00a0<strong><strong>LEIA TAMB\u00c9M:\u00a0<a href=\"https:\/\/www.grandepremio.com\/br\/gptv\/noticias\/gptv-alcanca-2-milhoes-espectadores-prepara-novos-formatos-exibicao\/\">GPTV alcan\u00e7a 2 milh\u00f5es de espectadores e prepara novos formatos de exibi\u00e7\u00e3o<\/a><\/strong><\/strong><\/p>\n\n\n\n<figure class=\"wp-block-embed is-type-video is-provider-youtube wp-block-embed-youtube wp-embed-aspect-16-9 wp-has-aspect-ratio\"><div class=\"wp-block-embed__wrapper\">\n<iframe loading=\"lazy\" title=\"HAMILTON x NEWEY: QUEM TEM MAIS IMPACTO NA F1 2025? | Paddock Sprint\" width=\"500\" height=\"281\" src=\"https:\/\/www.youtube.com\/embed\/GvPCiEOLXnI?feature=oembed\" frameborder=\"0\" allow=\"accelerometer; autoplay; clipboard-write; encrypted-media; gyroscope; picture-in-picture; web-share\" referrerpolicy=\"strict-origin-when-cross-origin\" allowfullscreen><\/iframe>\n<\/div><\/figure>\n","protected":false},"excerpt":{"rendered":"<p>Oliver Bearman vai iniciar os trabalhos da Haas na pr\u00e9-temporada da F1, mas Esteban Ocon tamb\u00e9m vai estar no carro no primeiro dia no Bahrein. Confira o cronograma<\/p>\n","protected":false},"author":0,"featured_media":1000929009,"comment_status":"closed","ping_status":"closed","sticky":false,"template":"","format":"standard","meta":{"42wp_featured_image_caption":"","42wp_featured_image_credits":"","42wp_featured_video":"","42wp_featured_image_hidden":false,"42wp_authors_list":[],"footnotes":""},"categories":[2],"tags":[7499,302,147,3630,1491,28285,119,14495,37485,38181,12829,39129,40982,29923,2717,27452],"42wp_author":[47149],"class_list":["post-30915","post","type-post","status-publish","format-standard","has-post-thumbnail","hentry","category-f1","tag-ayao-komatsu","tag-esteban-ocon","tag-f1","tag-f1-2025","tag-grande-premio","tag-grandepremio","tag-haas","tag-haas-f1","tag-haas-formula-1","tag-komatsu","tag-ocon","tag-ocon-f1","tag-ocon-formula-1","tag-oliver-bearman","tag-pre-temporada","tag-pre-temporada-f1","42wp_author-bernardo-castro"],"_links":{"self":[{"href":"https:\/\/grandepremio.com\/br\/wp-json\/wp\/v2\/posts\/30915","targetHints":{"allow":["GET"]}}],"collection":[{"href":"https:\/\/grandepremio.com\/br\/wp-json\/wp\/v2\/posts"}],"about":[{"href":"https:\/\/grandepremio.com\/br\/wp-json\/wp\/v2\/types\/post"}],"replies":[{"embeddable":true,"href":"https:\/\/grandepremio.com\/br\/wp-json\/wp\/v2\/comments?post=30915"}],"version-history":[{"count":0,"href":"https:\/\/grandepremio.com\/br\/wp-json\/wp\/v2\/posts\/30915\/revisions"}],"wp:featuredmedia":[{"embeddable":true,"href":"https:\/\/grandepremio.com\/br\/wp-json\/wp\/v2\/media\/1000929009"}],"wp:attachment":[{"href":"https:\/\/grandepremio.com\/br\/wp-json\/wp\/v2\/media?parent=30915"}],"wp:term":[{"taxonomy":"category","embeddable":true,"href":"https:\/\/grandepremio.com\/br\/wp-json\/wp\/v2\/categories?post=30915"},{"taxonomy":"post_tag","embeddable":true,"href":"https:\/\/grandepremio.com\/br\/wp-json\/wp\/v2\/tags?post=30915"},{"taxonomy":"42wp_author","embeddable":true,"href":"https:\/\/grandepremio.com\/br\/wp-json\/wp\/v2\/42wp_author?post=30915"}],"curies":[{"name":"wp","href":"https:\/\/api.w.org\/{rel}","templated":true}]}}