{"id":31017,"date":"2025-02-23T14:43:37","date_gmt":"2025-02-23T17:43:37","guid":{"rendered":"https:\/\/grandepremio.com\/br\/noticias\/aston-martin-projeta-amr25-mais-facil-pilotar-meio-grid-muito-proximo-f1\/"},"modified":"2025-02-23T15:08:02","modified_gmt":"2025-02-23T18:08:02","slug":"aston-martin-projeta-amr25-mais-facil-pilotar-meio-grid-muito-proximo-f1","status":"publish","type":"post","link":"https:\/\/grandepremio.com\/br\/f1\/aston-martin-projeta-amr25-mais-facil-pilotar-meio-grid-muito-proximo-f1\/","title":{"rendered":"Aston Martin projeta AMR25 \u201cmais f\u00e1cil de pilotar\u201d em meio a \u201cgrid muito pr\u00f3ximo\u201d da F1"},"content":{"rendered":"\n<p class=\"wp-block-paragraph\">Neste domingo (23), a <strong>Aston Martin<\/strong> <a href=\"https:\/\/www.grandepremio.com\/br\/f1\/noticias\/aston-martin-completa-lancamento-amr25-promessa-estabilidade-f1-2025\/\">revelou as primeiras imagens oficiais<\/a> do <strong>AMR25<\/strong>, carro da temporada 2025 da <strong>F\u00f3rmula 1<\/strong>, ap\u00f3s o lan\u00e7amento da pintura no <strong>F175 Live<\/strong> na \u00faltima semana. <strong>Andy Cowell<\/strong>, chefe da equipe inglesa, afirmou na divulga\u00e7\u00e3o do novo b\u00f3lido que espera ver um carro \u201cmais control\u00e1vel e f\u00e1cil de pilotar&#8221;, al\u00e9m de refor\u00e7ar que est\u00e1 ansioso pelos primeiros testes.\u00a0<\/p>\n\n\n\n<p class=\"wp-block-paragraph\">Cowell, que vai entrar no primeiro ano completo como chefe da equipe depois de assumir o posto deixado por <strong>Mike Krack<\/strong> no meio de 2024, disse que o AMR25 foi feito levando em considera\u00e7\u00e3o \u201cli\u00e7\u00f5es e feedbacks\u201d coletados ao longo da temporada passada.&nbsp;<\/p>\n\n\n\n<p class=\"wp-block-paragraph\">Com isso, espera evoluir dentro da parte de cima do pelot\u00e3o e sobreviver em meio a um grid que Cowell espera estar \u201cpr\u00f3ximo e competitivo desde o in\u00edcio\u201d. Mesmo com um ano inteiro ainda pela frente, o dirigente tamb\u00e9m apontou para a mudan\u00e7a de regulamento em 2026 e refor\u00e7ou a import\u00e2ncia de \u201cmelhorar continuamente\u201d rumo ao ano seguinte.&nbsp;<\/p>\n\n\n\n<p class=\"wp-block-paragraph\">&#8220;Estou animado para come\u00e7ar esta temporada e ver o AMR25 indo \u00e0 pista amanh\u00e3, no <strong>Bahrein<\/strong>\u201d, destacou Cowell. \u201c\u00c9 o culminar de um trabalho \u00e1rduo e uma dedica\u00e7\u00e3o tremenda no AMR Technology Campus. Todos somos inspirados pelo DNA da Aston Martin e temos uma busca incans\u00e1vel pela excel\u00eancia, tanto dentro quanto fora da pista&#8221;, continuou.\u00a0<\/p>\n\n\n\n<figure class=\"wp-block-video\"><video class=\"video-js vjs-big-play-centered\" data-gp-vjs=\"1\" controls src=\"https:\/\/www.grandepremio.com\/br\/wp-content\/uploads\/2025\/02\/ssstwitter.com_1740330044625.mp4\"><\/video><figcaption class=\"wp-element-caption\">O lan\u00e7amento do AMR25 da Aston Martin (V\u00eddeo: Reprodu\u00e7\u00e3o \/ Aston Martin)<\/figcaption><\/figure>\n\n\n\n<p class=\"wp-block-paragraph\">&#8220;Para o carro deste ano, realmente levamos em considera\u00e7\u00e3o as li\u00e7\u00f5es e o feedback da temporada passada. Focamos em criar um carro mais f\u00e1cil de pilotar para Lance e Fernando e nos esfor\u00e7amos muito para torn\u00e1-lo mais control\u00e1vel. Esperamos que seja um grid muito pr\u00f3ximo e competitivo desde o in\u00edcio, na <strong>Austr\u00e1lia<\/strong>, ent\u00e3o sabemos que n\u00e3o ser\u00e1 f\u00e1cil\u201d, analisou.&nbsp;<\/p>\n\n\n\n<p class=\"wp-block-paragraph\">Em 2024, a Aston Martin viveu um ano de baixa em compara\u00e7\u00e3o com 2023, quando subiu ao p\u00f3dio em oito ocasi\u00f5es. Apesar de ter mantido a quinta coloca\u00e7\u00e3o do <strong>Mundial de Construtores<\/strong>, a equipe n\u00e3o conseguiu ficar no top-3 em nenhuma prova do ano.&nbsp;<\/p>\n\n\n\n<p class=\"wp-block-paragraph\">\u201cNossos objetivos s\u00e3o realistas, com uma vis\u00e3o de como podemos melhorar continuamente em todas as \u00e1reas, especialmente \u00e0 medida que, assim como todas as equipes, aproximamo-nos de uma mudan\u00e7a vital no regulamento em 2026&#8243;, concluiu Cowell.\u00a0<\/p>\n\n\n\n<p class=\"wp-block-paragraph\">A F\u00f3rmula 1 se aproxima do retorno das f\u00e9rias. A pr\u00f3xima atividade \u00e9 exatamente a sess\u00e3o \u00fanica de testes coletivos de pr\u00e9-temporada, marcada para os dias 26, 27 e 28 de fevereiro, no <strong>Bahrein<\/strong>. A temporada 2025 come\u00e7a com o <strong>GP da Austr\u00e1lia<\/strong>, nos dias 14-16 de mar\u00e7o.<\/p>\n\n\n\n<p class=\"wp-block-paragraph\">\u25b6\ufe0f\u00a0<strong>Inscreva-se nos dois canais do GRANDE PR\u00caMIO no YouTube:\u00a0<a href=\"https:\/\/www.youtube.com\/channel\/UC9OlHEgxoaY6QY6nWPoiqQg?sub_confirmation=1\" target=\"_blank\" rel=\"noreferrer noopener\">GP<\/a>\u00a0|\u00a0<a href=\"https:\/\/www.youtube.com\/channel\/UC9csiS6q_C3C0FYhyr1rnFA?sub_confirmation=1\" target=\"_blank\" rel=\"noreferrer noopener\">GP2<\/a><\/strong><br>\u25b6\ufe0f\u00a0<strong>LEIA TAMB\u00c9M:\u00a0<a href=\"https:\/\/www.grandepremio.com\/br\/gptv\/noticias\/grande-premio-chega-a-tv-apos-inovar-com-programas-que-viraram-referencia\/\">GRANDE PR\u00caMIO chega \u00e0 TV ap\u00f3s inovar com programas que viraram refer\u00eancia<\/a><\/strong><\/p>\n\n\n\n<figure class=\"wp-block-embed is-type-video is-provider-youtube wp-block-embed-youtube wp-embed-aspect-16-9 wp-has-aspect-ratio\"><div class=\"wp-block-embed__wrapper\">\n<iframe loading=\"lazy\" title=\"F1 LAN\u00c7A TEMPORADA 2025. ACOMPANHE TUDO SOBRE O SHOW | [REACT]\" width=\"500\" height=\"281\" src=\"https:\/\/www.youtube.com\/embed\/Iz0ve2teKnc?feature=oembed\" frameborder=\"0\" allow=\"accelerometer; autoplay; clipboard-write; encrypted-media; gyroscope; picture-in-picture; web-share\" referrerpolicy=\"strict-origin-when-cross-origin\" allowfullscreen><\/iframe>\n<\/div><\/figure>\n","protected":false},"excerpt":{"rendered":"<p>Andy Cowell, chefe da Aston Martin, espera que o AMR25 seja um carro mais control\u00e1vel e f\u00e1cil de pilotar para Lance Stroll e Fernando Alonso<\/p>\n","protected":false},"author":0,"featured_media":0,"comment_status":"closed","ping_status":"closed","sticky":false,"template":"","format":"standard","meta":{"42wp_featured_image_caption":"","42wp_featured_image_credits":"","42wp_featured_video":"","42wp_featured_image_hidden":false,"42wp_authors_list":[],"footnotes":""},"categories":[2],"tags":[42606,303,309,5660,969,147,3630,29516,642,160,176,180,3628,1491,30103,28285,27201,485],"42wp_author":[47162],"class_list":["post-31017","post","type-post","status-publish","format-standard","hentry","category-f1","tag-amr25","tag-andy-cowell","tag-aston-martin","tag-classificacao","tag-corrida","tag-f1","tag-f1-2025","tag-f1-2026","tag-f1-ao-vivo","tag-f1-tv","tag-fernando-alonso","tag-formula-1","tag-formula-1-2025","tag-grande-premio","tag-grande-premio-f1","tag-grandepremio","tag-lancamento","tag-lance-stroll","42wp_author-giovani-danjo"],"_links":{"self":[{"href":"https:\/\/grandepremio.com\/br\/wp-json\/wp\/v2\/posts\/31017","targetHints":{"allow":["GET"]}}],"collection":[{"href":"https:\/\/grandepremio.com\/br\/wp-json\/wp\/v2\/posts"}],"about":[{"href":"https:\/\/grandepremio.com\/br\/wp-json\/wp\/v2\/types\/post"}],"replies":[{"embeddable":true,"href":"https:\/\/grandepremio.com\/br\/wp-json\/wp\/v2\/comments?post=31017"}],"version-history":[{"count":0,"href":"https:\/\/grandepremio.com\/br\/wp-json\/wp\/v2\/posts\/31017\/revisions"}],"wp:attachment":[{"href":"https:\/\/grandepremio.com\/br\/wp-json\/wp\/v2\/media?parent=31017"}],"wp:term":[{"taxonomy":"category","embeddable":true,"href":"https:\/\/grandepremio.com\/br\/wp-json\/wp\/v2\/categories?post=31017"},{"taxonomy":"post_tag","embeddable":true,"href":"https:\/\/grandepremio.com\/br\/wp-json\/wp\/v2\/tags?post=31017"},{"taxonomy":"42wp_author","embeddable":true,"href":"https:\/\/grandepremio.com\/br\/wp-json\/wp\/v2\/42wp_author?post=31017"}],"curies":[{"name":"wp","href":"https:\/\/api.w.org\/{rel}","templated":true}]}}