{"id":31032,"date":"2025-02-23T14:38:21","date_gmt":"2025-02-23T17:38:21","guid":{"rendered":"https:\/\/grandepremio.com\/br\/noticias\/fernando-alonso-destaca-trabalho-duro-se-diz-animado-para-ajudar-aston-martin-2025\/"},"modified":"2025-02-23T14:55:07","modified_gmt":"2025-02-23T17:55:07","slug":"fernando-alonso-destaca-trabalho-duro-se-diz-animado-para-ajudar-aston-martin-2025","status":"publish","type":"post","link":"https:\/\/grandepremio.com\/br\/f1\/fernando-alonso-destaca-trabalho-duro-se-diz-animado-para-ajudar-aston-martin-2025\/","title":{"rendered":"Alonso destaca &#8220;trabalho duro&#8221; e se diz &#8220;animado para ajudar&#8221; Aston Martin em 2025"},"content":{"rendered":"\n<p class=\"wp-block-paragraph\">Ap\u00f3s a participa\u00e7\u00e3o no <strong>F1 75<\/strong>, evento em que as equipes apresentaram as pinturas dos respectivos carros para a temporada 2025 da <strong>F\u00f3rmula 1<\/strong>, a <strong>Aston Martin<\/strong> divulgou um v\u00eddeo, <a href=\"https:\/\/www.grandepremio.com\/br\/f1\/noticias\/aston-martin-completa-lancamento-amr25-promessa-estabilidade-f1-2025\/\">neste domingo (23)<\/a>, mostrando as reais curvas do <strong>AMR25<\/strong>. Embora saiba que a competitividade no campeonato vai ser grande, <strong>Fernando Alonso<\/strong> mostrou confian\u00e7a no \u00e1rduo trabalho empreendido por todos no time esmeraldino.<\/p>\n\n\n\n<p class=\"wp-block-paragraph\">A escuderia liderada por\u00a0<strong>Lawrence Stroll<\/strong>\u00a0n\u00e3o tem medido esfor\u00e7os para criar uma base forte na busca pelo sucesso. Al\u00e9m da\u00a0<a href=\"https:\/\/www.grandepremio.com\/br\/f1\/noticias\/aston-martin-inaugura-fabrica-silverstone-demonstracao-lance-stroll\/#:~:text=A%20sede%20do%20time%20tem,da%20original%20Jordan%2C%20em%201991.\">f\u00e1brica de \u00faltima gera\u00e7\u00e3o inaugurada em 2023<\/a>, em Silverstone, e do\u00a0<a href=\"https:\/\/www.grandepremio.com\/br\/f1\/noticias\/aston-martin-comemora-maior-flexibilidade-para-testes-novo-tunel-vento-formula-1\/?utm_campaign=grandepremio.com\/br_internal&amp;utm_content=1239459636&amp;utm_medium=internal&amp;utm_source=grandepremio.com\/br_internal&amp;utm_term=1611850\">pr\u00f3prio t\u00fanel de vento<\/a>, os verdinhos tamb\u00e9m investiram pesado na reformula\u00e7\u00e3o do corpo t\u00e9cnico,\u00a0<a href=\"https:\/\/www.grandepremio.com\/br\/f1\/noticias\/aston-martin-encerra-novela-anuncia-adrian-newey-busca-proximo-passo-f1\/\">atraindo principalmente<\/a>\u00a0<strong>Adrian Newey<\/strong>, que saiu da\u00a0<strong>Red Bull<\/strong>\u00a0depois de 20 anos.<\/p>\n\n\n\n<p class=\"wp-block-paragraph\">&#8220;Aprendemos muito em 2024, e a equipe tem usado isso como for\u00e7a motivadora enquanto seguimos para esta temporada com o AMR25. A competi\u00e7\u00e3o vai ser muito acirrada neste \u00faltimo ano do regulamento atual, mas sei que a equipe tem trabalhado duro na f\u00e1brica para garantir que estamos prontos&#8221;, disse Alonso.<\/p>\n\n\n\n<p class=\"wp-block-paragraph\">&#8220;Estou animado para voltar \u00e0 pista. Estou pronto para ajudar essa equipe a se tornar mais forte e continuar essa jornada com a Aston Martin&#8221;, encerrou o espanhol.<\/p>\n\n\n\n<figure class=\"wp-block-video\"><video class=\"video-js vjs-big-play-centered\" data-gp-vjs=\"1\" controls src=\"https:\/\/www.grandepremio.com\/br\/wp-content\/uploads\/2025\/02\/ssstwitter.com_1740330044625.mp4\"><\/video><figcaption class=\"wp-element-caption\">O lan\u00e7amento do AMR25 da Aston Martin (V\u00eddeo: Reprodu\u00e7\u00e3o \/ Aston Martin)<\/figcaption><\/figure>\n\n\n\n<p class=\"wp-block-paragraph\">\u25b6\ufe0f <strong>Inscreva-se nos dois canais do GRANDE PR\u00caMIO no YouTube:\u00a0<a href=\"https:\/\/www.youtube.com\/channel\/UC9OlHEgxoaY6QY6nWPoiqQg?sub_confirmation=1\" target=\"_blank\" rel=\"noreferrer noopener\">GP<\/a>\u00a0|\u00a0<a href=\"https:\/\/www.youtube.com\/channel\/UC9csiS6q_C3C0FYhyr1rnFA?sub_confirmation=1\" target=\"_blank\" rel=\"noreferrer noopener\">GP2<\/a><\/strong><br>\u25b6\ufe0f <strong><strong>LEIA TAMB\u00c9M:\u00a0<a href=\"https:\/\/www.grandepremio.com\/br\/gptv\/noticias\/gptv-alcanca-2-milhoes-espectadores-prepara-novos-formatos-exibicao\/\">GPTV alcan\u00e7a 2 milh\u00f5es de espectadores e prepara novos formatos de exibi\u00e7\u00e3o<\/a><\/strong><\/strong><\/p>\n\n\n\n<p class=\"wp-block-paragraph\">Mais uma vez, obviamente, a aposta do time \u00e9 no caracter\u00edstico &#8220;verde brit\u00e2nico&#8221;. A principal diferen\u00e7a em rela\u00e7\u00e3o ao ano passado \u00e9 o sidepod, que tem a cor preta em uma larga \u00e1rea. Al\u00e9m disso, as linhas em tons de verde mais claro percorrem toda a extens\u00e3o do carro, em configura\u00e7\u00e3o diferente do <strong>AMR24<\/strong>. A \u00e1rea pr\u00f3xima ao santant\u00f4nio tamb\u00e9m tem uma modifica\u00e7\u00e3o evidente, com o prata substituindo o verde.<\/p>\n\n\n\n<p class=\"wp-block-paragraph\">A Aston Martin vive, muito por causa de Newey e tamb\u00e9m pela mudan\u00e7a de regulamento t\u00e3o pr\u00f3xima, uma situa\u00e7\u00e3o esquisita em 2025. Tanto que o projetista j\u00e1 avisou que vai focar em 2026, mas que o time <a href=\"https:\/\/www.grandepremio.com\/br\/f1\/noticias\/adrian-newey-foca-2026-assume-aston-martin-vai-querer-palpite-2025\/\">&#8220;vai querer palpite&#8221;<\/a>\u00a0no carro deste ano. Teve tamb\u00e9m\u00a0Alonso, que em poucos dias deu declara\u00e7\u00f5es que foram\u00a0<a href=\"https:\/\/www.grandepremio.com\/br\/f1\/noticias\/fernando-alonso-demonstra-confianca-mudancas-aston-martin-comecamos-posicao-melhor\/\">do pessimismo ao otimismo<\/a>\u00a0sem\u00a0<a href=\"https:\/\/www.grandepremio.com\/br\/f1\/noticias\/fernando-alonso-adota-pessimismo-diz-objetivo-aston-martin-igualar-2024\/\">escalas<\/a>.<\/p>\n\n\n\n<p class=\"wp-block-paragraph\">A\u00a0<a href=\"https:\/\/www.grandepremio.com\/br\/f1\/\" target=\"_blank\" rel=\"noreferrer noopener\"><\/a><strong><a href=\"https:\/\/www.grandepremio.com\/br\/f1\/\" target=\"_blank\" rel=\"noreferrer noopener\">F\u00f3rmula 1<\/a><\/strong>\u00a0se aproxima da volta \u00e0s pistas. A pr\u00f3xima atividade \u00e9 exatamente a sess\u00e3o \u00fanica de testes coletivos de pr\u00e9-temporada, marcada para os dias 26, 27 e 28 de fevereiro, no <strong>Bahrein<\/strong>. A temporada 2025 come\u00e7a com o <strong>GP da Austr\u00e1lia<\/strong>, nos dias 14-16 de mar\u00e7o.<\/p>\n\n\n\n<figure class=\"wp-block-embed is-type-video is-provider-youtube wp-block-embed-youtube wp-embed-aspect-16-9 wp-has-aspect-ratio\"><div class=\"wp-block-embed__wrapper\">\n<iframe loading=\"lazy\" title=\"&quot;MATADOR DE PILOTOS&quot;? BRIATORE DEIXA DOOHAN NA CORDA BAMBA MAIS UMA VEZ | Paddock Sprint\" width=\"500\" height=\"281\" src=\"https:\/\/www.youtube.com\/embed\/YyKLSVaO4yg?feature=oembed\" frameborder=\"0\" allow=\"accelerometer; autoplay; clipboard-write; encrypted-media; gyroscope; picture-in-picture; web-share\" referrerpolicy=\"strict-origin-when-cross-origin\" allowfullscreen><\/iframe>\n<\/div><\/figure>\n","protected":false},"excerpt":{"rendered":"<p>Fernando Alonso n\u00e3o escondeu que espera grid competitivo e temporada desafiadora para a Aston Martin em 2025, mas mostrou confian\u00e7a no trabalho realizado pela equipe no desenvolvimento do AMR25<\/p>\n","protected":false},"author":0,"featured_media":1000930522,"comment_status":"closed","ping_status":"closed","sticky":false,"template":"","format":"standard","meta":{"42wp_featured_image_caption":"","42wp_featured_image_credits":"","42wp_featured_video":"","42wp_featured_image_hidden":false,"42wp_authors_list":[],"footnotes":""},"categories":[2],"tags":[42606,309,5660,969,147,3630,642,160,176,180,3628,1491,30103,28285],"42wp_author":[47160],"class_list":["post-31032","post","type-post","status-publish","format-standard","has-post-thumbnail","hentry","category-f1","tag-amr25","tag-aston-martin","tag-classificacao","tag-corrida","tag-f1","tag-f1-2025","tag-f1-ao-vivo","tag-f1-tv","tag-fernando-alonso","tag-formula-1","tag-formula-1-2025","tag-grande-premio","tag-grande-premio-f1","tag-grandepremio","42wp_author-vicente-soella"],"_links":{"self":[{"href":"https:\/\/grandepremio.com\/br\/wp-json\/wp\/v2\/posts\/31032","targetHints":{"allow":["GET"]}}],"collection":[{"href":"https:\/\/grandepremio.com\/br\/wp-json\/wp\/v2\/posts"}],"about":[{"href":"https:\/\/grandepremio.com\/br\/wp-json\/wp\/v2\/types\/post"}],"replies":[{"embeddable":true,"href":"https:\/\/grandepremio.com\/br\/wp-json\/wp\/v2\/comments?post=31032"}],"version-history":[{"count":0,"href":"https:\/\/grandepremio.com\/br\/wp-json\/wp\/v2\/posts\/31032\/revisions"}],"wp:featuredmedia":[{"embeddable":true,"href":"https:\/\/grandepremio.com\/br\/wp-json\/wp\/v2\/media\/1000930522"}],"wp:attachment":[{"href":"https:\/\/grandepremio.com\/br\/wp-json\/wp\/v2\/media?parent=31032"}],"wp:term":[{"taxonomy":"category","embeddable":true,"href":"https:\/\/grandepremio.com\/br\/wp-json\/wp\/v2\/categories?post=31032"},{"taxonomy":"post_tag","embeddable":true,"href":"https:\/\/grandepremio.com\/br\/wp-json\/wp\/v2\/tags?post=31032"},{"taxonomy":"42wp_author","embeddable":true,"href":"https:\/\/grandepremio.com\/br\/wp-json\/wp\/v2\/42wp_author?post=31032"}],"curies":[{"name":"wp","href":"https:\/\/api.w.org\/{rel}","templated":true}]}}