{"id":31038,"date":"2025-02-23T14:09:30","date_gmt":"2025-02-23T17:09:30","guid":{"rendered":"https:\/\/grandepremio.com\/br\/noticias\/aston-martin-completa-lancamento-amr25-promessa-estabilidade-f1-2025\/"},"modified":"2025-02-23T14:43:56","modified_gmt":"2025-02-23T17:43:56","slug":"aston-martin-completa-lancamento-amr25-promessa-estabilidade-f1-2025","status":"publish","type":"post","link":"https:\/\/grandepremio.com\/br\/f1\/aston-martin-completa-lancamento-amr25-promessa-estabilidade-f1-2025\/","title":{"rendered":"Aston Martin completa lan\u00e7amento do AMR25 com promessa de estabilidade na F1 2025"},"content":{"rendered":"\n<p class=\"wp-block-paragraph\">A estranha temporada de lan\u00e7amentos da <strong>F1 2025 <\/strong>teve, neste domingo (23), a <strong>Aston Martin<\/strong> apresentando em mais detalhes como ser\u00e1 o <strong>AMR25 <\/strong>neste campeonato. <a href=\"https:\/\/www.grandepremio.com\/br\/f1\/noticias\/festa-lewis-hamilton-red-bull-vaiada-como-foi-evento-lancamento-f1-2025\/\">Poucos dias depois da revela\u00e7\u00e3o coletiva das pinturas<\/a>, os brit\u00e2nicos <a href=\"https:\/\/www.grandepremio.com\/br\/f1\/noticias\/aston-martin-viaja-tempo-apresentacao-mostra-carro-bem-verde-para-formula-1-2025\/\">foram al\u00e9m dos tra\u00e7os est\u00e9ticos<\/a>. Em v\u00eddeo com pegada futurista, mostrando a f\u00e1brica de Silverstone e o b\u00f3lido em um t\u00fanel de vento, a equipe brit\u00e2nica mostrou novamente a pintura do carro que tocar\u00e1 as pistas na pr\u00e9-temporada do Bahrein.<\/p>\n\n\n\n<p class=\"wp-block-paragraph\">A temporada 2025 \u00e9 encarada como um divisor de \u00e1guas pela Aston Martin e isso envolve diretamente o AMR25. \u00c9 que o time conta os dias para a chegada definitiva de <strong>Adrian Newey<\/strong> e, se o mago da aerodin\u00e2mica \u00e9 a esperan\u00e7a para o novo regulamento, de 2026, pode tamb\u00e9m ser fundamental para o desenvolvimento do projeto de 2025.<\/p>\n\n\n\n<p class=\"wp-block-paragraph\">Mais uma vez, obviamente, a aposta do time \u00e9 no &#8220;verde brit\u00e2nico&#8221; caracter\u00edstico da Aston Martin. A principal diferen\u00e7a em rela\u00e7\u00e3o ao ano passado \u00e9 o sidepod, que tem a cor preta em uma larga \u00e1rea. Al\u00e9m disso, as linhas em tons de verde mais claro percorrem toda a extens\u00e3o do carro, em configura\u00e7\u00e3o diferente do AMR24. A \u00e1rea pr\u00f3xima ao santant\u00f4nio tamb\u00e9m tem uma modifica\u00e7\u00e3o evidente, com o prata substituindo o verde.<\/p>\n\n\n\n<p class=\"wp-block-paragraph\"><strong>Fernando Alonso<\/strong>, que volta para mais um ano como titular da equipe em 2025, ressaltou o equil\u00edbrio de for\u00e7as do grid no \u00faltimo ano do atual regulamento t\u00e9cnico. Animado com a proximidade de sua <strong>22\u00aa <\/strong>temporada na F\u00f3rmula 1, o espanhol ressaltou a vontade de ajudar a Aston Martin a crescer.<\/p>\n\n\n\n<figure class=\"wp-block-video\"><video class=\"video-js vjs-big-play-centered\" data-gp-vjs=\"1\" controls src=\"https:\/\/www.grandepremio.com\/br\/wp-content\/uploads\/2025\/02\/ssstwitter.com_1740330044625.mp4\"><\/video><figcaption class=\"wp-element-caption\">Confira o v\u00eddeo de lan\u00e7amento do AMR25 (V\u00eddeo: Reprodu\u00e7\u00e3o \/ Aston Martin)<\/figcaption><\/figure>\n\n\n\n<p class=\"wp-block-paragraph\">&#8220;Aprendemos muito em 2024, e a equipe tem usado isso como for\u00e7a motivadora enquanto seguimos para esta temporada com o AMR25. A competi\u00e7\u00e3o vai ser muito acirrada neste \u00faltimo ano do regulamento atual, mas sei que a equipe tem trabalhado duro na f\u00e1brica para garantir que estejamos prontos. Estou animado para voltar \u00e0 pista. Estou pronto para ajudar essa equipe a se tornar mais forte e continuar essa jornada com a Aston Martin&#8221;, disse.<\/p>\n\n\n\n<p class=\"wp-block-paragraph\">Do outro lado da garagem, <strong>Lance Stroll<\/strong> segue como companheiro do espanhol. Para o canadense, a temporada de 2025 \u00e9 &#8220;chave&#8221; para os objetivos da Aston Martin, e a expectativa para o in\u00edcio do campeonato j\u00e1 come\u00e7ou.<\/p>\n\n\n\n<p class=\"wp-block-paragraph\">&#8220;Todos na Aston Martin trabalharam muito durante o inverno para melhorar em 2025. Como equipe, todos queremos um bom desempenho e continuaremos aprendendo ao longo do ano. O que estamos construindo aqui \u00e9 um projeto muito empolgante, com pessoas talentosas. 2025 \u00e9 um ano-chave para progredirmos. Estou ansioso pela temporada que est\u00e1 por vir e por voltar ao cockpit, come\u00e7ando com os testes de pr\u00e9-temporada no Bahrein&#8221;, afirmou.<\/p>\n\n\n\n<p class=\"wp-block-paragraph\">Por fim, <strong>Andy Cowell<\/strong>, CEO e chefe da Aston Martin a partir da pr\u00f3xima temporada, foi outro a falar durante o lan\u00e7amento. J\u00e1 pensando nos testes de pr\u00e9-temporada, o dirigente elogiou o trabalho de todos os funcion\u00e1rios no desenvolvimento do carro e pregou que o time esteja sempre em &#8220;busca da excel\u00eancia&#8221;. O objetivo, segundo ele, foi dar a Alonso e Stroll um carro mais regular e f\u00e1cil de controlar.<\/p>\n\n\n\n<figure class=\"wp-block-image size-large\"><img decoding=\"async\" src=\"https:\/\/www.grandepremio.com\/br\/wp-content\/uploads\/2025\/02\/aston-martin-amr25-f1-2025-2-1200x702.png\" alt=\"\" class=\"wp-image-930495\"\/><figcaption class=\"wp-element-caption\">Lan\u00e7amento do carro teve direito a v\u00eddeo estilizado e t\u00fanel de vento futurista (Foto: Aston Martin)<\/figcaption><\/figure>\n\n\n\n<p class=\"wp-block-paragraph\">&#8220;Estou animado para come\u00e7ar esta temporada e ver o AMR25 indo \u00e0 pista amanh\u00e3, no Bahrein. \u00c9 o culminar de um trabalho \u00e1rduo e dedica\u00e7\u00e3o tremenda no AMR Technology Campus. Todos n\u00f3s somos inspirados pelo DNA da Aston Martin e temos uma busca incans\u00e1vel pela excel\u00eancia, tanto dentro quanto fora da pista&#8221;, ressaltou.<\/p>\n\n\n\n<p class=\"wp-block-paragraph\">&#8220;Para o carro deste ano, realmente levamos em considera\u00e7\u00e3o as li\u00e7\u00f5es e o feedback da temporada passada. Focamos em criar um carro mais f\u00e1cil de pilotar para o Lance e o Fernando e nos esfor\u00e7amos muito para torn\u00e1-lo mais control\u00e1vel. Esperamos que seja um grid muito pr\u00f3ximo e competitivo desde o in\u00edcio, na Austr\u00e1lia, ent\u00e3o sabemos que n\u00e3o ser\u00e1 f\u00e1cil. Nossos objetivos s\u00e3o realistas, com uma vis\u00e3o de como podemos melhorar continuamente em todas as \u00e1reas, especialmente \u00e0 medida que, assim como todas as equipes, aproximamo-nos de uma mudan\u00e7a vital no regulamento em 2026&#8221;, completou Cowell.<\/p>\n\n\n\n<p class=\"wp-block-paragraph\">A Aston Martin vive, muito por causa de Newey e tamb\u00e9m pela mudan\u00e7a de regulamento t\u00e3o pr\u00f3xima, uma situa\u00e7\u00e3o esquisita em 2025. Tanto que o projetista j\u00e1 avisou que vai focar em 2026, mas que o time <a href=\"https:\/\/www.grandepremio.com\/br\/f1\/noticias\/adrian-newey-foca-2026-assume-aston-martin-vai-querer-palpite-2025\/\">&#8220;vai querer palpite&#8221;<\/a> no carro deste ano. Teve tamb\u00e9m Alonso, que em poucos dias deu declara\u00e7\u00f5es que foram <a href=\"https:\/\/www.grandepremio.com\/br\/f1\/noticias\/fernando-alonso-demonstra-confianca-mudancas-aston-martin-comecamos-posicao-melhor\/\">do pessimismo ao otimismo<\/a> sem <a href=\"https:\/\/www.grandepremio.com\/br\/f1\/noticias\/fernando-alonso-adota-pessimismo-diz-objetivo-aston-martin-igualar-2024\/\">escalas<\/a>.<\/p>\n\n\n\n<p class=\"wp-block-paragraph\">A Aston Martin foi uma das \u00fanicas duas equipes que manteve integralmente a dupla de pilotos de 2024 para 2025. Assim como a McLaren, os verdinhos optaram pela continuidade e, pelo terceiro ano seguido, vai com a experi\u00eancia de Alonso e com <strong>Lance Stroll<\/strong>, o filho do dono.<\/p>\n\n\n\n<figure class=\"wp-block-image size-large\"><img decoding=\"async\" src=\"https:\/\/www.grandepremio.com\/br\/wp-content\/uploads\/2025\/02\/aston-martin-amr25-f1-2025-3-1200x694.jpg\" alt=\"\" class=\"wp-image-930497\"\/><figcaption class=\"wp-element-caption\">O AMR25 mant\u00e9m o verde tradicional, mesclado com um tom mais claro e a cor preta (Foto: Aston Martin)<\/figcaption><\/figure>\n\n\n\n<p class=\"wp-block-paragraph\">Aos 43 anos, Alonso \u00e9 um dos maiores pilotos da hist\u00f3ria da categoria. Bicampe\u00e3o em 2005 e 2006, chegou a se aventurar em classes como <strong>Indy, WEC<\/strong> e at\u00e9 <strong>Dakar <\/strong>durante hiato na F1 e voltou em 2021 com a Alpine. O espanhol foi parar na Aston Martin em 2023 e somou oito p\u00f3dios na passagem, com um quarto lugar geral naquele ano. Em 2024, o time piorou, ficou para tr\u00e1s e Fernando foi nono.<\/p>\n\n\n\n<p class=\"wp-block-paragraph\">Stroll tem 26 anos, mas j\u00e1 est\u00e1 no grid da F1 desde 2017, quando chegou \u00e0 categoria pelas m\u00e3os da Williams. O canadense ainda busca a primeira vit\u00f3ria, mas soma 3 p\u00f3dios e 1 pole, com o d\u00e9cimo lugar de 2023 como melhor posi\u00e7\u00e3o final.<\/p>\n\n\n\n<p class=\"wp-block-paragraph\">A Aston Martin se juntou ao grid em 2021, prometendo investimento alto e brigar por t\u00edtulos em um curto espa\u00e7o de tempo. At\u00e9 agora, por\u00e9m, nem vit\u00f3ria teve. O melhor momento veio em 2023, com 280 pontos no quinto lugar do Mundial de Construtores. A posi\u00e7\u00e3o foi mantida em 2024, mas com apenas 94 tentos anotados.<\/p>\n\n\n\n<p class=\"wp-block-paragraph\">A&nbsp;<a href=\"https:\/\/www.grandepremio.com\/br\/f1\/\" target=\"_blank\" rel=\"noreferrer noopener\"><\/a><strong><a href=\"https:\/\/www.grandepremio.com\/br\/f1\/\" target=\"_blank\" rel=\"noreferrer noopener\">F\u00f3rmula 1<\/a><\/strong>&nbsp;se aproxima da volta \u00e0s pistas. A pr\u00f3xima atividade \u00e9 exatamente a sess\u00e3o \u00fanica de testes coletivos de pr\u00e9-temporada, marcada para os dias 26, 27 e 28 de fevereiro, no Bahrein. A temporada 2025 come\u00e7a com o GP da Austr\u00e1lia, nos dias 14-16 de mar\u00e7o.<\/p>\n\n\n\n<p class=\"wp-block-paragraph\">\u25b6\ufe0f&nbsp;<strong>Inscreva-se nos dois canais do GRANDE PR\u00caMIO no YouTube:&nbsp;<a href=\"https:\/\/www.youtube.com\/channel\/UC9OlHEgxoaY6QY6nWPoiqQg?sub_confirmation=1\" target=\"_blank\" rel=\"noreferrer noopener\">GP<\/a>&nbsp;|&nbsp;<a href=\"https:\/\/www.youtube.com\/channel\/UC9csiS6q_C3C0FYhyr1rnFA?sub_confirmation=1\" target=\"_blank\" rel=\"noreferrer noopener\">GP2<\/a><\/strong><br>\u25b6\ufe0f&nbsp;<strong>LEIA TAMB\u00c9M:&nbsp;<a href=\"https:\/\/www.grandepremio.com\/br\/gptv\/noticias\/grande-premio-chega-a-tv-apos-inovar-com-programas-que-viraram-referencia\/\">GRANDE PR\u00caMIO chega \u00e0 TV ap\u00f3s inovar com programas que viraram refer\u00eancia<\/a><\/strong><\/p>\n\n\n\n<figure class=\"wp-block-embed is-type-video is-provider-youtube wp-block-embed-youtube wp-embed-aspect-16-9 wp-has-aspect-ratio\"><div class=\"wp-block-embed__wrapper\">\n<iframe loading=\"lazy\" title=\"F1 LAN\u00c7A TEMPORADA 2025. ACOMPANHE TUDO SOBRE O SHOW | [REACT]\" width=\"500\" height=\"281\" src=\"https:\/\/www.youtube.com\/embed\/Iz0ve2teKnc?feature=oembed\" frameborder=\"0\" allow=\"accelerometer; autoplay; clipboard-write; encrypted-media; gyroscope; picture-in-picture; web-share\" referrerpolicy=\"strict-origin-when-cross-origin\" allowfullscreen><\/iframe>\n<\/div><\/figure>\n","protected":false},"excerpt":{"rendered":"<p>A Aston Martin mostrou os detalhes do AMR25, carro com o qual tenta finalmente furar o bloqueio da &#8216;F1 A&#8217; e deixar o quinto lugar para tr\u00e1s<\/p>\n","protected":false},"author":0,"featured_media":1000930494,"comment_status":"closed","ping_status":"closed","sticky":false,"template":"","format":"standard","meta":{"42wp_featured_image_caption":"","42wp_featured_image_credits":"","42wp_featured_video":"","42wp_featured_image_hidden":false,"42wp_authors_list":[],"footnotes":""},"categories":[2],"tags":[457,20491,27861,309,26271,546,209,5273,302,147,3630,176,207,103,180,3628,25440,40593,350,800,1491,28285,119,30840,28104,596,4149,42560,485,547,87,595,25553,3256,203,90,82,1521,29923,35129,2916,676,38179,204,42001,215,597],"42wp_author":[47117,47142],"class_list":["post-31038","post","type-post","status-publish","format-standard","has-post-thumbnail","hentry","category-f1","tag-alfa-romeo","tag-alpine","tag-andrea-kimi-antonelli","tag-aston-martin","tag-calendario-f1","tag-carlos-sainz","tag-charles-leclerc","tag-classificacao-f1","tag-esteban-ocon","tag-f1","tag-f1-2025","tag-fernando-alonso","tag-ferrari","tag-fia","tag-formula-1","tag-formula-1-2025","tag-franco-colapinto","tag-fw47","tag-gabriel-bortoleto","tag-george-russell","tag-grande-premio","tag-grandepremio","tag-haas","tag-horarios-f1","tag-isack-hadjar","tag-jack-doohan","tag-james-vowles","tag-lancamentos-f1-2025","tag-lance-stroll","tag-lando-norris","tag-lewis-hamilton","tag-liam-lawson","tag-logan-sargeant","tag-londres","tag-max-verstappen","tag-mclaren","tag-mercedes","tag-nico-hulkenberg","tag-oliver-bearman","tag-onde-assistir-f1","tag-oscar-piastri","tag-pierre-gasly","tag-racing-bulls","tag-red-bull","tag-temporada-2025-f1","tag-williams","tag-yuki-tsunoda","42wp_author-gabriel-curty","42wp_author-jp-nascimento"],"_links":{"self":[{"href":"https:\/\/grandepremio.com\/br\/wp-json\/wp\/v2\/posts\/31038","targetHints":{"allow":["GET"]}}],"collection":[{"href":"https:\/\/grandepremio.com\/br\/wp-json\/wp\/v2\/posts"}],"about":[{"href":"https:\/\/grandepremio.com\/br\/wp-json\/wp\/v2\/types\/post"}],"replies":[{"embeddable":true,"href":"https:\/\/grandepremio.com\/br\/wp-json\/wp\/v2\/comments?post=31038"}],"version-history":[{"count":0,"href":"https:\/\/grandepremio.com\/br\/wp-json\/wp\/v2\/posts\/31038\/revisions"}],"wp:featuredmedia":[{"embeddable":true,"href":"https:\/\/grandepremio.com\/br\/wp-json\/wp\/v2\/media\/1000930494"}],"wp:attachment":[{"href":"https:\/\/grandepremio.com\/br\/wp-json\/wp\/v2\/media?parent=31038"}],"wp:term":[{"taxonomy":"category","embeddable":true,"href":"https:\/\/grandepremio.com\/br\/wp-json\/wp\/v2\/categories?post=31038"},{"taxonomy":"post_tag","embeddable":true,"href":"https:\/\/grandepremio.com\/br\/wp-json\/wp\/v2\/tags?post=31038"},{"taxonomy":"42wp_author","embeddable":true,"href":"https:\/\/grandepremio.com\/br\/wp-json\/wp\/v2\/42wp_author?post=31038"}],"curies":[{"name":"wp","href":"https:\/\/api.w.org\/{rel}","templated":true}]}}