{"id":31270,"date":"2025-02-22T11:11:27","date_gmt":"2025-02-22T14:11:27","guid":{"rendered":"https:\/\/grandepremio.com\/br\/noticias\/fia-exime-dan-ticktum-punicao-por-explosao-radio-ep-de-jeda-formula-e\/"},"modified":"2025-02-22T13:25:39","modified_gmt":"2025-02-22T16:25:39","slug":"fia-exime-dan-ticktum-punicao-por-explosao-radio-ep-de-jeda-formula-e","status":"publish","type":"post","link":"https:\/\/grandepremio.com\/br\/formula-e\/fia-exime-dan-ticktum-punicao-por-explosao-radio-ep-de-jeda-formula-e\/","title":{"rendered":"FIA exime Ticktum de puni\u00e7\u00e3o por explos\u00e3o em r\u00e1dio no eP de Jed\u00e1 da F\u00f3rmula E"},"content":{"rendered":"\n<p class=\"wp-block-paragraph\">Ainda que a <strong>FIA (Federa\u00e7\u00e3o Internacional de Automobilismo)<\/strong> tenha fechado o cerco com rela\u00e7\u00e3o aos palavr\u00f5es em suas categorias, inclusive punindo pilotos recentemente pela infra\u00e7\u00e3o, a explos\u00e3o de <strong>Dan Ticktum<\/strong> durante o <strong>eP de Jed\u00e1<\/strong> da <strong>F\u00f3rmula E<\/strong>, na semana passada, n\u00e3o ser\u00e1 punida pela entidade.<\/p>\n\n\n\n<p class=\"wp-block-paragraph\">O piloto da <strong>Cupra Kiro<\/strong> largou em oitavo na primeira corrida do fim de semana em Jed\u00e1,\u00a0mas, durante a prova, foi informado que teria de parar antes de receber o\u00a0<strong>Pit Boost<\/strong>\u00a0para resetar o carro e fazer a troca de uma das asas do b\u00f3lido. O piloto brit\u00e2nico ficou revoltado com a ordem do time e n\u00e3o poupou palavr\u00f5es para demonstrar sua insatisfa\u00e7\u00e3o. Ticktum finalizou a prova em\u00a0<strong>18\u00ba<\/strong>, fora da zona de pontua\u00e7\u00e3o.<\/p>\n\n\n\n<p class=\"wp-block-paragraph\">O \u00e1udio, ent\u00e3o, foi parar nas redes sociais e gerou muitas cr\u00edticas ao\u00a0<strong>#33<\/strong>. Ele respondeu dizendo que teve dificuldades durante o fim de semana e afirmou que as pessoas &#8220;n\u00e3o sabem quem ele \u00e9&#8221;. <\/p>\n\n\n\n<p class=\"wp-block-paragraph\">Al\u00e9m do brit\u00e2nico, <strong>Mitch Evans<\/strong> tamb\u00e9m esbravejou durante a corrida dupla na Ar\u00e1bia Saudita e proferiu diversos palavr\u00f5es no decorrer das duas provas. Ap\u00f3s a pol\u00eamica, a FIA se manifestou e disse que nenhum dos dois pilotos ser\u00e1 punido pelos desentendimentos no r\u00e1dio.<\/p>\n\n\n\n<figure class=\"wp-block-image size-large\"><img decoding=\"async\" src=\"https:\/\/www.grandepremio.com\/br\/wp-content\/uploads\/2025\/02\/S0G_7017_d0HmfiHR_20250214010212-2048x2048-1-1200x800.jpg\" alt=\"\" class=\"wp-image-928177\"\/><figcaption class=\"wp-element-caption\">Dan Ticktum (Foto: F\u00f3rmula E)<\/figcaption><\/figure>\n\n\n\n<p class=\"wp-block-paragraph\">\u25b6\ufe0f\u00a0<strong>Inscreva-se nos dois canais do GRANDE PR\u00caMIO no YouTube:\u00a0<a href=\"https:\/\/www.youtube.com\/channel\/UC9OlHEgxoaY6QY6nWPoiqQg?sub_confirmation=1\" target=\"_blank\" rel=\"noreferrer noopener\">GP<\/a>\u00a0|\u00a0<a href=\"https:\/\/www.youtube.com\/channel\/UC9csiS6q_C3C0FYhyr1rnFA?sub_confirmation=1\" target=\"_blank\" rel=\"noreferrer noopener\">GP2<\/a><\/strong><\/p>\n\n\n\n<p class=\"wp-block-paragraph\">&#8220;Os comiss\u00e1rios foram informados e decidiram que nenhuma a\u00e7\u00e3o adicional era necess\u00e1ria, pois isso aconteceu no contexto de uma comunica\u00e7\u00e3o de r\u00e1dio com a equipe e n\u00e3o durante uma entrevista \u00e0 m\u00eddia&#8221;, explicou a entidade.<\/p>\n\n\n\n<p class=\"wp-block-paragraph\">A\u00a0<a href=\"https:\/\/www.grandepremio.com\/br\/formula-e\/\" target=\"_blank\" rel=\"noreferrer noopener\"><strong>F\u00f3rmula E<\/strong><\/a>, agora,\u00a0parte para uma pausa de quase dois meses e volta a acelerar entre os dias 11 e 12 de abril, com o\u00a0<strong>eP de\u00a0<a href=\"https:\/\/www.grandepremio.com\/br\/circuito\/miami\/\" target=\"_blank\" rel=\"noreferrer noopener\">Miami<\/a><\/strong>, em\u00a0<strong>Homestead<\/strong>. O\u00a0<strong>GRANDE PR\u00caMIO<\/strong>\u00a0faz cobertura completa do evento e transmite todas as atividades\u00a0<strong>AO VIVO<\/strong>\u00a0e\u00a0<strong>COM IMAGENS<\/strong>\u00a0pelo\u00a0<strong>YouTube<\/strong>\u00a0e\u00a0<strong>Kwai<\/strong>.<\/p>\n\n\n\n<figure class=\"wp-block-embed is-type-video is-provider-youtube wp-block-embed-youtube wp-embed-aspect-16-9 wp-has-aspect-ratio\"><div class=\"wp-block-embed__wrapper\">\n<iframe loading=\"lazy\" title=\"F\u00d3RMULA E 2024\/2025 COM IMAGENS | eP DE JED\u00c1 | 4\u00aa etapa | Corrida 2\" width=\"500\" height=\"281\" src=\"https:\/\/www.youtube.com\/embed\/PsF6zDCO3Z0?start=96&amp;feature=oembed\" frameborder=\"0\" allow=\"accelerometer; autoplay; clipboard-write; encrypted-media; gyroscope; picture-in-picture; web-share\" referrerpolicy=\"strict-origin-when-cross-origin\" allowfullscreen><\/iframe>\n<\/div><\/figure>\n","protected":false},"excerpt":{"rendered":"<p>Entidade explicou que Dan Ticktum se expressou em comunica\u00e7\u00e3o com a pr\u00f3pria equipe e n\u00e3o durante uma entrevista. Por isso, n\u00e3o ele n\u00e3o receber\u00e1 nenhum tipo de san\u00e7\u00e3o<\/p>\n","protected":false},"author":0,"featured_media":1000928178,"comment_status":"closed","ping_status":"closed","sticky":false,"template":"","format":"standard","meta":{"42wp_featured_image_caption":"","42wp_featured_image_credits":"","42wp_featured_video":"","42wp_featured_image_hidden":false,"42wp_authors_list":[],"footnotes":""},"categories":[19],"tags":[28679,6853,41812,985,103,840,38802,1491,28285,35442,910,909,36219,41542],"42wp_author":[47161],"class_list":["post-31270","post","type-post","status-publish","format-standard","has-post-thumbnail","hentry","category-formula-e","tag-calendario-formula-e","tag-classificacao-formula-e","tag-cupra-kiro","tag-dan-ticktum","tag-fia","tag-formula-e","tag-formula-e-2025","tag-grande-premio","tag-grandepremio","tag-horarios-formula-e","tag-jaguar","tag-mitch-evans","tag-onde-assistir-formula-e","tag-temporada-2025-da-formula-e","42wp_author-kaio-esteves"],"_links":{"self":[{"href":"https:\/\/grandepremio.com\/br\/wp-json\/wp\/v2\/posts\/31270","targetHints":{"allow":["GET"]}}],"collection":[{"href":"https:\/\/grandepremio.com\/br\/wp-json\/wp\/v2\/posts"}],"about":[{"href":"https:\/\/grandepremio.com\/br\/wp-json\/wp\/v2\/types\/post"}],"replies":[{"embeddable":true,"href":"https:\/\/grandepremio.com\/br\/wp-json\/wp\/v2\/comments?post=31270"}],"version-history":[{"count":0,"href":"https:\/\/grandepremio.com\/br\/wp-json\/wp\/v2\/posts\/31270\/revisions"}],"wp:featuredmedia":[{"embeddable":true,"href":"https:\/\/grandepremio.com\/br\/wp-json\/wp\/v2\/media\/1000928178"}],"wp:attachment":[{"href":"https:\/\/grandepremio.com\/br\/wp-json\/wp\/v2\/media?parent=31270"}],"wp:term":[{"taxonomy":"category","embeddable":true,"href":"https:\/\/grandepremio.com\/br\/wp-json\/wp\/v2\/categories?post=31270"},{"taxonomy":"post_tag","embeddable":true,"href":"https:\/\/grandepremio.com\/br\/wp-json\/wp\/v2\/tags?post=31270"},{"taxonomy":"42wp_author","embeddable":true,"href":"https:\/\/grandepremio.com\/br\/wp-json\/wp\/v2\/42wp_author?post=31270"}],"curies":[{"name":"wp","href":"https:\/\/api.w.org\/{rel}","templated":true}]}}