{"id":31291,"date":"2025-02-22T10:02:08","date_gmt":"2025-02-22T13:02:08","guid":{"rendered":"https:\/\/grandepremio.com\/br\/noticias\/george-russell-preve-passo-frente-espera-entender-w16-primeiras-5-voltas-2025\/"},"modified":"2025-02-22T10:06:05","modified_gmt":"2025-02-22T13:06:05","slug":"george-russell-preve-passo-frente-espera-entender-w16-primeiras-5-voltas-2025","status":"publish","type":"post","link":"https:\/\/grandepremio.com\/br\/f1\/george-russell-preve-passo-frente-espera-entender-w16-primeiras-5-voltas-2025\/","title":{"rendered":"Russell prev\u00ea \u201cpasso \u00e0 frente\u201d, mas espera entender W16 nas \u201cprimeiras 5 voltas\u201d de 2025"},"content":{"rendered":"\n<p class=\"wp-block-paragraph\">A <strong>Mercedes <\/strong>entra repaginada para a temporada 2025 da <strong>F\u00f3rmula 1<\/strong>. Al\u00e9m de ter <a href=\"https:\/\/www.grandepremio.com\/br\/f1\/noticias\/mercedes-mistura-prateado-preto-primeiro-carro-pos-lewis-hamilton-formula-1\/\">apostado em um visual diferente<\/a> no <strong>W16<\/strong>, a equipe est\u00e1 deixando para tr\u00e1s a era <strong>Lewis Hamilton<\/strong> e j\u00e1 olhando para o futuro. Com um ano ainda incerto pela frente, <strong>George Russell<\/strong> vive a expectativa de iniciar a nova campanha e entender logo de cara qual ser\u00e1 o cen\u00e1rio para o time de <strong>Brackley<\/strong>.\u00a0<\/p>\n\n\n\n<p class=\"wp-block-paragraph\">Russell, que agora \u00e9 a figura veterana da equipe com a chegada de <strong>Andrea Kimi Antonelli<\/strong>, afirmou que espera saber \u201cdentro de cinco voltas\u201d <a href=\"https:\/\/www.grandepremio.com\/br\/f1\/noticias\/george-russell-indica-mercedes-cuidadosa-erros-2025-mais-criteriosos-nunca\/\">como ser\u00e1 a temporada da Mercedes<\/a>. Al\u00e9m disso, garantiu que soube que a situa\u00e7\u00e3o do time era complicada nas \u00faltimas temporadas tamb\u00e9m de forma r\u00e1pida.\u00a0<\/p>\n\n\n\n<p class=\"wp-block-paragraph\">No ano passado, ainda com Hamilton no elenco, a Mercedes voltou a vencer ap\u00f3s passar em branco em 2023. Com quatro vit\u00f3rias, duas para cada piloto, a esquadra prateada terminou o <strong>Mundial de Construtores<\/strong> na quarta coloca\u00e7\u00e3o, com 468 pontos.&nbsp;<\/p>\n\n\n\n<p class=\"wp-block-paragraph\">&#8220;Acho que, dentro de cinco voltas, j\u00e1 sabemos se vamos ter uma boa temporada ou n\u00e3o\u201d, afirmou Russell. \u201cE soubemos, nas primeiras cinco voltas dos \u00faltimos anos, que n\u00e3o estar\u00edamos lutando pelo t\u00edtulo. Ou pelo menos sab\u00edamos que n\u00e3o lutar\u00edamos no in\u00edcio da temporada&#8221;, acrescentou.&nbsp;<\/p>\n\n\n\n<figure class=\"wp-block-image size-full\"><img decoding=\"async\" src=\"https:\/\/www.grandepremio.com\/br\/wp-content\/uploads\/2025\/02\/F1-2025-MERCEDES-CARRO-PINTURA.jpg\" alt=\"\" class=\"wp-image-929223\"\/><figcaption class=\"wp-element-caption\">W16 apresentado pela Mercedes no F175 Live (Foto: Mercedes)<\/figcaption><\/figure>\n\n\n\n<p class=\"wp-block-paragraph\">&#8220;Ent\u00e3o, sinto que, como disse, tem sido muito mais robusto nesta temporada, mas todas as equipes est\u00e3o t\u00e3o competitivas agora. E todo mundo conhece as limita\u00e7\u00f5es que teve nesses \u00faltimos tr\u00eas anos&#8221;, continuou.&nbsp;<\/p>\n\n\n\n<p class=\"wp-block-paragraph\">Se as expectativas de Russell se concretizarem, a conclus\u00e3o ap\u00f3s cinco voltas ser\u00e1 de que a temporada 2025 da Mercedes representar\u00e1 um passo na dire\u00e7\u00e3o certa. Apesar disso, mesmo esperando uma evolu\u00e7\u00e3o com o W16, o brit\u00e2nico admite que 2026 ser\u00e1 \u201co grande ano\u201d.\u00a0<\/p>\n\n\n\n<p class=\"wp-block-paragraph\">&#8220;Se trouxermos o desempenho que esperamos, deve ser um bom passo \u00e0 frente. Mas j\u00e1 vimos isso com muitas outras equipes. Elas trazem uma atualiza\u00e7\u00e3o, e n\u00e3o funciona. Ent\u00e3o, nunca h\u00e1 garantias\u201d, analisou.&nbsp;<\/p>\n\n\n\n<p class=\"wp-block-paragraph\">\u201cComo equipe, passamos por um per\u00edodo de baixa ao longo de 2023, sem ganhar uma corrida. Houve uma grande mudan\u00e7a estrutural com <strong>James Allison<\/strong> [diretor-t\u00e9cnico] voltando, e ele tem realmente pressionado \u00e0 frente da nova abordagem. Acho que &#8211; espero &#8211; veremos um pouco disso em 2025. Obviamente, 2026 \u00e9 um grande ano, mas estou otimista de que podemos ter uma temporada decente&#8221;, encerrou.\u00a0<\/p>\n\n\n\n<figure class=\"wp-block-image size-full\"><img decoding=\"async\" src=\"https:\/\/www.grandepremio.com\/br\/wp-content\/uploads\/2025\/02\/Snapinst.app_476477583_18492137032051576_55209611291316164_n_1080-1.jpg\" alt=\"\" class=\"wp-image-925166\"\/><figcaption class=\"wp-element-caption\">Mercedes ter\u00e1 Antonelli e Russell como dupla em 2025 (Foto: Mercedes)<\/figcaption><\/figure>\n\n\n\n<p class=\"wp-block-paragraph\">A F\u00f3rmula 1 se aproxima do retorno das f\u00e9rias. A pr\u00f3xima atividade \u00e9 exatamente a sess\u00e3o \u00fanica de testes coletivos de pr\u00e9-temporada, marcada para os dias 26, 27 e 28 de fevereiro, no <strong>Bahrein<\/strong>. A temporada 2025 come\u00e7a com o <strong>GP da Austr\u00e1lia<\/strong>, nos dias 14-16 de mar\u00e7o.<\/p>\n\n\n\n<p class=\"wp-block-paragraph\">\u25b6\ufe0f\u00a0<strong>Inscreva-se nos dois canais do GRANDE PR\u00caMIO no YouTube:\u00a0<a href=\"https:\/\/www.youtube.com\/channel\/UC9OlHEgxoaY6QY6nWPoiqQg?sub_confirmation=1\" target=\"_blank\" rel=\"noreferrer noopener\">GP<\/a>\u00a0|\u00a0<a href=\"https:\/\/www.youtube.com\/channel\/UC9csiS6q_C3C0FYhyr1rnFA?sub_confirmation=1\" target=\"_blank\" rel=\"noreferrer noopener\">GP2<\/a><\/strong><br>\u25b6\ufe0f\u00a0<strong>LEIA TAMB\u00c9M:\u00a0<a href=\"https:\/\/www.grandepremio.com\/br\/f1\/noticias\/fazer-lewis-hamilton-brilhar-desenvolver-sf-25-5-desafios-ferrari-f1-2025\/\">Fazer Hamilton brilhar e desenvolver SF-25: 5 desafios da Ferrari na F1 2025<\/a><\/strong><\/p>\n\n\n\n<figure class=\"wp-block-embed is-type-video is-provider-youtube wp-block-embed-youtube wp-embed-aspect-16-9 wp-has-aspect-ratio\"><div class=\"wp-block-embed__wrapper\">\n<iframe loading=\"lazy\" title=\"FA\u0303S HUMILHAM FIA EM LONDRES E MANDAM RECADO PARA F1 2025\" width=\"500\" height=\"281\" src=\"https:\/\/www.youtube.com\/embed\/Ihdpc2CkRqI?feature=oembed\" frameborder=\"0\" allow=\"accelerometer; autoplay; clipboard-write; encrypted-media; gyroscope; picture-in-picture; web-share\" referrerpolicy=\"strict-origin-when-cross-origin\" allowfullscreen><\/iframe>\n<\/div><\/figure>\n","protected":false},"excerpt":{"rendered":"<p>George Russell espera j\u00e1 encontrar respostas sobre como ser\u00e1 a temporada da Mercedes logo nas primeiras cinco voltas do ano, mas adiantou que esperar dar \u201cum bom passo \u00e0 frente\u201d em 2025<\/p>\n","protected":false},"author":0,"featured_media":1000907767,"comment_status":"closed","ping_status":"closed","sticky":false,"template":"","format":"standard","meta":{"42wp_featured_image_caption":"","42wp_featured_image_credits":"","42wp_featured_video":"","42wp_featured_image_hidden":false,"42wp_authors_list":[],"footnotes":""},"categories":[2],"tags":[27861,27776,34186,27487,39086,41965,5660,8235,41950,969,147,3630,642,11958,160,41966,180,3628,800,1491,30103,28285,87,82,41588],"42wp_author":[47162],"class_list":["post-31291","post","type-post","status-publish","format-standard","has-post-thumbnail","hentry","category-f1","tag-andrea-kimi-antonelli","tag-assistir-f1-ao-vivo","tag-assistir-f1-gratis","tag-assistir-f1-online","tag-calendario-f1-2025","tag-calendario-f1-2025-horarios","tag-classificacao","tag-classificacao-da-f1","tag-classificacao-f1-2025","tag-corrida","tag-f1","tag-f1-2025","tag-f1-ao-vivo","tag-f1-live","tag-f1-tv","tag-f1-tv-2025","tag-formula-1","tag-formula-1-2025","tag-george-russell","tag-grande-premio","tag-grande-premio-f1","tag-grandepremio","tag-lewis-hamilton","tag-mercedes","tag-w16","42wp_author-giovani-danjo"],"_links":{"self":[{"href":"https:\/\/grandepremio.com\/br\/wp-json\/wp\/v2\/posts\/31291","targetHints":{"allow":["GET"]}}],"collection":[{"href":"https:\/\/grandepremio.com\/br\/wp-json\/wp\/v2\/posts"}],"about":[{"href":"https:\/\/grandepremio.com\/br\/wp-json\/wp\/v2\/types\/post"}],"replies":[{"embeddable":true,"href":"https:\/\/grandepremio.com\/br\/wp-json\/wp\/v2\/comments?post=31291"}],"version-history":[{"count":0,"href":"https:\/\/grandepremio.com\/br\/wp-json\/wp\/v2\/posts\/31291\/revisions"}],"wp:featuredmedia":[{"embeddable":true,"href":"https:\/\/grandepremio.com\/br\/wp-json\/wp\/v2\/media\/1000907767"}],"wp:attachment":[{"href":"https:\/\/grandepremio.com\/br\/wp-json\/wp\/v2\/media?parent=31291"}],"wp:term":[{"taxonomy":"category","embeddable":true,"href":"https:\/\/grandepremio.com\/br\/wp-json\/wp\/v2\/categories?post=31291"},{"taxonomy":"post_tag","embeddable":true,"href":"https:\/\/grandepremio.com\/br\/wp-json\/wp\/v2\/tags?post=31291"},{"taxonomy":"42wp_author","embeddable":true,"href":"https:\/\/grandepremio.com\/br\/wp-json\/wp\/v2\/42wp_author?post=31291"}],"curies":[{"name":"wp","href":"https:\/\/api.w.org\/{rel}","templated":true}]}}