{"id":31321,"date":"2025-02-22T09:20:09","date_gmt":"2025-02-22T12:20:09","guid":{"rendered":"https:\/\/grandepremio.com\/br\/noticias\/nicolo-bulega-domina-corrida-1-abre-temporada-2025-wsbk-vitoria-australia\/"},"modified":"2025-02-22T15:03:06","modified_gmt":"2025-02-22T18:03:06","slug":"nicolo-bulega-domina-corrida-1-abre-temporada-2025-wsbk-vitoria-australia","status":"publish","type":"post","link":"https:\/\/grandepremio.com\/br\/superbike\/nicolo-bulega-domina-corrida-1-abre-temporada-2025-wsbk-vitoria-australia\/","title":{"rendered":"Bulega domina corrida 1 e abre temporada 2025 do WSBK com vit\u00f3ria na Austr\u00e1lia"},"content":{"rendered":"\n<p class=\"wp-block-paragraph\">O <strong>Mundial de Superbike<\/strong> abriu a temporada 2025 com uma vit\u00f3ria dominante de <strong>Nicol\u00f2 Bulega <\/strong>na corrida 1 deste s\u00e1bado (22) na <strong>Austr\u00e1lia<\/strong>. O titular da <strong>Ducati <\/strong>bateu <strong>Toprak<\/strong> <strong>Razgatlioglu <\/strong>por 4s811, com <strong>\u00c1lvaro Bautista <\/strong>completando o top-3 em <strong>Phillip Island<\/strong>.<\/p>\n\n\n\n<p class=\"wp-block-paragraph\">A prova australiana, por\u00e9m, n\u00e3o seguiu o padr\u00e3o habitual do <strong>WSBK<\/strong>, j\u00e1 que os pilotos tiveram de cumprir um pit-stop obrigat\u00f3rio para troca de pneus. O formato tinha sido anunciado ainda no fim de janeiro e atribu\u00eddo \u00e0 preocupa\u00e7\u00e3o com o clima imprevis\u00edvel e a amplitude t\u00e9rmica prevista para o fim de semana, al\u00e9m do asfalto e layout da pista.<\/p>\n\n\n\n<p class=\"wp-block-paragraph\">Dono da pole, Bulega n\u00e3o deu chances aos rivais na sa\u00edda e mergulhou primeiro na curva 1 e, depois, n\u00e3o viu mais a concorr\u00eancia, nem mesmo ap\u00f3s a parada para troca de pneus. Razgatlioglu, por outro lado, precisou suar um pouco mais para assegurar o segundo degrau do p\u00f3dio.<\/p>\n\n\n\n<p class=\"wp-block-paragraph\">O piloto da <strong>BMW <\/strong>precisou resistir a uma disputa com Bautista, <strong>Andrea Iannone <\/strong>e <strong>Scott Redding <\/strong>ap\u00f3s o pit-stop, mas conseguiu assegurar o segundo lugar com 0s297 de margem para o espanhol da <strong>Ducati<\/strong>.<\/p>\n\n\n\n<figure class=\"wp-block-image size-large\"><img decoding=\"async\" src=\"https:\/\/www.grandepremio.com\/br\/wp-content\/uploads\/2025\/02\/WSBK-2025-Australia-Phillip-Island-Corrida-1-Ducati-Nicolo-Bulega-1200x800.jpg\" alt=\"\" class=\"wp-image-929986\"\/><figcaption class=\"wp-element-caption\">Nicol\u00f2 Bulega n\u00e3o deu chances aos rivais em Phillip Island (Foto: Divulga\u00e7\u00e3o\/WSBK)<\/figcaption><\/figure>\n\n\n\n<p class=\"wp-block-paragraph\"><strong>\u25b6\ufe0f&nbsp;Inscreva-se nos dois canais do GRANDE PR\u00caMIO no YouTube:&nbsp;<a href=\"https:\/\/www.youtube.com\/channel\/UC9OlHEgxoaY6QY6nWPoiqQg?sub_confirmation=1\" target=\"_blank\" rel=\"noreferrer noopener\">GP<\/a>&nbsp;|&nbsp;<a href=\"https:\/\/www.youtube.com\/channel\/UC9csiS6q_C3C0FYhyr1rnFA?sub_confirmation=1\" target=\"_blank\" rel=\"noreferrer noopener\">GP2<\/a><\/strong><\/p>\n\n\n\n<p class=\"wp-block-paragraph\">\u00c1lvaro, ali\u00e1s, tampouco teve vida f\u00e1cil, mas segurou Iannone, Redding e <strong>Danilo Petrucci <\/strong>para fechar o p\u00f3dio de Phillip Island. Vindo de uma estreia no <strong>Rali Dakar <\/strong>correndo de caminh\u00e3o, o <strong>#9<\/strong> lan\u00e7ou m\u00e3o de uma ultrapassagem na curva 1 na volta 18 para tomar o quarto posto de Scott e ficar com a quarta posi\u00e7\u00e3o, como melhor piloto independente.<\/p>\n\n\n\n<p class=\"wp-block-paragraph\">Depois de um in\u00edcio forte, Iannone perdeu ritmo depois de um problema ainda na segunda volta, quando caiu para o sexto posto. Depois do pit-stop, \u2018<strong><em>The Maniac<\/em><\/strong>\u2019 conseguiu se recompor e voltar \u00e0 briga, mas recebeu a bandeirada em sexto, a 7s548 do vencedor.<\/p>\n\n\n\n<p class=\"wp-block-paragraph\">Desfalcada de <strong>Jonathan Rea<\/strong>, <a href=\"https:\/\/www.grandepremio.com\/br\/superbike\/noticias\/jonathan-rea-sofre-multiplas-fraturas-pe-queda-teste-esta-fora-abertura-wsbk\/\">que se machucou no teste do in\u00edcio da semana<\/a>, a <strong>Yamaha <\/strong>conseguiu o melhor resultado do dia com <strong>Andrea Locatelli<\/strong>, que ficou em s\u00e9timo, \u00e0 frente de <strong>Alex Lowes<\/strong>, que recebeu uma puni\u00e7\u00e3o de 0s6 por ter sa\u00eddo do pit-lane fora de hora.<\/p>\n\n\n\n<p class=\"wp-block-paragraph\"><strong>Axel Bassani<\/strong> ficou logo atr\u00e1s, com <strong>Sam Lowes <\/strong>completando a lista dos dez melhores. <strong>Iker Lecuona <\/strong>precisou ser substitu\u00eddo por <strong>Tetsuda Nagashima <\/strong>ap\u00f3s fraturar o p\u00e9 esquerdo em uma queda na <strong>Lukey Heights<\/strong>, curva 9 de Phillip Island.<\/p>\n\n\n\n<p class=\"wp-block-paragraph\">Com a vit\u00f3ria, o vice-campe\u00e3o vigente abre o ano na lideran\u00e7a do <strong>Mundial de Pilotos<\/strong> com 25 pontos, cinco a mais do que Razgatlioglu. No <strong>Mundial de Construtores<\/strong>, a Ducati come\u00e7a o ano com cinco pontos de frente para a BMW.<\/p>\n\n\n\n<p class=\"wp-block-paragraph\">Os pilotos voltam \u00e0 pista em Phillip Island no domingo para o complemento da rodada. A corrida <strong>Superpole <\/strong>acontece ainda no s\u00e1bado no hor\u00e1rio brasileiro, \u00e0s 23h (de <strong>Bras\u00edlia<\/strong>), enquanto a corrida 2 est\u00e1 marcada para as 2h, j\u00e1 na madrugada de domingo.<\/p>\n\n\n\n<figure class=\"wp-block-embed is-type-video is-provider-youtube wp-block-embed-youtube wp-embed-aspect-16-9 wp-has-aspect-ratio\"><div class=\"wp-block-embed__wrapper\">\n<iframe loading=\"lazy\" title=\"BAGNAIA x MARC M\u00c1RQUEZ: HARMONIA DA DUCATI TEM DATA PARA ACABAR? | Paddock Sprint Moto\" width=\"500\" height=\"281\" src=\"https:\/\/www.youtube.com\/embed\/73T6VN_KHhQ?feature=oembed\" frameborder=\"0\" allow=\"accelerometer; autoplay; clipboard-write; encrypted-media; gyroscope; picture-in-picture; web-share\" referrerpolicy=\"strict-origin-when-cross-origin\" allowfullscreen><\/iframe>\n<\/div><\/figure>\n","protected":false},"excerpt":{"rendered":"<p>Nicol\u00f2 Bulega bateu Toprak Razgatlioglu e \u00c1lvaro Bautista em Phillip Island neste s\u00e1bado (22) e come\u00e7ou o ano no Mundial de Superbike com uma vit\u00f3ria dominante. Iker Lecuona sofreu les\u00e3o ainda na classifica\u00e7\u00e3o e n\u00e3o participou da abertura do campeonato<\/p>\n","protected":false},"author":0,"featured_media":1000929987,"comment_status":"closed","ping_status":"closed","sticky":false,"template":"","format":"standard","meta":{"42wp_featured_image_caption":"","42wp_featured_image_credits":"","42wp_featured_video":"","42wp_featured_image_hidden":false,"42wp_authors_list":[],"footnotes":""},"categories":[15],"tags":[26793,33986,1491,28285,37742,950,42030,4217,2749,939,2174,39249],"42wp_author":[47113],"class_list":["post-31321","post","type-post","status-publish","format-standard","has-post-thumbnail","hentry","category-superbike","tag-calendario-wsbk","tag-classificacao-wsbk","tag-grande-premio","tag-grandepremio","tag-horarios-wsbk","tag-mundial-de-superbike","tag-mundial-de-superbike-2025","tag-nicolo-bulega","tag-phillip-island","tag-superbike","tag-wsbk","tag-wsbk-2025","42wp_author-juliana-tesser"],"_links":{"self":[{"href":"https:\/\/grandepremio.com\/br\/wp-json\/wp\/v2\/posts\/31321","targetHints":{"allow":["GET"]}}],"collection":[{"href":"https:\/\/grandepremio.com\/br\/wp-json\/wp\/v2\/posts"}],"about":[{"href":"https:\/\/grandepremio.com\/br\/wp-json\/wp\/v2\/types\/post"}],"replies":[{"embeddable":true,"href":"https:\/\/grandepremio.com\/br\/wp-json\/wp\/v2\/comments?post=31321"}],"version-history":[{"count":0,"href":"https:\/\/grandepremio.com\/br\/wp-json\/wp\/v2\/posts\/31321\/revisions"}],"wp:featuredmedia":[{"embeddable":true,"href":"https:\/\/grandepremio.com\/br\/wp-json\/wp\/v2\/media\/1000929987"}],"wp:attachment":[{"href":"https:\/\/grandepremio.com\/br\/wp-json\/wp\/v2\/media?parent=31321"}],"wp:term":[{"taxonomy":"category","embeddable":true,"href":"https:\/\/grandepremio.com\/br\/wp-json\/wp\/v2\/categories?post=31321"},{"taxonomy":"post_tag","embeddable":true,"href":"https:\/\/grandepremio.com\/br\/wp-json\/wp\/v2\/tags?post=31321"},{"taxonomy":"42wp_author","embeddable":true,"href":"https:\/\/grandepremio.com\/br\/wp-json\/wp\/v2\/42wp_author?post=31321"}],"curies":[{"name":"wp","href":"https:\/\/api.w.org\/{rel}","templated":true}]}}