{"id":32138,"date":"2025-02-18T20:24:00","date_gmt":"2025-02-18T23:24:00","guid":{"rendered":"https:\/\/grandepremio.com\/br\/noticias\/festa-lewis-hamilton-red-bull-vaiada-como-foi-evento-lancamento-f1-2025\/"},"modified":"2025-02-18T20:30:13","modified_gmt":"2025-02-18T23:30:13","slug":"festa-lewis-hamilton-red-bull-vaiada-como-foi-evento-lancamento-f1-2025","status":"publish","type":"post","link":"https:\/\/grandepremio.com\/br\/f1\/festa-lewis-hamilton-red-bull-vaiada-como-foi-evento-lancamento-f1-2025\/","title":{"rendered":"Festa para Hamilton e Red Bull vaiada: como foi evento de lan\u00e7amento da F1 2025"},"content":{"rendered":"\n<p class=\"wp-block-paragraph\">A <strong>F1 <\/strong>abriu, nesta ter\u00e7a-feira (18), as comemora\u00e7\u00f5es pelos 75 anos com o <strong>F175 Live<\/strong>, <a href=\"https:\/\/www.grandepremio.com\/br\/f1\/noticias\/lewis-hamilton-charles-leclerc-chegam-ferrari-quatro-portas-tapete-vermelho-f175\/\">evento que reuniu equipes e pilotos para apresenta\u00e7\u00e3o coletiva<\/a> das pinturas dos dez carros da temporada 2025 na <strong>02 Arena<\/strong>, em <strong>Londres<\/strong>.<\/p>\n\n\n\n<p class=\"wp-block-paragraph\">E d\u00e1 para dizer que a cerim\u00f4nia foi um sucesso. Com atra\u00e7\u00f5es musicais no come\u00e7o e no fim, de <strong>mgk <\/strong>a <strong>Take That,<\/strong> e com apresenta\u00e7\u00e3o divertida do ator e comediante <strong>Jack Whitehall,<\/strong> o evento ainda contou com VTs hist\u00f3ricos da categoria, de rivalidades, pilotos marcantes, mais uma ativa\u00e7\u00e3o do filme novo da F1 e at\u00e9 um grid completo com os carros novos no palco no encerramento.<\/p>\n\n\n\n<p class=\"wp-block-paragraph\">Houve tamb\u00e9m, claro, os momentos mais marcantes. <strong>Lewis Hamilton<\/strong> <a href=\"https:\/\/www.grandepremio.com\/br\/f1\/noticias\/lewis-hamilton-revela-ansiedade-para-estreia-carro-2025-ferrari-unica\/\">foi o centro das aten\u00e7\u00f5es<\/a> e, em casa, foi ovacionado pelos compatriotas. Por outro lado, a <strong>Red Bull<\/strong> n\u00e3o teve boa recep\u00e7\u00e3o. <strong>Christian Horner <\/strong>resolveu preparar <a href=\"https:\/\/www.grandepremio.com\/br\/f1\/noticias\/christian-horner-max-verstappen-recebem-vaias-publico-londres-durante-f175\/\">um mon\u00f3logo e foi vaiado<\/a>, assim como <strong>Max Verstappen<\/strong>, que nem precisou abrir a boca para sofrer com o p\u00fablico. <\/p>\n\n\n\n<p class=\"wp-block-paragraph\"><strong>LEIA MAIS<br>+ <a href=\"https:\/\/www.grandepremio.com\/br\/f1\/noticias\/mclaren-faz-fila-carros-campeoes-apresenta-mcl39-papaia-preto-formula-1-2025\/\">McLaren faz fila de carros campe\u00f5es e apresenta MCL39 em papaia e preto para 2025<\/a><br>+ <a href=\"https:\/\/www.grandepremio.com\/br\/f1\/noticias\/ferrari-ousa-coloca-faixa-branca-junto-vermelho-tradicional-carro-formula-1-2025\/\">Ferrari ousa e coloca faixa branca junto de vermelho tradicional no carro de 2025<\/a><br>+ <a href=\"https:\/\/www.grandepremio.com\/br\/f1\/noticias\/haas-opta-preto-branco-tradicional-oficializa-pintura-carro-formula-1-2025\/\">Haas opta por preto e branco tradicional e oficializa pintura do carro da F1 2025<\/a><br>+ <a href=\"https:\/\/www.grandepremio.com\/br\/f1\/noticias\/racing-bulls-muda-cor-adota-pintura-branca-honda-carro-formula-1-2025\/\">Racing Bulls muda de cor e adota pintura branca \u00e0 Honda no carro da F1 2025<\/a><br>+ <a href=\"https:\/\/www.grandepremio.com\/br\/f1\/noticias\/sauber-muda-esquema-mantem-verde-preto-estreia-gabriel-bortoleto-formula-1\/\">Sauber muda esquema, mas mant\u00e9m verde e preto para estreia de Bortoleto na F1<\/a><\/strong><\/p>\n\n\n\n<figure class=\"wp-block-image size-large\"><img decoding=\"async\" src=\"https:\/\/www.grandepremio.com\/br\/wp-content\/uploads\/2025\/02\/CARRO-FERRARI2-1200x675.jpg\" alt=\"\" class=\"wp-image-928861\"\/><figcaption class=\"wp-element-caption\">Os carros da Ferrari para 2025 com a tal faixa branca (Foto: Ferrari)<\/figcaption><\/figure>\n\n\n\n<p class=\"wp-block-paragraph\">Teve ainda a <strong>FIA<\/strong>, <a href=\"https:\/\/www.grandepremio.com\/br\/f1\/noticias\/publico-vaia-fia-momento-agradecimento-f1-durante-evento-londres\/\">provavelmente a mais vaiada<\/a>, em um momento em que a F1 realizada um agradecimento \u00e0 entidade, antes de passar para r\u00e1pida apresenta\u00e7\u00e3o da <strong>Pirelli<\/strong>.<\/p>\n\n\n\n<p class=\"wp-block-paragraph\">As dez equipes da <strong>F1 2025<\/strong> mostraram ao mundo durante o evento a pintura dos carros para a temporada. Os times subiram no palco com os pilotos titulares e tiveram, cada um, 7 minutos de apresenta\u00e7\u00e3o.<\/p>\n\n\n\n<p class=\"wp-block-paragraph\">S\u00f3 que cada equipe optou por um caminho para aproveitar os 7 minutos. A <strong>Ferrari<\/strong>, por exemplo, fez <a href=\"https:\/\/www.grandepremio.com\/br\/f1\/noticias\/ferrari-ousa-coloca-faixa-branca-junto-vermelho-tradicional-carro-formula-1-2025\/\">uma transforma\u00e7\u00e3o do carro dos prim\u00f3rdios para mostrar o atual<\/a>, com uma ousada faixa branca. A <strong>McLaren<\/strong>, enquanto isso, <a href=\"https:\/\/www.grandepremio.com\/br\/f1\/noticias\/mclaren-faz-fila-carros-campeoes-apresenta-mcl39-papaia-preto-formula-1-2025\/\">enfileirou os b\u00f3lidos campe\u00f5es<\/a> e lan\u00e7ou o laranjinha depois. <\/p>\n\n\n\n<p class=\"wp-block-paragraph\"><strong>LEIA MAIS<br>+ <a href=\"https:\/\/www.grandepremio.com\/br\/f1\/noticias\/red-bull-prepara-balada-palco-mostra-rb21-pintura-tradicional-formula-1-2025\/\">Red Bull prepara balada no palco e mostra RB21 com pintura tradicional para F1 2025<\/a><br>+ <a href=\"https:\/\/www.grandepremio.com\/br\/f1\/noticias\/mercedes-mistura-prateado-preto-primeiro-carro-pos-lewis-hamilton-formula-1\/\">Mercedes mistura prateado e preto em primeiro carro p\u00f3s-Hamilton na F\u00f3rmula 1<\/a><br>+ <a href=\"https:\/\/www.grandepremio.com\/br\/f1\/noticias\/aston-martin-viaja-tempo-apresentacao-mostra-carro-bem-verde-para-formula-1-2025\/\">Aston Martin viaja no tempo em apresenta\u00e7\u00e3o e mostra carro bem verde para 2025<\/a><br>+ <a href=\"https:\/\/www.grandepremio.com\/br\/f1\/noticias\/alpine-repete-dose-lanca-carro-pintura-azul-rosa-formula-1-2025\/\">Alpine repete dose e lan\u00e7a carro com pintura em azul e rosa na F\u00f3rmula 1 2025<\/a><br>+ <a href=\"https:\/\/www.grandepremio.com\/br\/f1\/noticias\/williams-aposta-azulao-apresenta-fw47-carlos-sainz-alexander-albon-formula-1-2025\/\">Williams aposta em \u2018azul\u00e3o\u2019 e apresenta FW47 de Sainz e Albon na F1 2025<\/a><\/strong><\/p>\n\n\n\n<figure class=\"wp-block-image size-full\"><img decoding=\"async\" src=\"https:\/\/www.grandepremio.com\/br\/wp-content\/uploads\/2025\/02\/imagem_2025-02-18_184740068.png\" alt=\"\" class=\"wp-image-928839\"\/><figcaption class=\"wp-element-caption\">O novo carro da McLaren para 2025 (Foto: Reprodu\u00e7\u00e3o\/F1TV)<\/figcaption><\/figure>\n\n\n\n<p class=\"wp-block-paragraph\">Teve ainda a <strong>Aston Martin<\/strong> <a href=\"https:\/\/www.grandepremio.com\/br\/f1\/noticias\/aston-martin-viaja-tempo-apresentacao-mostra-carro-bem-verde-para-formula-1-2025\/\">numa entrada de cinema<\/a>, a <a href=\"https:\/\/www.grandepremio.com\/br\/f1\/noticias\/red-bull-prepara-balada-palco-mostra-rb21-pintura-tradicional-formula-1-2025\/\">balada da<\/a> <strong>Red Bull,<\/strong> as <a href=\"https:\/\/www.grandepremio.com\/br\/f1\/noticias\/haas-opta-preto-branco-tradicional-oficializa-pintura-carro-formula-1-2025\/\">apresenta\u00e7\u00f5es musicais de<\/a> <strong>Alpine <\/strong>e <strong>Haas<\/strong>, o <a href=\"https:\/\/www.grandepremio.com\/br\/f1\/noticias\/sauber-muda-esquema-mantem-verde-preto-estreia-gabriel-bortoleto-formula-1\/\">batuque da<\/a> <strong>Sauber <\/strong>e at\u00e9 um <a href=\"https:\/\/www.grandepremio.com\/br\/f1\/noticias\/racing-bulls-muda-cor-adota-pintura-branca-honda-carro-formula-1-2025\/\">v\u00eddeo engra\u00e7adinho<\/a> da <strong>Racing Bulls<\/strong> querendo ser chamada pelo novo nome.<\/p>\n\n\n\n<p class=\"wp-block-paragraph\">A ordem de apresenta\u00e7\u00e3o das equipes seguiu invertida a classifica\u00e7\u00e3o do <strong>Mundial de Construtores<\/strong> de 2024. Assim, os embalos de ter\u00e7a-feira \u00e0 noite na Inglaterra foram abertos pela <strong>Sauber<\/strong>, de <strong>Gabriel Bortoleto<\/strong>. Em seguida, a <strong>Williams <\/strong>sobiu ao palco, e assim sucessivamente at\u00e9 que se chegasse \u00e0 campe\u00e3 da F1 2024, a <strong>McLaren<\/strong>, que fechou a noite. Com isso, a <strong>Ferrari,<\/strong> de Hamilton, foi a pen\u00faltima a se apresentar. Logo antes, a <strong>Red Bull<\/strong>, do atual tetracampe\u00e3o <strong>Max Verstappen<\/strong>, subiu ao palco.<\/p>\n\n\n\n<p class=\"wp-block-paragraph\">Agora, a expectativa se volta para os lan\u00e7amentos, em tese, oficiais. A Williams fez o dela antes mesmo do evento em Londres, na \u00faltima sexta-feira (14), enquanto a Haas foi \u00e0 pista e divulgou primeiras imagens. O mesmo aconteceu com a McLaren, ali\u00e1s. As pr\u00f3ximas devem ser a Ferrari, que vai \u00e0 pista em Fiorano nesta quarta-feira (19), <strong>Aston Martin,<\/strong> no domingo (23), e <strong>Mercedes<\/strong>, na segunda-feira (24).<\/p>\n\n\n\n<p class=\"wp-block-paragraph\">A <strong>F\u00f3rmula 1 <\/strong>se aproxima do retorno das f\u00e9rias. A pr\u00f3xima atividade \u00e9 exatamente a sess\u00e3o \u00fanica de testes coletivos de pr\u00e9-temporada, marcada para os dias 26, 27 e 28 de fevereiro, no <strong>Bahrein<\/strong>. A temporada 2025 come\u00e7a com o <strong>GP da Austr\u00e1lia,<\/strong> nos dias 14-16 de mar\u00e7o.<\/p>\n\n\n\n<p class=\"wp-block-paragraph\">\u25b6\ufe0f&nbsp;<strong>Inscreva-se nos dois canais do GRANDE PR\u00caMIO no YouTube:&nbsp;<a href=\"https:\/\/www.youtube.com\/channel\/UC9OlHEgxoaY6QY6nWPoiqQg?sub_confirmation=1\" target=\"_blank\" rel=\"noreferrer noopener\">GP<\/a>&nbsp;|&nbsp;<a href=\"https:\/\/www.youtube.com\/channel\/UC9csiS6q_C3C0FYhyr1rnFA?sub_confirmation=1\" target=\"_blank\" rel=\"noreferrer noopener\">GP2<\/a><\/strong><br>\u25b6\ufe0f&nbsp;<strong>LEIA TAMB\u00c9M:&nbsp;<a href=\"https:\/\/www.grandepremio.com\/br\/gptv\/noticias\/grande-premio-chega-a-tv-apos-inovar-com-programas-que-viraram-referencia\/\">GRANDE PR\u00caMIO chega \u00e0 TV ap\u00f3s inovar com programas que viraram refer\u00eancia<\/a><\/strong><\/p>\n\n\n\n<figure class=\"wp-block-embed is-type-video is-provider-youtube wp-block-embed-youtube wp-embed-aspect-16-9 wp-has-aspect-ratio\"><div class=\"wp-block-embed__wrapper\">\n<iframe loading=\"lazy\" title=\"F1 LAN\u00c7A TEMPORADA 2025. ACOMPANHE TUDO SOBRE O SHOW | [REACT]\" width=\"500\" height=\"281\" src=\"https:\/\/www.youtube.com\/embed\/Iz0ve2teKnc?feature=oembed\" frameborder=\"0\" allow=\"accelerometer; autoplay; clipboard-write; encrypted-media; gyroscope; picture-in-picture; web-share\" referrerpolicy=\"strict-origin-when-cross-origin\" allowfullscreen><\/iframe>\n<\/div><\/figure>\n","protected":false},"excerpt":{"rendered":"<p>A F1 inovou e, abrindo as comemora\u00e7\u00f5es pelos 75 anos, fez o evento de apresenta\u00e7\u00e3o coletiva das equipes, mostrando para o mundo a pintura dos dez carros de 2025 em Londres. Lewis Hamilton, claro, foi o mais celebrado, enquanto a Red Bull encarou vaias<\/p>\n","protected":false},"author":0,"featured_media":1000928858,"comment_status":"closed","ping_status":"closed","sticky":false,"template":"","format":"standard","meta":{"42wp_featured_image_caption":"","42wp_featured_image_credits":"","42wp_featured_video":"","42wp_featured_image_hidden":false,"42wp_authors_list":[],"footnotes":""},"categories":[2],"tags":[457,20491,27861,309,26271,546,209,5273,302,147,3630,176,207,103,180,3628,25440,40593,350,800,1491,28285,119,30840,28104,596,4149,42560,485,547,87,595,25553,3256,203,90,82,1521,29923,35129,2916,676,38179,204,42001,215,597],"42wp_author":[47117],"class_list":["post-32138","post","type-post","status-publish","format-standard","has-post-thumbnail","hentry","category-f1","tag-alfa-romeo","tag-alpine","tag-andrea-kimi-antonelli","tag-aston-martin","tag-calendario-f1","tag-carlos-sainz","tag-charles-leclerc","tag-classificacao-f1","tag-esteban-ocon","tag-f1","tag-f1-2025","tag-fernando-alonso","tag-ferrari","tag-fia","tag-formula-1","tag-formula-1-2025","tag-franco-colapinto","tag-fw47","tag-gabriel-bortoleto","tag-george-russell","tag-grande-premio","tag-grandepremio","tag-haas","tag-horarios-f1","tag-isack-hadjar","tag-jack-doohan","tag-james-vowles","tag-lancamentos-f1-2025","tag-lance-stroll","tag-lando-norris","tag-lewis-hamilton","tag-liam-lawson","tag-logan-sargeant","tag-londres","tag-max-verstappen","tag-mclaren","tag-mercedes","tag-nico-hulkenberg","tag-oliver-bearman","tag-onde-assistir-f1","tag-oscar-piastri","tag-pierre-gasly","tag-racing-bulls","tag-red-bull","tag-temporada-2025-f1","tag-williams","tag-yuki-tsunoda","42wp_author-gabriel-curty"],"_links":{"self":[{"href":"https:\/\/grandepremio.com\/br\/wp-json\/wp\/v2\/posts\/32138","targetHints":{"allow":["GET"]}}],"collection":[{"href":"https:\/\/grandepremio.com\/br\/wp-json\/wp\/v2\/posts"}],"about":[{"href":"https:\/\/grandepremio.com\/br\/wp-json\/wp\/v2\/types\/post"}],"replies":[{"embeddable":true,"href":"https:\/\/grandepremio.com\/br\/wp-json\/wp\/v2\/comments?post=32138"}],"version-history":[{"count":0,"href":"https:\/\/grandepremio.com\/br\/wp-json\/wp\/v2\/posts\/32138\/revisions"}],"wp:featuredmedia":[{"embeddable":true,"href":"https:\/\/grandepremio.com\/br\/wp-json\/wp\/v2\/media\/1000928858"}],"wp:attachment":[{"href":"https:\/\/grandepremio.com\/br\/wp-json\/wp\/v2\/media?parent=32138"}],"wp:term":[{"taxonomy":"category","embeddable":true,"href":"https:\/\/grandepremio.com\/br\/wp-json\/wp\/v2\/categories?post=32138"},{"taxonomy":"post_tag","embeddable":true,"href":"https:\/\/grandepremio.com\/br\/wp-json\/wp\/v2\/tags?post=32138"},{"taxonomy":"42wp_author","embeddable":true,"href":"https:\/\/grandepremio.com\/br\/wp-json\/wp\/v2\/42wp_author?post=32138"}],"curies":[{"name":"wp","href":"https:\/\/api.w.org\/{rel}","templated":true}]}}