{"id":32189,"date":"2025-02-18T18:11:00","date_gmt":"2025-02-18T21:11:00","guid":{"rendered":"https:\/\/grandepremio.com\/br\/noticias\/aston-martin-viaja-tempo-apresentacao-mostra-carro-bem-verde-para-formula-1-2025\/"},"modified":"2025-02-18T18:16:17","modified_gmt":"2025-02-18T21:16:17","slug":"aston-martin-viaja-tempo-apresentacao-mostra-carro-bem-verde-para-formula-1-2025","status":"publish","type":"post","link":"https:\/\/grandepremio.com\/br\/f1\/aston-martin-viaja-tempo-apresentacao-mostra-carro-bem-verde-para-formula-1-2025\/","title":{"rendered":"Aston Martin viaja no tempo em apresenta\u00e7\u00e3o e mostra carro bem verde para 2025"},"content":{"rendered":"\n<p class=\"wp-block-paragraph\">A <strong>Aston Martin<\/strong>, que sofreu 2024 como uma chaga, foi a sexta equipe a se apresentar no palco da O2 Arena, em Londres, nesta sexta-feira (18). O evento <strong>F175<\/strong>, organizado pela <strong>F1<\/strong>, viu o que a equipe busca em transformar no primeiro passe de uma hist\u00f3ria de recupera\u00e7\u00e3o. O time fez uma apresenta\u00e7\u00e3o que come\u00e7ou em v\u00eddeo toda tem\u00e1tica \u00e0 servi\u00e7o secreta de Sua Majestade: inteira baseada em James Bond, o 007. <\/p>\n\n\n\n<p class=\"wp-block-paragraph\">O nome do carro com que a equipe inglesa vai competir neste ano \u00e9 <strong>AMR25<\/strong>. A pintura pegou o t\u00fanel do tempo e ganhou ainda mais tons de verde, dentro e fora do escopo do tradicional tom de verde da marca inglesa. <\/p>\n\n\n\n<p class=\"wp-block-paragraph\">\u201cEstou ansioso para o come\u00e7o da temporada, pilotar o carro na pr\u00f3xima semana, no Bahrein. \u00c9 o carro mais lindo, ent\u00e3o, aproveitem o resto da noite. Obrigado por virem, obrigado por nos apoiar\u201d, saudou <strong>Fernando Alonso<\/strong>. &#8220;A pintura est\u00e1 linda. Estou ansioso para correr\u201d, animou-se <strong>Lance Stroll<\/strong>. <\/p>\n\n\n\n<p class=\"wp-block-paragraph\">\u201cQue noite! O pessoal de Silverstone [onde est\u00e1 a f\u00e1brica da equipe] est\u00e1 muito orgulhoso dessa Aston Martin. A pintura de 2025 est\u00e1 absolutamente linda. Mal podemos esperar para correr\u201d, falou o chefe <strong>Andy Cowell<\/strong>.<\/p>\n\n\n\n<figure class=\"wp-block-image size-large\"><img decoding=\"async\" src=\"https:\/\/www.grandepremio.com\/br\/wp-content\/uploads\/2024\/04\/alonso-stroll-1024x576.jpg\" alt=\"\" class=\"wp-image-801818\"\/><figcaption class=\"wp-element-caption\">Fernando Alonso e Lance Stroll continuam os titulares da Aston Martin na F1 (Foto: Reprodu\u00e7\u00e3o \/ DunaPress)<\/figcaption><\/figure>\n\n\n\n<p class=\"wp-block-paragraph\">A equipe \u00e9 mais uma que decidiu pela instabilidade recente. Ap\u00f3s o ano ruim, inicia em 2025 com novo CEO, chefe de equipe e diretor-t\u00e9cnico. <strong>Martin Whitmarsh<\/strong> e <strong>Mike Krack<\/strong>, respectivamente CEO e chefe no ano passado, deixaram a companhia e entregaram os dois cargos na m\u00e3o de <strong>Cowell<\/strong>. J\u00e1 <strong>Dan Fallows<\/strong> foi tirado da dire\u00e7\u00e3o-t\u00e9cnica ap\u00f3s desembarcar dois anos antes quase como um messias. <strong>Enrico Cardile<\/strong>, ex-Ferrari, assumiu a responsabilidade. Tudo decidido pelo dono <strong>Lawrence Stroll<\/strong>.<\/p>\n\n\n\n<p class=\"wp-block-paragraph\">Al\u00e9m disso, o projetista <strong>Adrian Newey<\/strong> <strong><a href=\"https:\/\/www.grandepremio.com\/br\/f1\/noticias\/aston-martin-encerra-novela-anuncia-adrian-newey-busca-proximo-passo-f1\/\">traz o peso de uma verdadeira lenda<\/a><\/strong> da F1 para a f\u00e1brica de Silverstone, mas j\u00e1 avisou que <strong><a href=\"https:\/\/www.grandepremio.com\/br\/f1\/noticias\/adrian-newey-foca-2026-assume-aston-martin-vai-querer-palpite-2025\/\">trabalha prioritariamente pensando no projeto de 2026<\/a><\/strong>.<\/p>\n\n\n\n<p class=\"wp-block-paragraph\">J\u00e1 na escala\u00e7\u00e3o dos pilotos, nenhuma novidade. <strong>Alonso<\/strong> permanece e com mais dois anos de contrato. <strong>Stroll<\/strong>, filho do dono, mesmo extremamente contestado, continua no volante.<strong> Felipe Drugovich<\/strong> vai para o terceiro ano como reserva do time verde.<\/p>\n\n\n\n<p class=\"wp-block-paragraph\">O pr\u00f3ximo dia 23 de fevereiro, segunda-feira da semana que vem, foi o escolhido pela Aston Martin para um lan\u00e7amento particular.<\/p>\n\n\n\n<p class=\"wp-block-paragraph\">A&nbsp;<a href=\"https:\/\/www.grandepremio.com\/br\/f1\/\" target=\"_blank\" rel=\"noreferrer noopener\">F\u00f3rmula 1<\/a>&nbsp;se aproxima da volta \u00e0s pistas. A pr\u00f3xima atividade \u00e9 exatamente a sess\u00e3o \u00fanica de testes coletivos de pr\u00e9-temporada, marcada para os dias 26, 27 e 28 de fevereiro, no Bahrein. A temporada 2025 come\u00e7a com o GP da Austr\u00e1lia, nos dias 14-16 de mar\u00e7o.<\/p>\n\n\n\n<p class=\"wp-block-paragraph\">\u25b6\ufe0f <strong>Inscreva-se nos dois canais do GRANDE PR\u00caMIO no YouTube:&nbsp;<a href=\"https:\/\/www.youtube.com\/channel\/UC9OlHEgxoaY6QY6nWPoiqQg?sub_confirmation=1\" target=\"_blank\" rel=\"noreferrer noopener\">GP<\/a>&nbsp;|&nbsp;<a href=\"https:\/\/www.youtube.com\/channel\/UC9csiS6q_C3C0FYhyr1rnFA?sub_confirmation=1\" target=\"_blank\" rel=\"noreferrer noopener\">GP2<\/a><\/strong><\/p>\n\n\n\n<figure class=\"wp-block-embed is-type-video is-provider-youtube wp-block-embed-youtube wp-embed-aspect-16-9 wp-has-aspect-ratio\"><div class=\"wp-block-embed__wrapper\">\n<iframe loading=\"lazy\" title=\"F1 PREPARA SHOW COM NOVAS PINTURAS DE 2025 | Paddock GP #404\" width=\"500\" height=\"281\" src=\"https:\/\/www.youtube.com\/embed\/cO5iMOv6K6A?feature=oembed\" frameborder=\"0\" allow=\"accelerometer; autoplay; clipboard-write; encrypted-media; gyroscope; picture-in-picture; web-share\" referrerpolicy=\"strict-origin-when-cross-origin\" allowfullscreen><\/iframe>\n<\/div><figcaption class=\"wp-element-caption\">F1 PREPARA SHOW COM NOVAS PINTURAS DE 2025 | Paddock GP #404<\/figcaption><\/figure>\n","protected":false},"excerpt":{"rendered":"<p>Aston Martin foi a sexta equipe a apresentar e mostrou ao mundo a cara do AMR25, carro que ser\u00e1 guiado por Fernando Alonso e Lance Stroll em 2025<\/p>\n","protected":false},"author":0,"featured_media":1000928799,"comment_status":"closed","ping_status":"closed","sticky":false,"template":"","format":"standard","meta":{"42wp_featured_image_caption":"","42wp_featured_image_credits":"","42wp_featured_video":"","42wp_featured_image_hidden":false,"42wp_authors_list":[],"footnotes":""},"categories":[2],"tags":[3547,42606,309,26000,5660,3630,642,1024,176,485,36313,42605],"42wp_author":[47120],"class_list":["post-32189","post","type-post","status-publish","format-standard","has-post-thumbnail","hentry","category-f1","tag-adrian-newey","tag-amr25","tag-aston-martin","tag-audiencia-da-tv","tag-classificacao","tag-f1-2025","tag-f1-ao-vivo","tag-felipe-drugovich","tag-fernando-alonso","tag-lance-stroll","tag-stroll-f1","tag-stroll-formula-1","42wp_author-pedro-henrique-marum"],"_links":{"self":[{"href":"https:\/\/grandepremio.com\/br\/wp-json\/wp\/v2\/posts\/32189","targetHints":{"allow":["GET"]}}],"collection":[{"href":"https:\/\/grandepremio.com\/br\/wp-json\/wp\/v2\/posts"}],"about":[{"href":"https:\/\/grandepremio.com\/br\/wp-json\/wp\/v2\/types\/post"}],"replies":[{"embeddable":true,"href":"https:\/\/grandepremio.com\/br\/wp-json\/wp\/v2\/comments?post=32189"}],"version-history":[{"count":0,"href":"https:\/\/grandepremio.com\/br\/wp-json\/wp\/v2\/posts\/32189\/revisions"}],"wp:featuredmedia":[{"embeddable":true,"href":"https:\/\/grandepremio.com\/br\/wp-json\/wp\/v2\/media\/1000928799"}],"wp:attachment":[{"href":"https:\/\/grandepremio.com\/br\/wp-json\/wp\/v2\/media?parent=32189"}],"wp:term":[{"taxonomy":"category","embeddable":true,"href":"https:\/\/grandepremio.com\/br\/wp-json\/wp\/v2\/categories?post=32189"},{"taxonomy":"post_tag","embeddable":true,"href":"https:\/\/grandepremio.com\/br\/wp-json\/wp\/v2\/tags?post=32189"},{"taxonomy":"42wp_author","embeddable":true,"href":"https:\/\/grandepremio.com\/br\/wp-json\/wp\/v2\/42wp_author?post=32189"}],"curies":[{"name":"wp","href":"https:\/\/api.w.org\/{rel}","templated":true}]}}