{"id":32388,"date":"2025-02-17T10:04:09","date_gmt":"2025-02-17T13:04:09","guid":{"rendered":"https:\/\/grandepremio.com\/br\/noticias\/victor-martins-art-formula-2-fecha-grid-temporada-2025-confira\/"},"modified":"2025-02-17T13:52:26","modified_gmt":"2025-02-17T16:52:26","slug":"victor-martins-art-formula-2-fecha-grid-temporada-2025-confira","status":"publish","type":"post","link":"https:\/\/grandepremio.com\/br\/f2\/victor-martins-art-formula-2-fecha-grid-temporada-2025-confira\/","title":{"rendered":"Com Martins na ART, F\u00f3rmula 2 fecha grid para temporada 2025. Confira"},"content":{"rendered":"\n<p class=\"wp-block-paragraph\">Com o an\u00fancio feito pela <strong>ART <\/strong>nesta segunda-feira (17), o grid da temporada 2025 da <strong>F\u00f3rmula 2 <\/strong>est\u00e1 completo. A equipe foi a \u00faltima a fechar a dupla de pilotos e confirmou que <strong>Victor Martins<\/strong>, que est\u00e1 no time desde 2023, <a href=\"https:\/\/www.grandepremio.com\/br\/f2\/noticias\/victor-martins-fecha-art-terceiro-ano-seguido-completa-grid-formula-2-2025\/\">segue para o pr\u00f3ximo campeonato<\/a> como companheiro de <strong>Ritomo Miyata<\/strong>.<\/p>\n\n\n\n<p class=\"wp-block-paragraph\">A <strong>ART <\/strong>teve uma temporada complicada em 2024, quando o regulamento da <strong>F\u00f3rmula 2<\/strong> foi alterado. Depois de conquistar tanto o t\u00edtulo de pilotos com <strong>Th\u00e9o Pourchaire,<\/strong> quanto o de equipes em 2023, o time franc\u00eas teve altos e baixos no ano passado. <strong>Martins <\/strong>at\u00e9 conseguiu resultados mais s\u00f3lidos, venceu uma corrida e fechou a campanha em s\u00e9timo com uma vit\u00f3ria e 107 pontos.<\/p>\n\n\n\n<p class=\"wp-block-paragraph\">No outro carro, no entanto, <strong>Zak O&#8217;Sullivan<\/strong> e <strong>Luke Browning <\/strong>tiveram dificuldades. <strong>Zak <\/strong>fez as primeiras 11 rodadas e, ainda que tenha vencido duas corridas principais, teve uma s\u00e9rie de abandonos e de etapas fora da zona de pontos. <strong>Luke<\/strong>, por sua vez, foi aos pontos em apenas duas oportunidades nas \u00faltimas seis provas.<\/p>\n\n\n\n<p class=\"wp-block-paragraph\">Para 2025, a <strong>ART <\/strong>j\u00e1 tinha confirmado a contrata\u00e7\u00e3o de <strong>Miyata<\/strong>, que estreou na <strong>F\u00f3rmula 2<\/strong>. Agora, optou pela experi\u00eancia de Martins e renovou com o franc\u00eas. Com isso, o grid da categoria est\u00e1 completo.<\/p>\n\n\n\n<figure class=\"wp-block-image size-full\"><img decoding=\"async\" src=\"https:\/\/www.grandepremio.com\/br\/wp-content\/uploads\/2024\/07\/Victor-Martins-F2-Belgica.jpg\" alt=\"\" class=\"wp-image-846995\"\/><figcaption class=\"wp-element-caption\">Victor Martins enfrentou algumas dificuldades na F2 2024 (Foto: F2)<\/figcaption><\/figure>\n\n\n\n<p class=\"wp-block-paragraph\">A\u00a0<strong><a href=\"https:\/\/www.grandepremio.com\/br\/f2\/\" target=\"_blank\" rel=\"noreferrer noopener\"><\/a><a href=\"https:\/\/www.grandepremio.com\/br\/f2\/\" target=\"_blank\" rel=\"noreferrer noopener\">F\u00f3rmula 2<\/a><\/strong>\u00a0volta a acelerar entre os dias 15 e 16 de mar\u00e7o de 2025, com a abertura da temporada em\u00a0<strong><a href=\"https:\/\/www.grandepremio.com\/br\/circuito\/melbourne\/\" target=\"_blank\" rel=\"noreferrer noopener\">Melbourne<\/a><\/strong>, na\u00a0rodada da<strong>\u00a0Austr\u00e1lia<\/strong>.<\/p>\n\n\n\n<figure class=\"wp-block-table\"><table class=\"has-fixed-layout\"><tbody><tr><td>Piloto<\/td><td>Equipe<\/td><td>N\u00famero<\/td><\/tr><tr><td>Leonardo Fornaroli<\/td><td>Invicta<\/td><td>1<\/td><\/tr><tr><td>Roman Stan\u011bk<\/td><td>Invicta<\/td><td>2<\/td><\/tr><tr><td>Pepe Mart\u00ed<\/td><td>Campos <\/td><td>3<\/td><\/tr><tr><td>Arvid Lindblad<\/td><td>Campos <\/td><td>4<\/td><\/tr><tr><td>Oliver Goethe<\/td><td>MP<\/td><td>5<\/td><\/tr><tr><td>Richard Verschoor<\/td><td>MP<\/td><td>6<\/td><\/tr><tr><td>Luke Browning<\/td><td>Hitech<\/td><td>7<\/td><\/tr><tr><td>Dino Beganovic<\/td><td>Hitech<\/td><td>8<\/td><\/tr><tr><td>Sebasti\u00e1n Montoya<\/td><td>Prema<\/td><td>9<\/td><\/tr><tr><td>Gabriele Min\u00ec<\/td><td>Prema<\/td><td>10<\/td><\/tr><tr><td>Jak Crawford<\/td><td>DAMS<\/td><td>11<\/td><\/tr><tr><td>Kush Maini<\/td><td>DAMS<\/td><td>12<\/td><\/tr><tr><td>Victor Martins<\/td><td>ART<\/td><td>14<\/td><\/tr><tr><td>Ritomo Miyata<\/td><td>ART<\/td><td>15<\/td><\/tr><tr><td>Christian Mansell<\/td><td>Rodin<\/td><td>16<\/td><\/tr><tr><td>Alex Dunne<\/td><td>Rodin<\/td><td>17<\/td><\/tr><tr><td>Joshua D\u00fcrksen<\/td><td>AIX<\/td><td>20<\/td><\/tr><tr><td>Cian Shields<\/td><td>AIX<\/td><td>21<\/td><\/tr><tr><td>Sami Meguetounif<\/td><td>Trident<\/td><td>22<\/td><\/tr><tr><td>Max Esterson<\/td><td>Trident<\/td><td>23<\/td><\/tr><tr><td>John Bennett<\/td><td>Van Amersfoort<\/td><td>24<\/td><\/tr><tr><td>Rafael Villag\u00f3mez<\/td><td>Van Amersfoort<\/td><td>25<\/td><\/tr><\/tbody><\/table><\/figure>\n\n\n\n<p class=\"wp-block-paragraph\"><strong>\u25b6 Inscreva-se nos dois canais do GRANDE PR\u00caMIO no YouTube:\u00a0<a href=\"https:\/\/www.youtube.com\/channel\/UC9OlHEgxoaY6QY6nWPoiqQg?sub_confirmation=1\" target=\"_blank\" rel=\"noreferrer noopener\">GP<\/a>\u00a0|\u00a0<a href=\"https:\/\/www.youtube.com\/channel\/UC9csiS6q_C3C0FYhyr1rnFA?sub_confirmation=1\" target=\"_blank\" rel=\"noreferrer noopener\">GP2<\/a><\/strong><\/p>\n\n\n\n<figure class=\"wp-block-embed is-type-video is-provider-youtube wp-block-embed-youtube wp-embed-aspect-16-9 wp-has-aspect-ratio\"><div class=\"wp-block-embed__wrapper\">\n<iframe loading=\"lazy\" title=\"F1 SE ENCHE DE JOVENS EM 2025 GRAC\u0327AS A MELHOR GERAC\u0327A\u0303O DA DE\u0301CADA\" width=\"500\" height=\"281\" src=\"https:\/\/www.youtube.com\/embed\/Lla85uPzxso?feature=oembed\" frameborder=\"0\" allow=\"accelerometer; autoplay; clipboard-write; encrypted-media; gyroscope; picture-in-picture; web-share\" referrerpolicy=\"strict-origin-when-cross-origin\" allowfullscreen><\/iframe>\n<\/div><\/figure>\n","protected":false},"excerpt":{"rendered":"<p>A ART finalmente confirmou Victor Martins como companheiro de Ritomo Miyata e fechou as vagas para o grid da temporada 2025 da F\u00f3rmula 2<\/p>\n","protected":false},"author":0,"featured_media":1000678400,"comment_status":"closed","ping_status":"closed","sticky":false,"template":"","format":"standard","meta":{"42wp_featured_image_caption":"","42wp_featured_image_credits":"","42wp_featured_video":"","42wp_featured_image_hidden":false,"42wp_authors_list":[],"footnotes":""},"categories":[9],"tags":[39506,6086,1539,41881,1491,28285,35937,4606,349,36953,33638,2204,486],"42wp_author":[47149],"class_list":["post-32388","post","type-post","status-publish","format-standard","has-post-thumbnail","hentry","category-f2","tag-aix","tag-art","tag-dams","tag-formula-2-2025","tag-grande-premio","tag-grandepremio","tag-invicta","tag-mp","tag-prema","tag-ritomo-miyata","tag-rodin","tag-trident","tag-victor-martins","42wp_author-bernardo-castro"],"_links":{"self":[{"href":"https:\/\/grandepremio.com\/br\/wp-json\/wp\/v2\/posts\/32388","targetHints":{"allow":["GET"]}}],"collection":[{"href":"https:\/\/grandepremio.com\/br\/wp-json\/wp\/v2\/posts"}],"about":[{"href":"https:\/\/grandepremio.com\/br\/wp-json\/wp\/v2\/types\/post"}],"replies":[{"embeddable":true,"href":"https:\/\/grandepremio.com\/br\/wp-json\/wp\/v2\/comments?post=32388"}],"version-history":[{"count":0,"href":"https:\/\/grandepremio.com\/br\/wp-json\/wp\/v2\/posts\/32388\/revisions"}],"wp:featuredmedia":[{"embeddable":true,"href":"https:\/\/grandepremio.com\/br\/wp-json\/wp\/v2\/media\/1000678400"}],"wp:attachment":[{"href":"https:\/\/grandepremio.com\/br\/wp-json\/wp\/v2\/media?parent=32388"}],"wp:term":[{"taxonomy":"category","embeddable":true,"href":"https:\/\/grandepremio.com\/br\/wp-json\/wp\/v2\/categories?post=32388"},{"taxonomy":"post_tag","embeddable":true,"href":"https:\/\/grandepremio.com\/br\/wp-json\/wp\/v2\/tags?post=32388"},{"taxonomy":"42wp_author","embeddable":true,"href":"https:\/\/grandepremio.com\/br\/wp-json\/wp\/v2\/42wp_author?post=32388"}],"curies":[{"name":"wp","href":"https:\/\/api.w.org\/{rel}","templated":true}]}}