{"id":32396,"date":"2025-02-17T09:14:39","date_gmt":"2025-02-17T12:14:39","guid":{"rendered":"https:\/\/grandepremio.com\/br\/noticias\/max-verstappen-se-diz-animado-f1-2025-pede-trabalho-mais-solido-red-bull\/"},"modified":"2025-02-17T16:57:18","modified_gmt":"2025-02-17T19:57:18","slug":"max-verstappen-se-diz-animado-f1-2025-pede-trabalho-mais-solido-red-bull","status":"publish","type":"post","link":"https:\/\/grandepremio.com\/br\/f1\/max-verstappen-se-diz-animado-f1-2025-pede-trabalho-mais-solido-red-bull\/","title":{"rendered":"Verstappen se diz animado com F1 2025, mas pede trabalho &#8220;mais s\u00f3lido&#8221; para Red Bull"},"content":{"rendered":"\n<p class=\"wp-block-paragraph\">Gra\u00e7as ao in\u00edcio precoce na <strong>F\u00f3rmula 1<\/strong>, <strong>Max Verstappen<\/strong> vai para sua 11\u00ba temporada na categoria. O piloto da <strong>Red Bull<\/strong> demonstrou que parece ser &#8220;muito tempo&#8221; que est\u00e1 no certame, mas ressaltou estar animado com o que est\u00e1 por vir. Em busca do pentacampeonato, o neerland\u00eas espera que haja um trabalho &#8220;mais s\u00f3lido&#8221; na temporada 2025.<\/p>\n\n\n\n<p class=\"wp-block-paragraph\">Com mais de 200 largadas na <strong>F\u00f3rmula 1<\/strong> \u2014 feito que alcan\u00e7ou em 2024 \u2014, Verstappen sempre deixou claro que o intuito n\u00e3o \u00e9 ter uma carreira muito extensa na categoria. No <strong>GP dos Pa\u00edses Baixos<\/strong>, quando registrou sua 200\u00aa corrida, <a href=\"https:\/\/www.grandepremio.com\/br\/f1\/noticias\/max-verstappen-descarta-fazer-outros-200-gps-carreira-f1-ja-passou-metade\/\">declarou que n\u00e3o teria mais tantas provas pela frente<\/a>. <\/p>\n\n\n\n<p class=\"wp-block-paragraph\">&#8220;J\u00e1 faz um tempo que estou na F1. Vou come\u00e7ar minha 11\u00aa temporada, o que \u00e9 algo muito louco. Parece ser um per\u00edodo longo na categoria, mas estou animado com o que est\u00e1 por vir&#8221;, falou Verstappen.<\/p>\n\n\n\n<p class=\"wp-block-paragraph\">Em 2025, Verstappen pode igualar um feito que somente <strong>Michael Schumacher<\/strong> conquistou na F1, que \u00e9 levar cinco t\u00edtulos seguidos. O neerland\u00eas ressaltou o campeonato de 2024, apontado como bastante desafiador.<\/p>\n\n\n\n<figure class=\"wp-block-image size-large\"><img decoding=\"async\" src=\"https:\/\/www.grandepremio.com\/br\/wp-content\/uploads\/2025\/02\/Max-Verstappen-Red-Bull-macacao-2025-Foto-Red-Bull-900x1200.jpg\" alt=\"\" class=\"wp-image-928219\"\/><figcaption class=\"wp-element-caption\">Max Verstappen com macac\u00e3o da Red Bull para 2025 (Foto: Red Bull)<\/figcaption><\/figure>\n\n\n\n<p class=\"wp-block-paragraph\">No \u00faltimo ano, a Red Bull come\u00e7ou a temporada com grande destaque e parecia que repetiria 2023, quando foi dominadora do campeonato. Entretanto, depois de quatro vit\u00f3rias em cinco corridas, com <strong>S\u00e9rgio P\u00e9rez<\/strong> sempre ao lado no p\u00f3dio, Verstappen passou a ter <strong>Lando Norris<\/strong> como sombra a partir do <strong>GP de Miami<\/strong>, a sexta etapa do certame.<\/p>\n\n\n\n<p class=\"wp-block-paragraph\">Na sequ\u00eancia, Verstappen venceu com dificuldades em <strong>\u00cdmola<\/strong>, <strong>Canad\u00e1<\/strong> e <strong>Espanha<\/strong>, al\u00e9m de ter ficado em sexto em <strong>M\u00f4naco<\/strong>, quando <strong>Charles Leclerc<\/strong> venceu. Depois da etapa em <strong>Barcelona<\/strong>, o neerland\u00eas amargou 10 GPs sem vit\u00f3rias, retornando ao lugar mais alto do p\u00f3dio de modo triunfal em <strong>S\u00e3o Paulo<\/strong>, o que praticamente garantiu o tetracampeonato \u2014 confirmado no <strong>GP de Las Vegas<\/strong>, na sequ\u00eancia.<\/p>\n\n\n\n<p class=\"wp-block-paragraph\">&#8220;O mais bonito em todo campeonato que ganhei \u00e9 que cada um foi de um modo diferente. O do ano passado foi um dos mais desafiadores, com certeza. Tivemos um in\u00edcio muito bom, mas com um per\u00edodo bem duro depois&#8221;, comentou Verstappen.<\/p>\n\n\n\n<p class=\"wp-block-paragraph\">&#8220;No final do ano, tivemos altos e baixos, mas algo que pode acontecer na F\u00f3rmula 1. Espero que com o que aprendemos no ano passado, possamos fazer um trabalho mais s\u00f3lido em 2025&#8221;, encerrou.<\/p>\n\n\n\n<p class=\"wp-block-paragraph\">A\u00a0<a href=\"https:\/\/www.grandepremio.com\/br\/f1\/\" target=\"_blank\" rel=\"noreferrer noopener\"><\/a><a href=\"https:\/\/www.grandepremio.com\/br\/f1\/\" target=\"_blank\" rel=\"noreferrer noopener\"><strong>F\u00f3rmula 1<\/strong><\/a>\u00a0se aproxima do retorno das f\u00e9rias. A pr\u00f3xima atividade \u00e9 exatamente a sess\u00e3o \u00fanica de testes coletivos de pr\u00e9-temporada, marcada para os dias 26, 27 e 28 de fevereiro, no Bahrein. A temporada 2025 come\u00e7a com o GP da Austr\u00e1lia, nos dias 14 a 16 de mar\u00e7o.<\/p>\n\n\n\n<p class=\"wp-block-paragraph\"><strong>Inscreva-se nos dois canais do GRANDE PR\u00caMIO no YouTube:\u00a0<a href=\"https:\/\/www.youtube.com\/channel\/UC9OlHEgxoaY6QY6nWPoiqQg?sub_confirmation=1\" target=\"_blank\" rel=\"noreferrer noopener\">GP<\/a>\u00a0|\u00a0<a href=\"https:\/\/www.youtube.com\/channel\/UC9csiS6q_C3C0FYhyr1rnFA?sub_confirmation=1\" target=\"_blank\" rel=\"noreferrer noopener\">GP2<\/a><\/strong><\/p>\n\n\n\n<figure class=\"wp-block-embed is-type-video is-provider-youtube wp-block-embed-youtube wp-embed-aspect-16-9 wp-has-aspect-ratio\"><div class=\"wp-block-embed__wrapper\">\n<iframe loading=\"lazy\" title=\"COLAPINTO ACERTA AO IR PARA ALPINE AGORA, MAS FUTURO EST\u00c1 NA WILLIAMS\" width=\"500\" height=\"281\" src=\"https:\/\/www.youtube.com\/embed\/kSIj710yZto?feature=oembed\" frameborder=\"0\" allow=\"accelerometer; autoplay; clipboard-write; encrypted-media; gyroscope; picture-in-picture; web-share\" referrerpolicy=\"strict-origin-when-cross-origin\" allowfullscreen><\/iframe>\n<\/div><\/figure>\n","protected":false},"excerpt":{"rendered":"<p>Max Verstappen pode repetir em 2025 feito que somente Michael Schumacher alcan\u00e7ou: vencer cinco t\u00edtulos seguidos na F1<\/p>\n","protected":false},"author":0,"featured_media":1000904163,"comment_status":"closed","ping_status":"closed","sticky":false,"template":"","format":"standard","meta":{"42wp_featured_image_caption":"","42wp_featured_image_credits":"","42wp_featured_video":"","42wp_featured_image_hidden":false,"42wp_authors_list":[],"footnotes":""},"categories":[2],"tags":[457,20491,27861,7094,309,26271,546,209,5273,302,147,3630,176,207,180,3628,25440,40593,350,800,1491,28285,119,30840,28104,596,4149,42560,485,547,87,595,25553,3256,203,42632,90,82,1521,29923,35129,2916,676,38179,204,42001,215,597,580],"42wp_author":[47155],"class_list":["post-32396","post","type-post","status-publish","format-standard","has-post-thumbnail","hentry","category-f1","tag-alfa-romeo","tag-alpine","tag-andrea-kimi-antonelli","tag-andrea-stella","tag-aston-martin","tag-calendario-f1","tag-carlos-sainz","tag-charles-leclerc","tag-classificacao-f1","tag-esteban-ocon","tag-f1","tag-f1-2025","tag-fernando-alonso","tag-ferrari","tag-formula-1","tag-formula-1-2025","tag-franco-colapinto","tag-fw47","tag-gabriel-bortoleto","tag-george-russell","tag-grande-premio","tag-grandepremio","tag-haas","tag-horarios-f1","tag-isack-hadjar","tag-jack-doohan","tag-james-vowles","tag-lancamentos-f1-2025","tag-lance-stroll","tag-lando-norris","tag-lewis-hamilton","tag-liam-lawson","tag-logan-sargeant","tag-londres","tag-max-verstappen","tag-mcl39","tag-mclaren","tag-mercedes","tag-nico-hulkenberg","tag-oliver-bearman","tag-onde-assistir-f1","tag-oscar-piastri","tag-pierre-gasly","tag-racing-bulls","tag-red-bull","tag-temporada-2025-f1","tag-williams","tag-yuki-tsunoda","tag-zak-brown","42wp_author-daniel-balsa"],"_links":{"self":[{"href":"https:\/\/grandepremio.com\/br\/wp-json\/wp\/v2\/posts\/32396","targetHints":{"allow":["GET"]}}],"collection":[{"href":"https:\/\/grandepremio.com\/br\/wp-json\/wp\/v2\/posts"}],"about":[{"href":"https:\/\/grandepremio.com\/br\/wp-json\/wp\/v2\/types\/post"}],"replies":[{"embeddable":true,"href":"https:\/\/grandepremio.com\/br\/wp-json\/wp\/v2\/comments?post=32396"}],"version-history":[{"count":0,"href":"https:\/\/grandepremio.com\/br\/wp-json\/wp\/v2\/posts\/32396\/revisions"}],"wp:featuredmedia":[{"embeddable":true,"href":"https:\/\/grandepremio.com\/br\/wp-json\/wp\/v2\/media\/1000904163"}],"wp:attachment":[{"href":"https:\/\/grandepremio.com\/br\/wp-json\/wp\/v2\/media?parent=32396"}],"wp:term":[{"taxonomy":"category","embeddable":true,"href":"https:\/\/grandepremio.com\/br\/wp-json\/wp\/v2\/categories?post=32396"},{"taxonomy":"post_tag","embeddable":true,"href":"https:\/\/grandepremio.com\/br\/wp-json\/wp\/v2\/tags?post=32396"},{"taxonomy":"42wp_author","embeddable":true,"href":"https:\/\/grandepremio.com\/br\/wp-json\/wp\/v2\/42wp_author?post=32396"}],"curies":[{"name":"wp","href":"https:\/\/api.w.org\/{rel}","templated":true}]}}