{"id":32423,"date":"2025-02-17T06:48:16","date_gmt":"2025-02-17T09:48:16","guid":{"rendered":"https:\/\/grandepremio.com\/br\/noticias\/red-bull-divulga-imagens-novos-uniformes-max-verstappen-liam-lawson-f1-2025\/"},"modified":"2025-02-18T13:31:43","modified_gmt":"2025-02-18T16:31:43","slug":"red-bull-divulga-imagens-novos-uniformes-max-verstappen-liam-lawson-f1-2025","status":"publish","type":"post","link":"https:\/\/grandepremio.com\/br\/f1\/red-bull-divulga-imagens-novos-uniformes-max-verstappen-liam-lawson-f1-2025\/","title":{"rendered":"Red Bull divulga imagens dos novos uniformes de Verstappen e Lawson na F1 2025"},"content":{"rendered":"\n<p class=\"wp-block-paragraph\">A <strong>Red Bull<\/strong> ainda n\u00e3o revelou como vai ser o carro de 2025, mas come\u00e7ou a segunda-feira (17) divulgando as primeiras imagens da dupla de pilotos vestidos para a pista. Tanto <strong>Max Verstappen<\/strong> quanto o rec\u00e9m-chegado <strong>Liam Lawson<\/strong> apareceram em fotos de est\u00fadio vestindo o macac\u00e3o de corrida que vai ser utilizado ao longo do ano.&nbsp;<\/p>\n\n\n\n<p class=\"wp-block-paragraph\">Apesar de ser bem parecido com o dos \u00faltimos anos, o uniforme dos pilotos da <strong>Red Bull<\/strong> sofreu pequenas altera\u00e7\u00f5es para 2025. Al\u00e9m de estar em um tom um pouco mais escuro, a equipe removeu as listras azuis que ficavam nas laterais da roupa.<\/p>\n\n\n\n<p class=\"wp-block-paragraph\">Al\u00e9m disso, alguns patrocinadores da <strong>Red Bull <\/strong>foram alterados. Com a <a href=\"https:\/\/www.grandepremio.com\/br\/f1\/noticias\/red-bull-perde-patrocinio-anual-mais-300-milhoes-empresa-criptomoedas\/\">sa\u00edda da corretora de criptomoedas Bybit<\/a>, o time liderado por <strong>Christian Horner<\/strong> <a href=\"https:\/\/www.grandepremio.com\/br\/f1\/noticias\/red-bull-se-aproxima-acordo-milionario-nova-empresa-criptomoedas-2025\/\">recebeu o apoio da Gate.io<\/a>, empresa que atua no mesmo ramo da <strong>Bybit<\/strong>. O trato atual prev\u00ea um pagamento de US$ 100 milh\u00f5es [R$ 621 milh\u00f5es na cota\u00e7\u00e3o do dia] anuais.<\/p>\n\n\n\n<p class=\"wp-block-paragraph\">Outra grande mudan\u00e7a no patroc\u00ednio foi a sa\u00edda da <strong>Claro<\/strong>, empresa de telecomunica\u00e7\u00f5es que pertence a <strong>Carlos Slim<\/strong>, apoiador de <strong>Sergio P\u00e9rez<\/strong>. O piloto mexicano foi demitido da <strong>Red Bull <\/strong>no fim de 2024 ap\u00f3s uma sequ\u00eancia de resultados ruins nos \u00faltimos anos.<strong> Lawson <\/strong>foi o escolhido como substituto.<\/p>\n\n\n\n<figure class=\"wp-block-image size-large\"><img decoding=\"async\" src=\"https:\/\/www.grandepremio.com\/br\/wp-content\/uploads\/2025\/02\/Max-Verstappen-Red-Bull-macacao-2025-Foto-Red-Bull-900x1200.jpg\" alt=\"\" class=\"wp-image-928219\"\/><figcaption class=\"wp-element-caption\">Max Verstappen vai em busca do quinto t\u00edtulo em 2025 (Foto: Red Bull)<\/figcaption><\/figure>\n\n\n\n<p class=\"wp-block-paragraph\">A&nbsp;<strong><a href=\"https:\/\/www.grandepremio.com\/br\/f1\/\" target=\"_blank\" rel=\"noreferrer noopener\">F\u00f3rmula 1<\/a><\/strong>&nbsp;completa 75 anos em 2025 e, em comemora\u00e7\u00e3o, tem marcado um evento in\u00e9dito para aquecer os motores rumo \u00e0 temporada. Na O2 Arena, em&nbsp;<strong><a href=\"https:\/\/www.grandepremio.com\/br\/circuito\/londres\/\" target=\"_blank\" rel=\"noreferrer noopener\">Londres<\/a><\/strong>, todas as equipes e pilotos ir\u00e3o se reunir em 18 de fevereiro para o<strong>&nbsp;F1 75 Live<\/strong>, que ter\u00e1 como principal atra\u00e7\u00e3o o lan\u00e7amento das pinturas de todos os times.<\/p>\n\n\n\n<p class=\"wp-block-paragraph\">A&nbsp;<a href=\"https:\/\/www.grandepremio.com\/br\/f1\/\" target=\"_blank\" rel=\"noreferrer noopener\"><\/a><a href=\"https:\/\/www.grandepremio.com\/br\/f1\/\" target=\"_blank\" rel=\"noreferrer noopener\">F\u00f3rmula 1<\/a>&nbsp;se aproxima do retorno das f\u00e9rias. A pr\u00f3xima atividade \u00e9 exatamente a sess\u00e3o \u00fanica de testes coletivos de pr\u00e9-temporada, marcada para os dias 26, 27 e 28 de fevereiro, no Bahrein. A temporada 2025 come\u00e7a com o GP da Austr\u00e1lia, nos dias 14-16 de mar\u00e7o.<\/p>\n\n\n\n<p class=\"wp-block-paragraph\"><strong>Inscreva-se nos dois canais do GRANDE PR\u00caMIO no YouTube:&nbsp;<a href=\"https:\/\/www.youtube.com\/channel\/UC9OlHEgxoaY6QY6nWPoiqQg?sub_confirmation=1\" target=\"_blank\" rel=\"noreferrer noopener\">GP<\/a>&nbsp;|&nbsp;<a href=\"https:\/\/www.youtube.com\/channel\/UC9csiS6q_C3C0FYhyr1rnFA?sub_confirmation=1\" target=\"_blank\" rel=\"noreferrer noopener\">GP2<\/a><\/strong><\/p>\n\n\n\n<figure class=\"wp-block-embed is-type-video is-provider-youtube wp-block-embed-youtube wp-embed-aspect-16-9 wp-has-aspect-ratio\"><div class=\"wp-block-embed__wrapper\">\n<iframe loading=\"lazy\" title=\"F1 E FIA MOSTRAM FALTA DE CRIATIVIDADE E OUSADIA EM MORTE DO PONTO EXTRA\" width=\"500\" height=\"281\" src=\"https:\/\/www.youtube.com\/embed\/_UO5TN0Cofo?feature=oembed\" frameborder=\"0\" allow=\"accelerometer; autoplay; clipboard-write; encrypted-media; gyroscope; picture-in-picture; web-share\" referrerpolicy=\"strict-origin-when-cross-origin\" allowfullscreen><\/iframe>\n<\/div><\/figure>\n","protected":false},"excerpt":{"rendered":"<p>Prestes a apresentar carro de 2025, a Red Bull divulgou imagens com Max Verstappen e Liam Lawson em fotos de est\u00fadio vestindo o novo macac\u00e3o<\/p>\n","protected":false},"author":0,"featured_media":1000928391,"comment_status":"closed","ping_status":"closed","sticky":false,"template":"","format":"standard","meta":{"42wp_featured_image_caption":"","42wp_featured_image_credits":"","42wp_featured_video":"","42wp_featured_image_hidden":false,"42wp_authors_list":[],"footnotes":""},"categories":[2],"tags":[1491,28285,34830,595,203,204,27716,9685,27383,37936,38084],"42wp_author":[47149],"class_list":["post-32423","post","type-post","status-publish","format-standard","has-post-thumbnail","hentry","category-f1","tag-grande-premio","tag-grandepremio","tag-lawson","tag-liam-lawson","tag-max-verstappen","tag-red-bull","tag-red-bull-formula-1","tag-verstappen","tag-verstappen-f1","tag-verstappen-formula-1","tag-verstappen-na-red-bull","42wp_author-bernardo-castro"],"_links":{"self":[{"href":"https:\/\/grandepremio.com\/br\/wp-json\/wp\/v2\/posts\/32423","targetHints":{"allow":["GET"]}}],"collection":[{"href":"https:\/\/grandepremio.com\/br\/wp-json\/wp\/v2\/posts"}],"about":[{"href":"https:\/\/grandepremio.com\/br\/wp-json\/wp\/v2\/types\/post"}],"replies":[{"embeddable":true,"href":"https:\/\/grandepremio.com\/br\/wp-json\/wp\/v2\/comments?post=32423"}],"version-history":[{"count":0,"href":"https:\/\/grandepremio.com\/br\/wp-json\/wp\/v2\/posts\/32423\/revisions"}],"wp:featuredmedia":[{"embeddable":true,"href":"https:\/\/grandepremio.com\/br\/wp-json\/wp\/v2\/media\/1000928391"}],"wp:attachment":[{"href":"https:\/\/grandepremio.com\/br\/wp-json\/wp\/v2\/media?parent=32423"}],"wp:term":[{"taxonomy":"category","embeddable":true,"href":"https:\/\/grandepremio.com\/br\/wp-json\/wp\/v2\/categories?post=32423"},{"taxonomy":"post_tag","embeddable":true,"href":"https:\/\/grandepremio.com\/br\/wp-json\/wp\/v2\/tags?post=32423"},{"taxonomy":"42wp_author","embeddable":true,"href":"https:\/\/grandepremio.com\/br\/wp-json\/wp\/v2\/42wp_author?post=32423"}],"curies":[{"name":"wp","href":"https:\/\/api.w.org\/{rel}","templated":true}]}}