{"id":32781,"date":"2025-02-13T11:26:01","date_gmt":"2025-02-13T14:26:01","guid":{"rendered":"https:\/\/grandepremio.com\/br\/noticias\/lewis-hamilton-fala-italiano-arranca-aplausos-funcionarios-ferrari-maranello\/"},"modified":"2025-02-13T14:02:01","modified_gmt":"2025-02-13T17:02:01","slug":"lewis-hamilton-fala-italiano-arranca-aplausos-funcionarios-ferrari-maranello","status":"publish","type":"post","link":"https:\/\/grandepremio.com\/br\/f1\/lewis-hamilton-fala-italiano-arranca-aplausos-funcionarios-ferrari-maranello\/","title":{"rendered":"Hamilton fala em italiano e arranca aplausos de funcion\u00e1rios da Ferrari de Maranello"},"content":{"rendered":"\n<p class=\"wp-block-paragraph\">Um v\u00eddeo compartilhado por funcion\u00e1rios da <strong>Ferrari<\/strong> mostra que <strong>Lewis Hamilton<\/strong> realmente est\u00e1 se esfor\u00e7ando para ficar o mais pr\u00f3ximo poss\u00edvel dos profissionais da equipe italiana. E nada melhor do que falar a l\u00edngua oficial do pa\u00eds para isso.<\/p>\n\n\n\n<p class=\"wp-block-paragraph\">Na imagem, que tem <strong>33s<\/strong> de dura\u00e7\u00e3o e j\u00e1 viralizou nas redes sociais, o heptacampe\u00e3o mundial cumprimenta os trabalhadores da f\u00e1brica da equipe em italiano. Ao lado de <strong>Charles Leclerc<\/strong> e <strong>Fr\u00e9d\u00e9ric Vasseur<\/strong>, ele leu em voz alta um texto que havia escrito pelo celular.<\/p>\n\n\n\n<p class=\"wp-block-paragraph\">&#8220;Obrigado pela calorosa recep\u00e7\u00e3o. Estou feliz em come\u00e7ar esta nova aventura com voc\u00eas&nbsp;na Ferrari. Sempre foi meu sonho fazer parte desta equipe. Estou ansioso para trabalhar com voc\u00eas&#8221;, disse Lewis.<\/p>\n\n\n\n<p class=\"wp-block-paragraph\">Hamilton estudou italiano durante o inverno europeu para se comunicar melhor com os funcion\u00e1rios da Ferrari, mas tamb\u00e9m se aproximar dos <strong>tifosi<\/strong> \u2014 torcedores da equipe vermelha. O esfor\u00e7o foi reconhecido pelos funcion\u00e1rios, que aplaudiram a mensagem do piloto do <strong>#44<\/strong>.<\/p>\n\n\n\n<figure class=\"wp-block-embed is-type-rich is-provider-twitter wp-block-embed-twitter\"><div class=\"wp-block-embed__wrapper\">\n<blockquote class=\"twitter-tweet\" data-width=\"500\" data-dnt=\"true\"><p lang=\"en\" dir=\"ltr\">Charles&#39; smile when Lewis speaks in Italian \ud83d\ude2d\u2665\ufe0f<br><br>(\ud83d\udcf8 carminelagamma96) <a href=\"https:\/\/t.co\/CxWu2w1waE\">pic.twitter.com\/CxWu2w1waE<\/a><\/p>&mdash; CL16 inside \ud83c\uddf2\ud83c\udde8 (@CL16_inside) <a href=\"https:\/\/x.com\/CL16_inside\/status\/1889692956501725661?ref_src=twsrc%5Etfw\">February 12, 2025<\/a><\/blockquote><script async src=\"https:\/\/platform.x.com\/widgets.js\" charset=\"utf-8\"><\/script>\n<\/div><\/figure>\n\n\n\n<p class=\"wp-block-paragraph\">Os dois pilotos foram a <strong>Maranello<\/strong> nesta quinta-feira (13) para se preparar para a estreia na temporada 2025\u00a0da F1. Os dois pilotos trabalharam no simulador e trocaram feedbacks com os engenheiros sobre a <strong>SF-25<\/strong>, modelo que ser\u00e1 utilizado pelo time neste ano e ser\u00e1 apresentado ao p\u00fablico no dia 18 de fevereiro.<\/p>\n\n\n\n<p class=\"wp-block-paragraph\">A&nbsp;<a href=\"https:\/\/www.grandepremio.com\/br\/f1\/\" target=\"_blank\" rel=\"noreferrer noopener\">F\u00f3rmula 1<\/a>&nbsp;se aproxima do retorno das f\u00e9rias. A pr\u00f3xima atividade \u00e9 exatamente a sess\u00e3o \u00fanica de testes coletivos de pr\u00e9-temporada, marcada para os dias 26, 27 e 28 de fevereiro, no&nbsp;<strong>Bahrein<\/strong>. A temporada 2025 come\u00e7a com o&nbsp;<strong>GP da Austr\u00e1lia<\/strong>, nos dias 14-16 de mar\u00e7o.<\/p>\n\n\n\n<p class=\"wp-block-paragraph\"><strong>\u25b6\ufe0f&nbsp;Inscreva-se nos dois canais do GRANDE PR\u00caMIO no YouTube:&nbsp;<a href=\"https:\/\/www.youtube.com\/channel\/UC9OlHEgxoaY6QY6nWPoiqQg?sub_confirmation=1\" target=\"_blank\" rel=\"noreferrer noopener\">GP<\/a>&nbsp;|&nbsp;<a href=\"https:\/\/www.youtube.com\/channel\/UC9csiS6q_C3C0FYhyr1rnFA?sub_confirmation=1\" target=\"_blank\" rel=\"noreferrer noopener\">GP2<\/a><\/strong><\/p>\n\n\n\n<figure class=\"wp-block-embed is-type-video is-provider-youtube wp-block-embed-youtube wp-embed-aspect-16-9 wp-has-aspect-ratio\"><div class=\"wp-block-embed__wrapper\">\n<iframe loading=\"lazy\" title=\"HAMILTON NA FERRARI J\u00c1 DEU CERTO: RESULTADO VIROU MERO DETALHE\" width=\"500\" height=\"281\" src=\"https:\/\/www.youtube.com\/embed\/kWjPPz0nqoU?feature=oembed\" frameborder=\"0\" allow=\"accelerometer; autoplay; clipboard-write; encrypted-media; gyroscope; picture-in-picture; web-share\" referrerpolicy=\"strict-origin-when-cross-origin\" allowfullscreen><\/iframe>\n<\/div><\/figure>\n","protected":false},"excerpt":{"rendered":"<p>Lewis Hamilton leu texto escrito no celular em italiano para agradecer trabalhadores e afirmou que fazer parte do time de Maranello \u00e9 &#8220;um sonho&#8221;<\/p>\n","protected":false},"author":0,"featured_media":1000921178,"comment_status":"closed","ping_status":"closed","sticky":false,"template":"","format":"standard","meta":{"42wp_featured_image_caption":"","42wp_featured_image_credits":"","42wp_featured_video":"","42wp_featured_image_hidden":false,"42wp_authors_list":[],"footnotes":""},"categories":[2],"tags":[209,5660,969,147,3630,29516,642,160,207,180,3628,1491,30103,28285,17313,87,886],"42wp_author":[47161],"class_list":["post-32781","post","type-post","status-publish","format-standard","has-post-thumbnail","hentry","category-f1","tag-charles-leclerc","tag-classificacao","tag-corrida","tag-f1","tag-f1-2025","tag-f1-2026","tag-f1-ao-vivo","tag-f1-tv","tag-ferrari","tag-formula-1","tag-formula-1-2025","tag-grande-premio","tag-grande-premio-f1","tag-grandepremio","tag-italia","tag-lewis-hamilton","tag-maranello","42wp_author-kaio-esteves"],"_links":{"self":[{"href":"https:\/\/grandepremio.com\/br\/wp-json\/wp\/v2\/posts\/32781","targetHints":{"allow":["GET"]}}],"collection":[{"href":"https:\/\/grandepremio.com\/br\/wp-json\/wp\/v2\/posts"}],"about":[{"href":"https:\/\/grandepremio.com\/br\/wp-json\/wp\/v2\/types\/post"}],"replies":[{"embeddable":true,"href":"https:\/\/grandepremio.com\/br\/wp-json\/wp\/v2\/comments?post=32781"}],"version-history":[{"count":0,"href":"https:\/\/grandepremio.com\/br\/wp-json\/wp\/v2\/posts\/32781\/revisions"}],"wp:featuredmedia":[{"embeddable":true,"href":"https:\/\/grandepremio.com\/br\/wp-json\/wp\/v2\/media\/1000921178"}],"wp:attachment":[{"href":"https:\/\/grandepremio.com\/br\/wp-json\/wp\/v2\/media?parent=32781"}],"wp:term":[{"taxonomy":"category","embeddable":true,"href":"https:\/\/grandepremio.com\/br\/wp-json\/wp\/v2\/categories?post=32781"},{"taxonomy":"post_tag","embeddable":true,"href":"https:\/\/grandepremio.com\/br\/wp-json\/wp\/v2\/tags?post=32781"},{"taxonomy":"42wp_author","embeddable":true,"href":"https:\/\/grandepremio.com\/br\/wp-json\/wp\/v2\/42wp_author?post=32781"}],"curies":[{"name":"wp","href":"https:\/\/api.w.org\/{rel}","templated":true}]}}