{"id":32801,"date":"2025-02-13T10:11:47","date_gmt":"2025-02-13T13:11:47","guid":{"rendered":"https:\/\/grandepremio.com\/br\/noticias\/galvao-bueno-fecha-volta-band-mas-fica-fora-narracao-formula-1\/"},"modified":"2025-02-13T14:11:21","modified_gmt":"2025-02-13T17:11:21","slug":"galvao-bueno-fecha-volta-band-mas-fica-fora-narracao-formula-1","status":"publish","type":"post","link":"https:\/\/grandepremio.com\/br\/f1\/galvao-bueno-fecha-volta-band-mas-fica-fora-narracao-formula-1\/","title":{"rendered":"Galv\u00e3o Bueno fecha volta \u00e0 Band, mas fica de fora de narra\u00e7\u00e3o da F\u00f3rmula 1"},"content":{"rendered":"\n<p class=\"wp-block-paragraph\">44 anos depois, <strong>Galv\u00e3o Bueno<\/strong> est\u00e1 de volta \u00e0 <strong>Band<\/strong>. De acordo com o colunista da <em>Folha de S. Paulo<\/em>, <strong>Gabriel Vaquer<\/strong>, o narrador e apresentador, que trabalhou por mais de quatro d\u00e9cadas na <strong>Globo<\/strong>, assinou nesta quinta-feira (13) contrato com a emissora paulistana e retorna \u00e0 casa onde trabalhou entre 1977 e 1981.<\/p>\n\n\n\n<p class=\"wp-block-paragraph\">No entanto, Galv\u00e3o n\u00e3o vai narrar a <strong>F\u00f3rmula 1<\/strong>. Segundo o jornal, ele far\u00e1 uma mesa-redonda similar ao que fazia no <strong>Bem, Amigos!<\/strong>, atra\u00e7\u00e3o exibida pelo <strong>SporTV<\/strong>, canal esportivo da <strong>Globo<\/strong>, entre 2003 e 2022. O programa ter\u00e1, ainda, <strong>Mauro Naves<\/strong>, que deixou a <strong>ESPN<\/strong> recentemente para trabalhar com Galv\u00e3o no <strong>Amazon Prime Video<\/strong>, <strong>Walter Casagrande<\/strong>, <strong>Paulo Roberto Falc\u00e3o<\/strong> e <strong>Vanderlei Luxemburgo<\/strong>, al\u00e9m de nomes que j\u00e1 fazem parte do elenco da Band.<\/p>\n\n\n\n<p class=\"wp-block-paragraph\">O <strong>GRANDE PR\u00caMIO<\/strong> entende que Galv\u00e3o n\u00e3o pode narrar eventos em TV aberta em consequ\u00eancia de um acordo que ainda mant\u00e9m com a Globo. No caso da Amazon e outros servi\u00e7os de streaming, ele pode participar de qualquer tipo de transmiss\u00e3o esportiva.<\/p>\n\n\n\n<p class=\"wp-block-paragraph\">Galv\u00e3o est\u00e1 com 74 anos e, por d\u00e9cadas, foi a grande voz da Globo e da narra\u00e7\u00e3o esportiva como um todo. Bueno deixou as transmiss\u00f5es da emissora carioca depois da&nbsp;<strong>Copa do Mundo<\/strong>&nbsp;de 2022, mas ainda aparecia em alguns eventos, como na abertura das&nbsp;<strong>Olimp\u00edadas&nbsp;<\/strong>de 2024, em <strong>Paris<\/strong>. Em paralelo, abriu o pr\u00f3prio canal no&nbsp;<strong>YouTube<\/strong>, em 2023.<\/p>\n\n\n\n<figure class=\"wp-block-image size-full\"><img decoding=\"async\" src=\"https:\/\/www.grandepremio.com\/br\/wp-content\/uploads\/2020\/07\/2016762033774_Galvao_DMa.jpg\" alt=\"\" class=\"wp-image-571928\"\/><figcaption class=\"wp-element-caption\">Galv\u00e3o Bueno assinou contrato com a Band (Foto: Reprodu\u00e7\u00e3o)<\/figcaption><\/figure>\n\n\n\n<p class=\"wp-block-paragraph\">Ele narrou a&nbsp;<a href=\"https:\/\/www.grandepremio.com\/br\/f1\/\" target=\"_blank\" rel=\"noreferrer noopener\">F1&nbsp;<\/a>na Globo a partir de 1982, esteve em dois dos tr\u00eas t\u00edtulos de&nbsp;<strong>Nelson Piquet<\/strong>&nbsp;e nos tr\u00eas campeonatos conquistados por&nbsp;<strong>Ayrton Senna<\/strong>. Foi a voz da categoria por d\u00e9cadas, mas, no fim da passagem pela emissora, estava cada vez mais focado em&nbsp;<a href=\"https:\/\/escanteiosp.com.br\/\" target=\"_blank\" rel=\"noreferrer noopener\">futebol<\/a>. Na Band, ele chegou a narrar a categoria em 1980, depois de ter atuado na Copa do Mundo de 1978.<\/p>\n\n\n\n<p class=\"wp-block-paragraph\">Renovada para 2025&nbsp;<a href=\"https:\/\/www.grandepremio.com\/br\/f1\/noticias\/band-resolve-cumprir-contrato-e-garante-transmissao-da-f1-em-2025\/\">ap\u00f3s longa novela e disputa com a pr\u00f3pria<\/a>&nbsp;Globo, a F1 na&nbsp;<a href=\"https:\/\/teleguiado.com\/\" target=\"_blank\" rel=\"noreferrer noopener\">Band<\/a>&nbsp;atualmente tem como equipe principal:&nbsp;<strong>S\u00e9rgio Maur\u00edcio<\/strong>&nbsp;na narra\u00e7\u00e3o,&nbsp;<strong><a href=\"https:\/\/teleguiado.com\/\" target=\"_blank\" rel=\"noreferrer noopener\">Reginaldo Leme<\/a>, Felipe Giaffone<\/strong>&nbsp;e&nbsp;<strong>Max Wilson<\/strong>&nbsp;nos coment\u00e1rios e<strong>&nbsp;Mariana Becker<\/strong> nas reportagens com <strong>Felipe Kieling<\/strong>.<\/p>\n\n\n\n<p class=\"wp-block-paragraph\">A&nbsp;<a href=\"https:\/\/www.grandepremio.com\/br\/f1\/\" target=\"_blank\" rel=\"noreferrer noopener\"><\/a><a href=\"https:\/\/www.grandepremio.com\/br\/f1\/\" target=\"_blank\" rel=\"noreferrer noopener\">F\u00f3rmula 1<\/a>&nbsp;se aproxima do retorno das f\u00e9rias. A pr\u00f3xima atividade \u00e9 exatamente a sess\u00e3o \u00fanica de testes coletivos de pr\u00e9-temporada, marcada para os dias 26, 27 e 28 de fevereiro, no <strong>Bahrein<\/strong>. A temporada 2025 come\u00e7a com o <strong>GP da Austr\u00e1lia<\/strong>, nos dias 14-16 de mar\u00e7o.<\/p>\n\n\n\n<p class=\"wp-block-paragraph\"><strong>\u25b6\ufe0f&nbsp;Inscreva-se nos dois canais do GRANDE PR\u00caMIO no YouTube:&nbsp;<a href=\"https:\/\/www.youtube.com\/channel\/UC9OlHEgxoaY6QY6nWPoiqQg?sub_confirmation=1\" target=\"_blank\" rel=\"noreferrer noopener\">GP<\/a>&nbsp;|&nbsp;<a href=\"https:\/\/www.youtube.com\/channel\/UC9csiS6q_C3C0FYhyr1rnFA?sub_confirmation=1\" target=\"_blank\" rel=\"noreferrer noopener\">GP2<\/a><\/strong><\/p>\n\n\n\n<figure class=\"wp-block-embed is-type-video is-provider-youtube wp-block-embed-youtube wp-embed-aspect-16-9 wp-has-aspect-ratio\"><div class=\"wp-block-embed__wrapper\">\n<iframe loading=\"lazy\" title=\"SENNA DESRESPEITADO PELA NETFLIX? E F1 2025 E\u0301 DE HAMILTON DO CE\u0301U AO INFERNO | TTGP #167\" width=\"500\" height=\"281\" src=\"https:\/\/www.youtube.com\/embed\/NuvEK7IsD2E?feature=oembed\" frameborder=\"0\" allow=\"accelerometer; autoplay; clipboard-write; encrypted-media; gyroscope; picture-in-picture; web-share\" referrerpolicy=\"strict-origin-when-cross-origin\" allowfullscreen><\/iframe>\n<\/div><\/figure>\n","protected":false},"excerpt":{"rendered":"<p>Depois de 43 anos na Globo, o narrador e apresentador acertou seu retorno para a emissora do Morumbi nesta quinta-feira (13), de acordo com a Folha de S. Paulo<\/p>\n","protected":false},"author":0,"featured_media":1000668372,"comment_status":"closed","ping_status":"closed","sticky":false,"template":"","format":"standard","meta":{"42wp_featured_image_caption":"","42wp_featured_image_credits":"","42wp_featured_video":"","42wp_featured_image_hidden":false,"42wp_authors_list":[],"footnotes":""},"categories":[2],"tags":[1280,5660,969,147,3630,29516,642,160,180,3628,8286,1491,30103,28285],"42wp_author":[47161],"class_list":["post-32801","post","type-post","status-publish","format-standard","has-post-thumbnail","hentry","category-f1","tag-band","tag-classificacao","tag-corrida","tag-f1","tag-f1-2025","tag-f1-2026","tag-f1-ao-vivo","tag-f1-tv","tag-formula-1","tag-formula-1-2025","tag-galvao-bueno","tag-grande-premio","tag-grande-premio-f1","tag-grandepremio","42wp_author-kaio-esteves"],"_links":{"self":[{"href":"https:\/\/grandepremio.com\/br\/wp-json\/wp\/v2\/posts\/32801","targetHints":{"allow":["GET"]}}],"collection":[{"href":"https:\/\/grandepremio.com\/br\/wp-json\/wp\/v2\/posts"}],"about":[{"href":"https:\/\/grandepremio.com\/br\/wp-json\/wp\/v2\/types\/post"}],"replies":[{"embeddable":true,"href":"https:\/\/grandepremio.com\/br\/wp-json\/wp\/v2\/comments?post=32801"}],"version-history":[{"count":0,"href":"https:\/\/grandepremio.com\/br\/wp-json\/wp\/v2\/posts\/32801\/revisions"}],"wp:featuredmedia":[{"embeddable":true,"href":"https:\/\/grandepremio.com\/br\/wp-json\/wp\/v2\/media\/1000668372"}],"wp:attachment":[{"href":"https:\/\/grandepremio.com\/br\/wp-json\/wp\/v2\/media?parent=32801"}],"wp:term":[{"taxonomy":"category","embeddable":true,"href":"https:\/\/grandepremio.com\/br\/wp-json\/wp\/v2\/categories?post=32801"},{"taxonomy":"post_tag","embeddable":true,"href":"https:\/\/grandepremio.com\/br\/wp-json\/wp\/v2\/tags?post=32801"},{"taxonomy":"42wp_author","embeddable":true,"href":"https:\/\/grandepremio.com\/br\/wp-json\/wp\/v2\/42wp_author?post=32801"}],"curies":[{"name":"wp","href":"https:\/\/api.w.org\/{rel}","templated":true}]}}