{"id":33057,"date":"2025-02-10T14:35:29","date_gmt":"2025-02-10T17:35:29","guid":{"rendered":"https:\/\/grandepremio.com\/br\/noticias\/fia-define-rui-marques-claire-dubbelman-como-diretores-prova-f1-2025\/"},"modified":"2025-02-10T20:13:54","modified_gmt":"2025-02-10T23:13:54","slug":"fia-define-rui-marques-claire-dubbelman-como-diretores-prova-f1-2025","status":"publish","type":"post","link":"https:\/\/grandepremio.com\/br\/f1\/fia-define-rui-marques-claire-dubbelman-como-diretores-prova-f1-2025\/","title":{"rendered":"FIA define Marques e Dubbelman como diretores de prova da F1 em 2025"},"content":{"rendered":"\n<p class=\"wp-block-paragraph\">A <strong>FIA<\/strong> j\u00e1 determinou os planos para a rota\u00e7\u00e3o de diretores de prova da <strong>F\u00f3rmula 1 <\/strong>em 2025. Depois do presidente <strong>Mohammed Ben Sulayem <\/strong>anunciar o rod\u00edzio no \u00faltimo fim de semana em entrevista ao jornal espanhol Marca, o site ingl\u00eas The Race apontou que o portugu\u00eas <strong>Rui Marques<\/strong> e a neerlandesa <strong>Claire Dubbelman<\/strong> v\u00e3o dividir o posto.<\/p>\n\n\n\n<p class=\"wp-block-paragraph\">Rui assumiu como diretor de provas da F\u00f3rmula 1 no fim da temporada passada. Ele substituiu o alem\u00e3o Niels Wittich, que foi demitido \u00e0s v\u00e9speras do GP de Las Vegas. Nas etapas do Catar e de Abu Dhabi, tamb\u00e9m dividiu o trabalho como diretor da F\u00f3rmula 2 e da F1 Academy.<\/p>\n\n\n\n<p class=\"wp-block-paragraph\">Claire Dubbelman \u00e9 gerente esportiva da FIA desde 2017. Recentemente, ela tamb\u00e9m foi gerente de campeonato da F\u00f3rmula 2 e da F\u00f3rmula 3, ajudando inclusive como vice-diretora de provas na F2.<\/p>\n\n\n\n<p class=\"wp-block-paragraph\"><strong>Inscreva-se nos dois canais do GRANDE PR\u00caMIO no YouTube:&nbsp;<a href=\"https:\/\/www.youtube.com\/channel\/UC9OlHEgxoaY6QY6nWPoiqQg?sub_confirmation=1\" target=\"_blank\" rel=\"noreferrer noopener\">GP<\/a>&nbsp;|&nbsp;<a href=\"https:\/\/www.youtube.com\/channel\/UC9csiS6q_C3C0FYhyr1rnFA?sub_confirmation=1\" target=\"_blank\" rel=\"noreferrer noopener\">GP2<\/a><\/strong><br><strong><a href=\"https:\/\/www.grandepremio.com\/br\/f1\/noticias\/fia-promete-rodizio-diretores-prova-f1-rebate-equipes-criticam-mas-nao-pagam\/\">LEIA MAIS: FIA promete rod\u00edzio de diretores de prova na F1 e rebate equipes: \u201cCriticam, mas n\u00e3o pagam\u201d<\/a><\/strong><\/p>\n\n\n\n<figure class=\"wp-block-image size-full\"><img decoding=\"async\" src=\"https:\/\/www.grandepremio.com\/br\/wp-content\/uploads\/2024\/11\/rui-duarte-fpak.jpg\" alt=\"\" class=\"wp-image-895492\"\/><figcaption class=\"wp-element-caption\">Rui Marques (Foto: FPAK)<\/figcaption><\/figure>\n\n\n\n<p class=\"wp-block-paragraph\">Dubbelman tamb\u00e9m \u00e9 produto do Programa de Alta Performance para Oficiais da FIA, que tem investido na \u00e1rea para melhorar a estrutura do controle de corrida. \u00c9 parte do plano da Federa\u00e7\u00e3o em aumentar o n\u00famero de profissionais capacitados para rodar os diretores de corrida e n\u00e3o correr o risco de ficar sem oficiais envolvidos.<\/p>\n\n\n\n<p class=\"wp-block-paragraph\">No \u00faltimo fim de semana, a FIA promoveu um semin\u00e1rio para profissionais em Madrid, na Espanha, que contou com a presen\u00e7a de 124 comiss\u00e1rios e 28 diretores de prova. O pr\u00f3ximo ciclo do Programa de Alta Performance ter\u00e1 12 novos estudantes.<\/p>\n\n\n\n<p class=\"wp-block-paragraph\">A\u00a0<a href=\"https:\/\/www.grandepremio.com\/br\/f1\/\" target=\"_blank\" rel=\"noreferrer noopener\"><\/a><a href=\"https:\/\/www.grandepremio.com\/br\/f1\/\" target=\"_blank\" rel=\"noreferrer noopener\">F\u00f3rmula 1<\/a>\u00a0j\u00e1 est\u00e1 em contagem regressiva para o fim das f\u00e9rias. A pr\u00f3xima atividade \u00e9 exatamente a sess\u00e3o \u00fanica de testes coletivos de pr\u00e9-temporada, marcada para os dias 26, 27 e 28 de fevereiro, no\u00a0<strong>Bahrein<\/strong>. A temporada 2025 come\u00e7a com o\u00a0<strong>GP da Austr\u00e1lia<\/strong>, nos dias 14-16 de mar\u00e7o.<\/p>\n","protected":false},"excerpt":{"rendered":"<p>FIA optou por manter Rui Marques como diretor de provas da F\u00f3rmula 1 em 2025 e promoveu a neerlandesa Claire Dubbelman para fazer rod\u00edzio com o portugu\u00eas<\/p>\n","protected":false},"author":0,"featured_media":1000926326,"comment_status":"closed","ping_status":"closed","sticky":false,"template":"","format":"standard","meta":{"42wp_featured_image_caption":"","42wp_featured_image_credits":"","42wp_featured_video":"","42wp_featured_image_hidden":false,"42wp_authors_list":[],"footnotes":""},"categories":[2],"tags":[26271,5273,147,3630,25893,103,180,3628,1491,28285,30840,31727,35129,1500,41557,42001],"42wp_author":[47119],"class_list":["post-33057","post","type-post","status-publish","format-standard","has-post-thumbnail","hentry","category-f1","tag-calendario-f1","tag-classificacao-f1","tag-f1","tag-f1-2025","tag-federacao-internacional-de-automobilismo","tag-fia","tag-formula-1","tag-formula-1-2025","tag-grande-premio","tag-grandepremio","tag-horarios-f1","tag-mohamed-ben-sulayem","tag-onde-assistir-f1","tag-presidente-da-fia","tag-rui-marques","tag-temporada-2025-f1","42wp_author-gabriel-carvalho"],"_links":{"self":[{"href":"https:\/\/grandepremio.com\/br\/wp-json\/wp\/v2\/posts\/33057","targetHints":{"allow":["GET"]}}],"collection":[{"href":"https:\/\/grandepremio.com\/br\/wp-json\/wp\/v2\/posts"}],"about":[{"href":"https:\/\/grandepremio.com\/br\/wp-json\/wp\/v2\/types\/post"}],"replies":[{"embeddable":true,"href":"https:\/\/grandepremio.com\/br\/wp-json\/wp\/v2\/comments?post=33057"}],"version-history":[{"count":0,"href":"https:\/\/grandepremio.com\/br\/wp-json\/wp\/v2\/posts\/33057\/revisions"}],"wp:featuredmedia":[{"embeddable":true,"href":"https:\/\/grandepremio.com\/br\/wp-json\/wp\/v2\/media\/1000926326"}],"wp:attachment":[{"href":"https:\/\/grandepremio.com\/br\/wp-json\/wp\/v2\/media?parent=33057"}],"wp:term":[{"taxonomy":"category","embeddable":true,"href":"https:\/\/grandepremio.com\/br\/wp-json\/wp\/v2\/categories?post=33057"},{"taxonomy":"post_tag","embeddable":true,"href":"https:\/\/grandepremio.com\/br\/wp-json\/wp\/v2\/tags?post=33057"},{"taxonomy":"42wp_author","embeddable":true,"href":"https:\/\/grandepremio.com\/br\/wp-json\/wp\/v2\/42wp_author?post=33057"}],"curies":[{"name":"wp","href":"https:\/\/api.w.org\/{rel}","templated":true}]}}