{"id":33098,"date":"2025-02-10T10:31:51","date_gmt":"2025-02-10T13:31:51","guid":{"rendered":"https:\/\/grandepremio.com\/br\/noticias\/paddock-gp-abre-11a-temporada-grande-premio-participacao-felipe-nasr\/"},"modified":"2025-02-10T11:26:48","modified_gmt":"2025-02-10T14:26:48","slug":"paddock-gp-abre-11a-temporada-grande-premio-participacao-felipe-nasr","status":"publish","type":"post","link":"https:\/\/grandepremio.com\/br\/grande-premio\/paddock-gp-abre-11a-temporada-grande-premio-participacao-felipe-nasr\/","title":{"rendered":"Paddock GP abre 11\u00aa temporada no GRANDE PR\u00caMIO com participa\u00e7\u00e3o de Nasr"},"content":{"rendered":"\n<p class=\"wp-block-paragraph\">A programa\u00e7\u00e3o normal do <strong>GRANDE PR\u00caMIO<\/strong> est\u00e1 de volta ao YouTube e \u00e0 <strong>GPTV <\/strong>a partir desta segunda-feira (10). Como de costume, o <strong>Paddock GP<\/strong> vai inaugurar a semana e retorna com a edi\u00e7\u00e3o #403, que ter\u00e1 <strong>Felipe Nasr<\/strong> como convidado, atual campe\u00e3o do <strong>IMSA SportsCar<\/strong> e vencedor das <strong>24 Horas de Daytona<\/strong> em 2024 e 2025.<\/p>\n\n\n\n<p class=\"wp-block-paragraph\">Al\u00e9m do carro-chefe, tamb\u00e9m estar\u00e1 de volta toda a grade de programa\u00e7\u00e3o do <strong>GRANDE PR\u00caMIO<\/strong>, que contar\u00e1 com programas di\u00e1rios sempre \u00e0s 18h (de Bras\u00edlia) de segunda a sexta-feira. \u00c0s ter\u00e7as-feiras, vai ao ar o <strong>Paddock Sprint<\/strong>, enquanto o <strong>TTGP <\/strong>e o <strong>WGP<\/strong>, programa apresentado exclusivamente por mulheres,<strong> <\/strong>comp\u00f5em as grades de quarta e quinta-feira, respectivamente.\u00a0<\/p>\n\n\n\n<p class=\"wp-block-paragraph\">Fechando a semana, na sexta-feira, o Paddock Sprint vai ao ar de forma intercalada em duas categorias: uma dedicada \u00e0 <strong>MotoGP <\/strong>e outra \u00e0 <strong>Indy<\/strong>. Ambos os programas tamb\u00e9m ocupar\u00e3o o hor\u00e1rio das 18h, um a cada semana.\u00a0<\/p>\n\n\n\n<p class=\"wp-block-paragraph\">Nos finais de semana de <strong>F\u00f3rmula 1<\/strong>, o <strong>Briefing<\/strong>, que acontece ap\u00f3s o TL2 de sexta-feira, a classifica\u00e7\u00e3o de s\u00e1bado e antes e depois da corrida, no domingo.\u00a0Al\u00e9m disso, em parceria com a Voz do Esporte, o <strong>GRANDE PR\u00caMIO<\/strong> faz as transmiss\u00f5es em segunda tela de todas as sess\u00f5es de classifica\u00e7\u00e3o, sprints e corridas.<\/p>\n\n\n\n<figure class=\"wp-block-image size-large\"><img decoding=\"async\" src=\"https:\/\/www.grandepremio.com\/br\/wp-content\/uploads\/2025\/01\/felipe-nasr-porsche-1200x800.jpeg\" alt=\"\" class=\"wp-image-922270\"\/><figcaption class=\"wp-element-caption\">Primeiro Paddock GP de 2025 contar\u00e1 com a participa\u00e7\u00e3o especial de Felipe Nasr (Foto: Porsche)<\/figcaption><\/figure>\n\n\n\n<p class=\"wp-block-paragraph\">J\u00e1 nos s\u00e1bados e domingos sem atividades da <strong>F1<\/strong> ou transmiss\u00f5es de categorias no <strong>GRANDE PR\u00caMIO<\/strong>, novas edi\u00e7\u00f5es do Paddock Sprint v\u00e3o ao ar e preenchem o fim de semana da programa\u00e7\u00e3o da <strong>GPTV <\/strong>e do <strong>GRANDE PR\u00caMIO<\/strong> <a href=\"https:\/\/www.youtube.com\/c\/GrandePremioTV\/videos\">no YouTub<\/a><a href=\"https:\/\/www.youtube.com\/@GrandePremio1\/featured\">e<\/a>.\u00a0<\/p>\n\n\n\n<p class=\"wp-block-paragraph\">A GPTV, o <a href=\"https:\/\/www.grandepremio.com\/br\/gptv\/noticias\/faq-gptv-grande-premio-responde-duvidas-sobre-canal-tv-esporte-motor\/\">novo canal FAST<\/a> do<strong> GRANDE PR\u00caMIO<\/strong>, j\u00e1 est\u00e1 dispon\u00edvel no LG Channels (702) e TCL Channel (1011). Em breve, tamb\u00e9m estar\u00e1 em Claro TV+ e S\u00f3 Play.<\/p>\n\n\n\n<p class=\"wp-block-paragraph\">A F\u00f3rmula 1, inclusive, se aproxima do retorno das f\u00e9rias. A pr\u00f3xima atividade \u00e9 exatamente a sess\u00e3o \u00fanica de testes coletivos de pr\u00e9-temporada, marcada para os dias 26, 27 e 28 de fevereiro, no <strong>Bahrein<\/strong>. A temporada 2025 come\u00e7a com o <strong>GP da Austr\u00e1lia<\/strong>, nos dias 14-16 de mar\u00e7o.<\/p>\n\n\n\n<p class=\"wp-block-paragraph\"><strong>Inscreva-se nos dois canais do GRANDE PR\u00caMIO no YouTube:&nbsp;<a href=\"https:\/\/www.youtube.com\/channel\/UC9OlHEgxoaY6QY6nWPoiqQg?sub_confirmation=1\" target=\"_blank\" rel=\"noreferrer noopener\">GP<\/a>&nbsp;|&nbsp;<a href=\"https:\/\/www.youtube.com\/channel\/UC9csiS6q_C3C0FYhyr1rnFA?sub_confirmation=1\" target=\"_blank\" rel=\"noreferrer noopener\">GP2<\/a><\/strong><br><strong><a href=\"https:\/\/www.grandepremio.com\/br\/f1\/noticias\/presidente-fia-diz-pilotos-f1-nao-sao-criancas-reitera-veto-palavrao\/\">LEIA MAIS: Presidente da FIA diz que pilotos da&nbsp;<\/a>F1 \u201cn\u00e3o s\u00e3o crian\u00e7as\u201d e reitera veto a palavr\u00e3o<\/strong><\/p>\n\n\n\n<figure class=\"wp-block-embed is-type-video is-provider-youtube wp-block-embed-youtube wp-embed-aspect-16-9 wp-has-aspect-ratio\"><div class=\"wp-block-embed__wrapper\">\n<iframe loading=\"lazy\" title=\"NETFLIX QUER TRANSMITIR F1 + FIA VAI FAZER ROD\u00cdZIO DE DIRETORES | Paddock Sprint\" width=\"500\" height=\"281\" src=\"https:\/\/www.youtube.com\/embed\/5bCkPhlYypk?feature=oembed\" frameborder=\"0\" allow=\"accelerometer; autoplay; clipboard-write; encrypted-media; gyroscope; picture-in-picture; web-share\" referrerpolicy=\"strict-origin-when-cross-origin\" allowfullscreen><\/iframe>\n<\/div><\/figure>\n","protected":false},"excerpt":{"rendered":"<p>Programa\u00e7\u00e3o tradicional de 2025 do GRANDE PR\u00caMIO no YouTube e da GPTV come\u00e7a nesta segunda-feira (10) com o retorno do Paddock GP, \u00e0s 18h (de Bras\u00edlia)<\/p>\n","protected":false},"author":0,"featured_media":1000926151,"comment_status":"closed","ping_status":"closed","sticky":false,"template":"","format":"standard","meta":{"42wp_featured_image_caption":"","42wp_featured_image_credits":"","42wp_featured_video":"","42wp_featured_image_hidden":false,"42wp_authors_list":[],"footnotes":""},"categories":[4],"tags":[627,147,3630,73,180,3628,619,2957,4730,28285,706,93,39054,78,39739,1537,27828,27473],"42wp_author":[47162],"class_list":["post-33098","post","type-post","status-publish","format-standard","has-post-thumbnail","hentry","category-grande-premio","tag-daytona","tag-f1","tag-f1-2025","tag-felipe-nasr","tag-formula-1","tag-formula-1-2025","tag-formula-indy","tag-gp","tag-gptv","tag-grandepremio","tag-imsa-sportscar","tag-indy","tag-indy-2025","tag-motogp","tag-motogp-2025","tag-paddock-gp","tag-ttgp","tag-wgp","42wp_author-giovani-danjo"],"_links":{"self":[{"href":"https:\/\/grandepremio.com\/br\/wp-json\/wp\/v2\/posts\/33098","targetHints":{"allow":["GET"]}}],"collection":[{"href":"https:\/\/grandepremio.com\/br\/wp-json\/wp\/v2\/posts"}],"about":[{"href":"https:\/\/grandepremio.com\/br\/wp-json\/wp\/v2\/types\/post"}],"replies":[{"embeddable":true,"href":"https:\/\/grandepremio.com\/br\/wp-json\/wp\/v2\/comments?post=33098"}],"version-history":[{"count":0,"href":"https:\/\/grandepremio.com\/br\/wp-json\/wp\/v2\/posts\/33098\/revisions"}],"wp:featuredmedia":[{"embeddable":true,"href":"https:\/\/grandepremio.com\/br\/wp-json\/wp\/v2\/media\/1000926151"}],"wp:attachment":[{"href":"https:\/\/grandepremio.com\/br\/wp-json\/wp\/v2\/media?parent=33098"}],"wp:term":[{"taxonomy":"category","embeddable":true,"href":"https:\/\/grandepremio.com\/br\/wp-json\/wp\/v2\/categories?post=33098"},{"taxonomy":"post_tag","embeddable":true,"href":"https:\/\/grandepremio.com\/br\/wp-json\/wp\/v2\/tags?post=33098"},{"taxonomy":"42wp_author","embeddable":true,"href":"https:\/\/grandepremio.com\/br\/wp-json\/wp\/v2\/42wp_author?post=33098"}],"curies":[{"name":"wp","href":"https:\/\/api.w.org\/{rel}","templated":true}]}}