{"id":33420,"date":"2025-02-06T09:22:30","date_gmt":"2025-02-06T12:22:30","guid":{"rendered":"https:\/\/grandepremio.com\/br\/noticias\/mercedes-divulga-primeiras-imagens-andrea-kimi-antonelli-george-russell-uniforme-adidas\/"},"modified":"2025-02-06T10:58:48","modified_gmt":"2025-02-06T13:58:48","slug":"mercedes-divulga-primeiras-imagens-andrea-kimi-antonelli-george-russell-uniforme-adidas","status":"publish","type":"post","link":"https:\/\/grandepremio.com\/br\/f1\/mercedes-divulga-primeiras-imagens-andrea-kimi-antonelli-george-russell-uniforme-adidas\/","title":{"rendered":"Mercedes divulga primeiras imagens de Antonelli e Russell com uniforme da adidas"},"content":{"rendered":"\n<p class=\"wp-block-paragraph\">A <strong>Mercedes <\/strong>divulgou nesta quinta-feira (06) as primeiras imagens do novo uniforme e macac\u00e3o da equipe para a temporada 2025 da <strong>F\u00f3rmula 1<\/strong>. Pela primeira vez, o <a href=\"https:\/\/www.grandepremio.com\/br\/f1\/noticias\/mercedes-confirma-acerto-adidas-f1-2025-encerra-parceria-13-anos-com-puma\/\">material foi produzido<\/a> pela <strong>adidas <\/strong>ap\u00f3s o contrato antigo com a <strong>Puma<\/strong>, que durou 13 anos, ser encerrado no final do ano passado.\u00a0<\/p>\n\n\n\n<p class=\"wp-block-paragraph\">Em janeiro, a informa\u00e7\u00e3o foi confirmada pela pr\u00f3pria Mercedes, que anunciou o in\u00edcio da parceria com a adidas. Ainda em 2024, em julho, a equipe de <strong>Brackley <\/strong>se aproximou da marca, que buscava um novo acordo de fornecimento para suprir o fim da parceria com a sele\u00e7\u00e3o alem\u00e3 de futebol, em 2026.<\/p>\n\n\n\n<p class=\"wp-block-paragraph\">O namoro acabou saindo do papel e resultou em um contrato plurianual j\u00e1 v\u00e1lido para a temporada 2025 da F\u00f3rmula 1. Antes, a Mercedes tinha um acordo desde 2012 com a Puma, assim como uma parceria com a <strong>Tommy Hilfiger<\/strong>, que se juntou \u00e0 equipe atrav\u00e9s de <strong>Lewis Hamilton<\/strong>.<\/p>\n\n\n\n<p class=\"wp-block-paragraph\">As novidades, no entanto, n\u00e3o se limitam apenas \u00e0s tr\u00eas listras no ombro dos uniformes. As primeiras fotos com o material novo, consequentemente, tamb\u00e9m s\u00e3o as primeiras imagens oficiais de <strong>Andrea Kimi Antonelli<\/strong> ao lado de <strong>George Russell<\/strong> como piloto titular da Mercedes. O jovem italiano de 18 anos estreia na <strong>F1 <\/strong>em 2025 como substituto de Hamilton, que partiu rumo \u00e0 <strong>Ferrari<\/strong>.\u00a0<\/p>\n\n\n\n<figure class=\"wp-block-image size-large\"><img decoding=\"async\" src=\"https:\/\/www.grandepremio.com\/br\/wp-content\/uploads\/2025\/02\/Snapinst.app_476477244_18492134518051576_8370884170762079578_n_1080-1001x1200.jpg\" alt=\"\" class=\"wp-image-925159\"\/><figcaption class=\"wp-element-caption\">Andrea Kimi Antonelli e George Russell em primeiras fotos oficiais com uniforme da adidas (Foto: Mercedes)<\/figcaption><\/figure>\n\n\n\n<p class=\"wp-block-paragraph\">Com um estreante promissor na escala\u00e7\u00e3o titular de 2025 e uma nova parceria dentro e fora das pistas, <strong>Toto Wolff<\/strong>, chefe da Mercedes, falou em \u201ccome\u00e7ar a escrever um novo cap\u00edtulo\u201d da hist\u00f3ria da equipe.<\/p>\n\n\n\n<p class=\"wp-block-paragraph\">\u201cA parceria com a adidas \u00e9 uma declara\u00e7\u00e3o clara de inten\u00e7\u00e3o \u00e0 medida que come\u00e7amos a escrever o pr\u00f3ximo cap\u00edtulo como equipe. A adidas \u00e9 uma marca ic\u00f4nica, que se dedica n\u00e3o apenas ao desempenho de ponta, mas tamb\u00e9m ao estilo e sofistica\u00e7\u00e3o. Este an\u00fancio, portanto, representa uma colabora\u00e7\u00e3o inovadora que redefinir\u00e1 o que significa vestir-se como equipe e torcedor em nosso esporte\u201d, destacou.\u00a0<\/p>\n\n\n\n<p class=\"wp-block-paragraph\">A F\u00f3rmula 1 se aproxima do retorno das f\u00e9rias. A pr\u00f3xima atividade \u00e9 exatamente a sess\u00e3o \u00fanica de testes coletivos de pr\u00e9-temporada, marcada para os dias 26, 27 e 28 de fevereiro, no <strong>Bahrein<\/strong>. A temporada 2025 come\u00e7a com o <strong>GP da Austr\u00e1lia<\/strong>, nos dias 14-16 de mar\u00e7o.<\/p>\n\n\n\n<p class=\"wp-block-paragraph\">\u25b6\ufe0f&nbsp;<strong>Inscreva-se nos dois canais do GRANDE PR\u00caMIO no YouTube:&nbsp;<a href=\"https:\/\/www.youtube.com\/channel\/UC9OlHEgxoaY6QY6nWPoiqQg?sub_confirmation=1\" target=\"_blank\" rel=\"noreferrer noopener\">GP<\/a>&nbsp;|&nbsp;<a href=\"https:\/\/www.youtube.com\/channel\/UC9csiS6q_C3C0FYhyr1rnFA?sub_confirmation=1\" target=\"_blank\" rel=\"noreferrer noopener\">GP2<\/a><\/strong><\/p>\n\n\n\n<figure class=\"wp-block-embed is-type-video is-provider-youtube wp-block-embed-youtube wp-embed-aspect-16-9 wp-has-aspect-ratio\"><div class=\"wp-block-embed__wrapper\">\n<iframe loading=\"lazy\" title=\"ANTONELLI SE DECLARA A SENNA E RED BULL ABRE O JOGO SOBRE P\u00c9REZ | Paddock Sprint\" width=\"500\" height=\"281\" src=\"https:\/\/www.youtube.com\/embed\/fzirkwv5QO8?feature=oembed\" frameborder=\"0\" allow=\"accelerometer; autoplay; clipboard-write; encrypted-media; gyroscope; picture-in-picture; web-share\" referrerpolicy=\"strict-origin-when-cross-origin\" allowfullscreen><\/iframe>\n<\/div><\/figure>\n\n\n\n<p class=\"wp-block-paragraph\"><\/p>\n","protected":false},"excerpt":{"rendered":"<p>Depois de longa parceria com a Puma, a Mercedes assinou com a adidas para a temporada 2025 da F\u00f3rmula 1 e agora divulgou as primeiras imagens do novo uniforme<\/p>\n","protected":false},"author":0,"featured_media":1000925166,"comment_status":"closed","ping_status":"closed","sticky":false,"template":"","format":"standard","meta":{"42wp_featured_image_caption":"","42wp_featured_image_credits":"","42wp_featured_video":"","42wp_featured_image_hidden":false,"42wp_authors_list":[],"footnotes":""},"categories":[2],"tags":[27861,5660,969,147,3630,642,160,180,3628,800,1491,30103,28285,87,82,12381],"42wp_author":[47162],"class_list":["post-33420","post","type-post","status-publish","format-standard","has-post-thumbnail","hentry","category-f1","tag-andrea-kimi-antonelli","tag-classificacao","tag-corrida","tag-f1","tag-f1-2025","tag-f1-ao-vivo","tag-f1-tv","tag-formula-1","tag-formula-1-2025","tag-george-russell","tag-grande-premio","tag-grande-premio-f1","tag-grandepremio","tag-lewis-hamilton","tag-mercedes","tag-puma","42wp_author-giovani-danjo"],"_links":{"self":[{"href":"https:\/\/grandepremio.com\/br\/wp-json\/wp\/v2\/posts\/33420","targetHints":{"allow":["GET"]}}],"collection":[{"href":"https:\/\/grandepremio.com\/br\/wp-json\/wp\/v2\/posts"}],"about":[{"href":"https:\/\/grandepremio.com\/br\/wp-json\/wp\/v2\/types\/post"}],"replies":[{"embeddable":true,"href":"https:\/\/grandepremio.com\/br\/wp-json\/wp\/v2\/comments?post=33420"}],"version-history":[{"count":0,"href":"https:\/\/grandepremio.com\/br\/wp-json\/wp\/v2\/posts\/33420\/revisions"}],"wp:featuredmedia":[{"embeddable":true,"href":"https:\/\/grandepremio.com\/br\/wp-json\/wp\/v2\/media\/1000925166"}],"wp:attachment":[{"href":"https:\/\/grandepremio.com\/br\/wp-json\/wp\/v2\/media?parent=33420"}],"wp:term":[{"taxonomy":"category","embeddable":true,"href":"https:\/\/grandepremio.com\/br\/wp-json\/wp\/v2\/categories?post=33420"},{"taxonomy":"post_tag","embeddable":true,"href":"https:\/\/grandepremio.com\/br\/wp-json\/wp\/v2\/tags?post=33420"},{"taxonomy":"42wp_author","embeddable":true,"href":"https:\/\/grandepremio.com\/br\/wp-json\/wp\/v2\/42wp_author?post=33420"}],"curies":[{"name":"wp","href":"https:\/\/api.w.org\/{rel}","templated":true}]}}