{"id":33616,"date":"2025-02-04T09:00:17","date_gmt":"2025-02-04T12:00:17","guid":{"rendered":"https:\/\/grandepremio.com\/br\/noticias\/williams-reitera-chegada-cadillac-formula-1-render-perdas-financeiras-equipes\/"},"modified":"2025-02-04T15:04:59","modified_gmt":"2025-02-04T18:04:59","slug":"williams-reitera-chegada-cadillac-formula-1-render-perdas-financeiras-equipes","status":"publish","type":"post","link":"https:\/\/grandepremio.com\/br\/f1\/williams-reitera-chegada-cadillac-formula-1-render-perdas-financeiras-equipes\/","title":{"rendered":"Williams reitera que chegada da Cadillac vai render &#8220;perdas financeiras&#8221; para equipes da F1"},"content":{"rendered":"\n<p class=\"wp-block-paragraph\">A <strong>F\u00f3rmula 1<\/strong> contar\u00e1 com uma 11\u00aa equipe no grid a partir da temporada 2026: \u00e9 a <strong><a href=\"https:\/\/www.grandepremio.com\/br\/?s=cadillac&amp;orderby=post_date&amp;rows=20\">Cadillac<\/a><\/strong>, que traz a <strong>GM<\/strong> de volta \u00e0 categoria ap\u00f3s muito tempo. Apesar de se tratar de marca de peso, a impress\u00e3o entre as equipes atuais \u00e9 que haver\u00e1 perda financeira, ao menos no primeiro momento.<\/p>\n\n\n\n<p class=\"wp-block-paragraph\">Quem falou sobre o assunto foi <strong>James Vowles<\/strong>, chefe da Williams. A situa\u00e7\u00e3o vem do fato de que os valores da premia\u00e7\u00e3o paga pela <strong>FIA (Federa\u00e7\u00e3o Internacional de Automobilismo)<\/strong> \u00e0s equipes seguir\u00e3o essencialmente os mesmos, corrigidos apenas pela infla\u00e7\u00e3o, pelos pr\u00f3ximos anos. O que antes era dividido por dez equipes ser\u00e1, agora, por 11.<\/p>\n\n\n\n<p class=\"wp-block-paragraph\">Por isso, a Cadillac tem de pagar uma taxa que ser\u00e1 dilu\u00edda entre as dez equipes, como esp\u00e9cie de compensa\u00e7\u00e3o, para ingressar no grid. O valor est\u00e1 em <strong>US$ 200 milh\u00f5es<\/strong> (R$ 1,1 bilh\u00e3o, na convers\u00e3o mais recente). A quest\u00e3o \u00e9 que os times haviam indicado a necessidade que esse valor fosse bem maior, at\u00e9 o dobro.<\/p>\n\n\n\n<p class=\"wp-block-paragraph\">Como n\u00e3o h\u00e1 uma defini\u00e7\u00e3o em regulamento, FIA e <strong>Liberty Media<\/strong>, grupo detentor dos direitos comerciais da categoria, fecharam nestes n\u00fameros.<\/p>\n\n\n\n<figure class=\"wp-block-image size-large\"><img decoding=\"async\" src=\"https:\/\/www.grandepremio.com\/br\/wp-content\/uploads\/2023\/04\/James-Vowles-01-1024x683.jpg\" alt=\"\" class=\"wp-image-667455\"\/><figcaption class=\"wp-element-caption\">James Vowles fez profecia sobre o come\u00e7o da era Cadillac para demais equipes da F1 (Foto: Williams)<\/figcaption><\/figure>\n\n\n\n<p class=\"wp-block-paragraph\">&#8220;Em primeiro lugar, o fato de ter uma f\u00e1brica como a GM se juntando a n\u00f3s \u00e9 um sinal do qu\u00e3o bem o esporte est\u00e1 no momento. Mostra como estamos crescendo, onde a F1 est\u00e1 indo&#8221;, afirmou em entrevista ao portal neerland\u00eas RacingNews365.<\/p>\n\n\n\n<p class=\"wp-block-paragraph\">&#8220;N\u00e3o creio que haja um valor pr\u00e9-definido de taxa de dilui\u00e7\u00e3o&#8221;, falou. &#8220;Isso \u00e9 parte do Pacto da Conc\u00f3rdia de 2026, que ainda n\u00e3o foi ratificado&#8221;, seguiu.<\/p>\n\n\n\n<p class=\"wp-block-paragraph\">&#8220;O que eu falo disso o tempo todo \u00e9 que haver\u00e1 perda financeira para as outras equipes. O que temos de fazer agora \u00e9 crescer o esporte o suficiente e entender que temos de tornar as coisas boas para todos&#8221;, finalizou.<\/p>\n\n\n\n<p class=\"wp-block-paragraph\">A&nbsp;<a href=\"https:\/\/www.grandepremio.com\/br\/f1\/\" target=\"_blank\" rel=\"noreferrer noopener\"><\/a><a href=\"https:\/\/www.grandepremio.com\/br\/f1\/\" target=\"_blank\" rel=\"noreferrer noopener\"><strong>F\u00f3rmula 1<\/strong><\/a>&nbsp;se aproxima do retorno das f\u00e9rias. A pr\u00f3xima atividade \u00e9 exatamente a sess\u00e3o \u00fanica de testes coletivos de pr\u00e9-temporada, marcada para os dias 26, 27 e 28 de fevereiro, no&nbsp;<strong>Bahrein<\/strong>. A temporada 2025 come\u00e7a com o&nbsp;<strong>GP da Austr\u00e1lia<\/strong>, nos dias 14-16 de mar\u00e7o.<\/p>\n\n\n\n<p class=\"wp-block-paragraph\">\u25b6\ufe0f&nbsp;<strong>Inscreva-se nos dois canais do GRANDE PR\u00caMIO no YouTube:&nbsp;<a href=\"https:\/\/www.youtube.com\/channel\/UC9OlHEgxoaY6QY6nWPoiqQg?sub_confirmation=1\" target=\"_blank\" rel=\"noreferrer noopener\">GP<\/a>&nbsp;|&nbsp;<a href=\"https:\/\/www.youtube.com\/channel\/UC9csiS6q_C3C0FYhyr1rnFA?sub_confirmation=1\" target=\"_blank\" rel=\"noreferrer noopener\">GP2<\/a><\/strong><br>\u25b6\ufe0f&nbsp;<strong>LEIA MAIS:<\/strong>&nbsp;<a href=\"https:\/\/www.grandepremio.com\/br\/f1\/noticias\/ferrari-volta-a-pista-carro-2024-detalhes-novo-teste-lewis-hamilton-espanha\/\"><strong>Ferrari volta \u00e0 pista: os detalhes do novo teste de Hamilton na Espanha<\/strong><\/a><\/p>\n\n\n\n<figure class=\"wp-block-embed is-type-video is-provider-youtube wp-block-embed-youtube wp-embed-aspect-16-9 wp-has-aspect-ratio\"><div class=\"wp-block-embed__wrapper\">\n<iframe loading=\"lazy\" title=\"FERRARI E SAUBER TESTAM E GPDA TREME: SEMANA DA F1 E O QUE VEM POR A\u00cd? | PADDOCK SPRINT\" width=\"500\" height=\"281\" src=\"https:\/\/www.youtube.com\/embed\/o0Kygfm9H64?feature=oembed\" frameborder=\"0\" allow=\"accelerometer; autoplay; clipboard-write; encrypted-media; gyroscope; picture-in-picture; web-share\" referrerpolicy=\"strict-origin-when-cross-origin\" allowfullscreen><\/iframe>\n<\/div><figcaption class=\"wp-element-caption\">FERRARI E SAUBER TESTAM E GPDA TREME: SEMANA DA F1 E O QUE VEM POR A\u00cd? | PADDOCK SPRINT<\/figcaption><\/figure>\n","protected":false},"excerpt":{"rendered":"<p>James Vowles, chefe da Williams, afirmou que apesar de cr\u00e9dito com chegada de Cadillac e GM, equipes da F1 ter\u00e3o impacto financeiro inicialmente negativo<\/p>\n","protected":false},"author":0,"featured_media":1000902144,"comment_status":"closed","ping_status":"closed","sticky":false,"template":"","format":"standard","meta":{"42wp_featured_image_caption":"","42wp_featured_image_credits":"","42wp_featured_video":"","42wp_featured_image_hidden":false,"42wp_authors_list":[],"footnotes":""},"categories":[2],"tags":[26000,729,5660,3630,642,30124,4149,215,25011,33777],"42wp_author":[47120],"class_list":["post-33616","post","type-post","status-publish","format-standard","has-post-thumbnail","hentry","category-f1","tag-audiencia-da-tv","tag-cadillac","tag-classificacao","tag-f1-2025","tag-f1-ao-vivo","tag-gm","tag-james-vowles","tag-williams","tag-williams-f1","tag-williams-formula-1","42wp_author-pedro-henrique-marum"],"_links":{"self":[{"href":"https:\/\/grandepremio.com\/br\/wp-json\/wp\/v2\/posts\/33616","targetHints":{"allow":["GET"]}}],"collection":[{"href":"https:\/\/grandepremio.com\/br\/wp-json\/wp\/v2\/posts"}],"about":[{"href":"https:\/\/grandepremio.com\/br\/wp-json\/wp\/v2\/types\/post"}],"replies":[{"embeddable":true,"href":"https:\/\/grandepremio.com\/br\/wp-json\/wp\/v2\/comments?post=33616"}],"version-history":[{"count":0,"href":"https:\/\/grandepremio.com\/br\/wp-json\/wp\/v2\/posts\/33616\/revisions"}],"wp:featuredmedia":[{"embeddable":true,"href":"https:\/\/grandepremio.com\/br\/wp-json\/wp\/v2\/media\/1000902144"}],"wp:attachment":[{"href":"https:\/\/grandepremio.com\/br\/wp-json\/wp\/v2\/media?parent=33616"}],"wp:term":[{"taxonomy":"category","embeddable":true,"href":"https:\/\/grandepremio.com\/br\/wp-json\/wp\/v2\/categories?post=33616"},{"taxonomy":"post_tag","embeddable":true,"href":"https:\/\/grandepremio.com\/br\/wp-json\/wp\/v2\/tags?post=33616"},{"taxonomy":"42wp_author","embeddable":true,"href":"https:\/\/grandepremio.com\/br\/wp-json\/wp\/v2\/42wp_author?post=33616"}],"curies":[{"name":"wp","href":"https:\/\/api.w.org\/{rel}","templated":true}]}}