{"id":33682,"date":"2025-02-03T09:35:55","date_gmt":"2025-02-03T12:35:55","guid":{"rendered":"https:\/\/grandepremio.com\/br\/noticias\/pierre-gasly-ve-alpine-com-chances-top-5-f1-2025-algo-totalmente-alcancavel\/"},"modified":"2025-02-03T10:50:08","modified_gmt":"2025-02-03T13:50:08","slug":"pierre-gasly-ve-alpine-com-chances-top-5-f1-2025-algo-totalmente-alcancavel","status":"publish","type":"post","link":"https:\/\/grandepremio.com\/br\/f1\/pierre-gasly-ve-alpine-com-chances-top-5-f1-2025-algo-totalmente-alcancavel\/","title":{"rendered":"Gasly v\u00ea Alpine com chances de top-5 na F1 2025: &#8220;Algo totalmente alcan\u00e7\u00e1vel&#8221;"},"content":{"rendered":"\n<p class=\"wp-block-paragraph\">Depois de um in\u00edcio muito abaixo das expectativas, a <strong>Alpine<\/strong> encerrou a temporada 2024 em alta. Empurrada pelo duplo p\u00f3dio no <strong>GP de S\u00e3o Paulo<\/strong>, o time franc\u00eas terminou o ano na sexta posi\u00e7\u00e3o, depois de ter passado por parte dele na nona posi\u00e7\u00e3o. Para 2025, <strong>Pierre Gasly<\/strong> quer dar um passo adiante: chegar no top-5 do <strong>Mundial de Construtores<\/strong>.<\/p>\n\n\n\n<p class=\"wp-block-paragraph\">At\u00e9 o <strong>GP da Cidade do M\u00e9xico<\/strong> de <strong>F\u00f3rmula 1<\/strong>, disputado em outubro passado, a Alpine estava na nona posi\u00e7\u00e3o entre as equipes, com apenas 13 pontos. Na ocasi\u00e3o, o pr\u00f3prio Gasly marcou um ponto \u2014 o 14\u00ba da escuderia \u2014 e declarou que o time lutaria contra a <strong>Williams<\/strong>, com tr\u00eas tentos a mais, pelo oitavo posto.<\/p>\n\n\n\n<p class=\"wp-block-paragraph\">Impulsionados pelo segundo lugar de <strong>Esteban Ocon<\/strong> e o terceiro posto de Gasly em <strong>Interlagos<\/strong>, a Alpine anotou 51 pontos nas quatro \u00faltimas etapas da F\u00f3rmula 1 em 2025, superando a Williams, <strong>RB<\/strong> [atual <strong>Racing Bulls<\/strong>] e <strong>Haas<\/strong> na tabela de Construtores. <\/p>\n\n\n\n<p class=\"wp-block-paragraph\">Agora ao lado de <strong>Jack Doohan<\/strong>, Gasly sonha colocar a Alpine entre as cinco primeiras equipes da F1 em 2025, algo que o franc\u00eas v\u00ea com boas possibilidades.<\/p>\n\n\n\n<figure class=\"wp-block-image size-large\"><img decoding=\"async\" src=\"https:\/\/www.grandepremio.com\/br\/wp-content\/uploads\/2024\/11\/catar-2024-f1-quinta-feira-alpine-pierre-gasly-afp-01-1200x800.jpg\" alt=\"\" class=\"wp-image-902409\"\/><figcaption class=\"wp-element-caption\">Pierre Gasly (Foto: AFP)<\/figcaption><\/figure>\n\n\n\n<p class=\"wp-block-paragraph\">Vale destacar que a <strong>Aston Martin<\/strong> foi a quinta colocada na classifica\u00e7\u00e3o em 2024, com 94 pontos, mas gra\u00e7as ao seu in\u00edcio de ano. Da metade para o final da temporada, o time de <strong>Lawrence Stroll<\/strong> caiu bastante de desempenho, o que resultou na sa\u00edda de <strong>Mike Krack<\/strong> <a href=\"https:\/\/www.grandepremio.com\/br\/f1\/noticias\/aston-martin-mudanca-tira-mike-krack-cargo-chefe-equipe-formula-1\/\">do cargo de chefe de equipe<\/a> \u2014 <strong>Andy Cowell<\/strong> assumiu o posto no in\u00edcio de 2025.<\/p>\n\n\n\n<p class=\"wp-block-paragraph\">&#8220;Gostaria de terminar entre os cinco primeiros nos Construtores, pois \u00e9 algo que quero e \u00e9 totalmente alcan\u00e7\u00e1vel&#8221;, disse Gasly durante o Autosport Awards.<\/p>\n\n\n\n<p class=\"wp-block-paragraph\">&#8220;\u00c9 \u00f3bvio que, em meu interior, desejo mais, mas tenho de ser objetivo e saber que o grid est\u00e1 pr\u00f3ximo e competitivo, ent\u00e3o, n\u00e3o espero grandes mudan\u00e7as com rela\u00e7\u00e3o ao \u00faltimo ano&#8221;, finalizou.<\/p>\n\n\n\n<p class=\"wp-block-paragraph\">Agora, a\u00a0<a href=\"https:\/\/www.grandepremio.com\/br\/f1\/\" target=\"_blank\" rel=\"noreferrer noopener\"><\/a><a href=\"https:\/\/www.grandepremio.com\/br\/f1\/\" target=\"_blank\" rel=\"noreferrer noopener\">F\u00f3rmula 1<\/a>\u00a0est\u00e1 oficialmente de f\u00e9rias. A pr\u00f3xima atividade \u00e9 exatamente a sess\u00e3o de testes coletivos de pr\u00e9-temporada, marcada para os dias 26, 27 e 28 de fevereiro, no\u00a0<strong>Bahrein<\/strong>. A temporada 2025 come\u00e7a com o\u00a0<strong>GP da Austr\u00e1lia<\/strong>, nos dias 14-16 de mar\u00e7o.<\/p>\n\n\n\n<p class=\"wp-block-paragraph\"><strong>Inscreva-se nos dois canais do GRANDE PR\u00caMIO no YouTube:\u00a0<a href=\"https:\/\/www.youtube.com\/channel\/UC9OlHEgxoaY6QY6nWPoiqQg?sub_confirmation=1\" target=\"_blank\" rel=\"noreferrer noopener\">GP<\/a>\u00a0|\u00a0<a href=\"https:\/\/www.youtube.com\/channel\/UC9csiS6q_C3C0FYhyr1rnFA?sub_confirmation=1\" target=\"_blank\" rel=\"noreferrer noopener\">GP2<\/a><\/strong><\/p>\n\n\n\n<figure class=\"wp-block-embed is-type-video is-provider-youtube wp-block-embed-youtube wp-embed-aspect-16-9 wp-has-aspect-ratio\"><div class=\"wp-block-embed__wrapper\">\n<iframe loading=\"lazy\" title=\"FERRARI E SAUBER TESTAM E GPDA TREME: SEMANA DA F1 E O QUE VEM POR A\u00cd? | PADDOCK SPRINT\" width=\"500\" height=\"281\" src=\"https:\/\/www.youtube.com\/embed\/o0Kygfm9H64?feature=oembed\" frameborder=\"0\" allow=\"accelerometer; autoplay; clipboard-write; encrypted-media; gyroscope; picture-in-picture; web-share\" referrerpolicy=\"strict-origin-when-cross-origin\" allowfullscreen><\/iframe>\n<\/div><\/figure>\n","protected":false},"excerpt":{"rendered":"<p>Embalado por boas atua\u00e7\u00f5es na reta final de 2024, Pierre Gasly projeta Alpine na briga pelo quinto lugar no Mundial de Construtores na temporada 2025 da F1<\/p>\n","protected":false},"author":0,"featured_media":1000906175,"comment_status":"closed","ping_status":"closed","sticky":false,"template":"","format":"standard","meta":{"42wp_featured_image_caption":"","42wp_featured_image_credits":"","42wp_featured_video":"","42wp_featured_image_hidden":false,"42wp_authors_list":[],"footnotes":""},"categories":[2],"tags":[20491,26271,5273,34025,147,3630,29516,885,180,3628,1491,28285,30840,596,82,35129,676,229,42001],"42wp_author":[47155],"class_list":["post-33682","post","type-post","status-publish","format-standard","has-post-thumbnail","hentry","category-f1","tag-alpine","tag-calendario-f1","tag-classificacao-f1","tag-david-sanchez","tag-f1","tag-f1-2025","tag-f1-2026","tag-flavio-briatore","tag-formula-1","tag-formula-1-2025","tag-grande-premio","tag-grandepremio","tag-horarios-f1","tag-jack-doohan","tag-mercedes","tag-onde-assistir-f1","tag-pierre-gasly","tag-renault","tag-temporada-2025-f1","42wp_author-daniel-balsa"],"_links":{"self":[{"href":"https:\/\/grandepremio.com\/br\/wp-json\/wp\/v2\/posts\/33682","targetHints":{"allow":["GET"]}}],"collection":[{"href":"https:\/\/grandepremio.com\/br\/wp-json\/wp\/v2\/posts"}],"about":[{"href":"https:\/\/grandepremio.com\/br\/wp-json\/wp\/v2\/types\/post"}],"replies":[{"embeddable":true,"href":"https:\/\/grandepremio.com\/br\/wp-json\/wp\/v2\/comments?post=33682"}],"version-history":[{"count":0,"href":"https:\/\/grandepremio.com\/br\/wp-json\/wp\/v2\/posts\/33682\/revisions"}],"wp:featuredmedia":[{"embeddable":true,"href":"https:\/\/grandepremio.com\/br\/wp-json\/wp\/v2\/media\/1000906175"}],"wp:attachment":[{"href":"https:\/\/grandepremio.com\/br\/wp-json\/wp\/v2\/media?parent=33682"}],"wp:term":[{"taxonomy":"category","embeddable":true,"href":"https:\/\/grandepremio.com\/br\/wp-json\/wp\/v2\/categories?post=33682"},{"taxonomy":"post_tag","embeddable":true,"href":"https:\/\/grandepremio.com\/br\/wp-json\/wp\/v2\/tags?post=33682"},{"taxonomy":"42wp_author","embeddable":true,"href":"https:\/\/grandepremio.com\/br\/wp-json\/wp\/v2\/42wp_author?post=33682"}],"curies":[{"name":"wp","href":"https:\/\/api.w.org\/{rel}","templated":true}]}}