{"id":33905,"date":"2025-02-01T07:30:28","date_gmt":"2025-02-01T10:30:28","guid":{"rendered":"https:\/\/grandepremio.com\/br\/noticias\/joan-mir-aparencia-incrivel-nova-honda-mira-melhorar-moto-2025\/"},"modified":"2025-02-01T08:38:01","modified_gmt":"2025-02-01T11:38:01","slug":"joan-mir-aparencia-incrivel-nova-honda-mira-melhorar-moto-2025","status":"publish","type":"post","link":"https:\/\/grandepremio.com\/br\/motogp\/joan-mir-aparencia-incrivel-nova-honda-mira-melhorar-moto-2025\/","title":{"rendered":"Mir destaca \u201capar\u00eancia incr\u00edvel\u201d da nova Honda e mira \u201cdesenvolver a moto\u201d em 2025"},"content":{"rendered":"\n<p class=\"wp-block-paragraph\">A <strong>Honda <\/strong>apresentou, neste s\u00e1bado (1\u00ba),<a href=\"https:\/\/www.grandepremio.com\/br\/motogp\/noticias\/honda-apresenta-motos-luca-marini-joan-mir-motogp-2025\/\"> a nova vers\u00e3o da <strong>RC213V<\/strong><\/a>, modelo que vai disputar a temporada 2025 da <strong>MotoGP<\/strong>. E com uma nova disposi\u00e7\u00e3o de cores, <strong>Joan Mir <\/strong>gostou do novo visual, mas sabe que a equipe ainda enfrenta algumas dificuldades na classe rainha. Por isso, espera conseguir desenvolver o equipamento para se tornar competitivo ao longo do ano.<\/p>\n\n\n\n<p class=\"wp-block-paragraph\">A <strong>Honda <\/strong>vive um momento complicado na <strong>MotoGP <\/strong>e a \u00faltima temporada foi um desastre para o time na parte esportiva. Al\u00e9m de perder <strong>Marc M\u00e1rquez<\/strong>, n\u00e3o teve uma boa performance, somou apenas 35 pontos e terminou na \u00faltima coloca\u00e7\u00e3o no <strong>Mundial de Equipes<\/strong>.<\/p>\n\n\n\n<p class=\"wp-block-paragraph\">Para 2025, ainda que tenha seguido com a dupla formada por <strong>Joan Mir<\/strong> e <strong>Luca Marini<\/strong>, o time japon\u00eas mudou o patrocinador principal. Ap\u00f3s anos com uma parceria lend\u00e1ria, a <strong>Honda <\/strong>e a <strong>Repsol <\/strong>seguiram caminhos opostos, o que abriu espa\u00e7o para a chegada da <strong>Castrol<\/strong>. Por isso, a nova <strong>RC213V <\/strong>tem um layout de cores completamente diferente, sendo predominantemente vermelha. E o campe\u00e3o de 2020 gostou do design.<\/p>\n\n\n\n<p class=\"wp-block-paragraph\">\u201cPrimeiramente, tenho de dizer que a moto parece incr\u00edvel \u2013 as novas cores s\u00e3o diferentes do que vimos no passado, mas s\u00e3o fortes e ser\u00e1 um prazer us\u00e1-las. Entramos nesta nova temporada com objetivos claros, enquanto continuamos a trabalhar para melhorar a moto, a equipe e n\u00f3s mesmos\u201d, apontou <strong>Mir<\/strong>.<\/p>\n\n\n\n<figure class=\"wp-block-image size-full\"><img decoding=\"async\" src=\"https:\/\/www.grandepremio.com\/br\/wp-content\/uploads\/2025\/02\/Luca-Marini-e-Joan-Mir-MotoGP-2025-Foto-Honda.jpg\" alt=\"\" class=\"wp-image-923829\"\/><figcaption class=\"wp-element-caption\">Luca Marini e Joan Mir seguem com a Honda na MotoGP 2025 (Foto: Honda)<\/figcaption><\/figure>\n\n\n\n<p class=\"wp-block-paragraph\">Mas com as dificuldades do ano passado, e sabendo que beleza n\u00e3o \u00e9 sin\u00f4nimo de velocidade, Mir est\u00e1 ciente que a Honda vai enfrentar um ano de muito trabalho em 2025.<br>\u201cSer\u00e1 um come\u00e7o de ano intenso, direto para dois testes depois do inverno, mas isso nos permitir\u00e1 voltar ao ritmo rapidamente. Estou ansioso para ver no que nossos engenheiros e nossos novos parceiros na Castrol t\u00eam trabalhado durante o inverno\u201d, finalizou <strong>Mir<\/strong>.<\/p>\n\n\n\n<p class=\"wp-block-paragraph\">A&nbsp;<strong><a href=\"https:\/\/grandepremio.com\/motovelocidade\/\" target=\"_blank\" rel=\"noreferrer noopener\">MotoGP<\/a><\/strong>&nbsp;volta a acelerar entre 5 e 7 de fevereiro de 2025 para os primeiros testes de pr\u00e9-temporada, em&nbsp;<strong><a href=\"https:\/\/www.grandepremio.com\/br\/circuito\/sepang\/\" target=\"_blank\" rel=\"noreferrer noopener\">Sepang<\/a><\/strong>, na&nbsp;<strong>Mal\u00e1sia<\/strong>. O&nbsp;<strong>GRANDE PR\u00caMIO&nbsp;<\/strong>faz a cobertura completa do evento, assim como das outras classes do Mundial de&nbsp;<a href=\"https:\/\/www.grandepremio.com\/motovelocidade\/\">Motovelocidade&nbsp;<\/a>durante todo o ano.<\/p>\n\n\n\n<p class=\"wp-block-paragraph\"><strong>\u25b6\ufe0f&nbsp;Inscreva-se nos dois canais do GRANDE PR\u00caMIO no YouTube:&nbsp;<a href=\"https:\/\/www.youtube.com\/channel\/UC9OlHEgxoaY6QY6nWPoiqQg?sub_confirmation=1\" target=\"_blank\" rel=\"noreferrer noopener\">GP<\/a>&nbsp;|&nbsp;<a href=\"https:\/\/www.youtube.com\/channel\/UC9csiS6q_C3C0FYhyr1rnFA?sub_confirmation=1\" target=\"_blank\" rel=\"noreferrer noopener\">GP2<\/a><\/strong><\/p>\n\n\n\n<figure class=\"wp-block-embed is-type-video is-provider-youtube wp-block-embed-youtube wp-embed-aspect-16-9 wp-has-aspect-ratio\"><div class=\"wp-block-embed__wrapper\">\n<iframe loading=\"lazy\" title=\"10 MAIORES EXPECTATIVAS PARA TEMPORADA 2025 DA MOTOGP | Paddock Sprint\" width=\"500\" height=\"281\" src=\"https:\/\/www.youtube.com\/embed\/P3bqM7tVJxw?feature=oembed\" frameborder=\"0\" allow=\"accelerometer; autoplay; clipboard-write; encrypted-media; gyroscope; picture-in-picture; web-share\" referrerpolicy=\"strict-origin-when-cross-origin\" allowfullscreen><\/iframe>\n<\/div><\/figure>\n","protected":false},"excerpt":{"rendered":"<p>Joan Mir gostou da nova pintura da Honda na MotoGP 2025, mas est\u00e1 ciente que a equipe ainda tem um longo caminho a percorrer para voltar a ser competitiva<\/p>\n","protected":false},"author":0,"featured_media":1000923825,"comment_status":"closed","ping_status":"closed","sticky":false,"template":"","format":"standard","meta":{"42wp_featured_image_caption":"","42wp_featured_image_credits":"","42wp_featured_video":"","42wp_featured_image_hidden":false,"42wp_authors_list":[],"footnotes":""},"categories":[8],"tags":[24853,1491,28285,130,187,1661,78,34187,393,41828],"42wp_author":[47149],"class_list":["post-33905","post","type-post","status-publish","format-standard","has-post-thumbnail","hentry","category-motogp","tag-calendario-motogp","tag-grande-premio","tag-grandepremio","tag-honda","tag-joan-mir","tag-luca-marini","tag-motogp","tag-onde-assistir-motogp","tag-rc213v","tag-temporada-2025-da-motogp","42wp_author-bernardo-castro"],"_links":{"self":[{"href":"https:\/\/grandepremio.com\/br\/wp-json\/wp\/v2\/posts\/33905","targetHints":{"allow":["GET"]}}],"collection":[{"href":"https:\/\/grandepremio.com\/br\/wp-json\/wp\/v2\/posts"}],"about":[{"href":"https:\/\/grandepremio.com\/br\/wp-json\/wp\/v2\/types\/post"}],"replies":[{"embeddable":true,"href":"https:\/\/grandepremio.com\/br\/wp-json\/wp\/v2\/comments?post=33905"}],"version-history":[{"count":0,"href":"https:\/\/grandepremio.com\/br\/wp-json\/wp\/v2\/posts\/33905\/revisions"}],"wp:featuredmedia":[{"embeddable":true,"href":"https:\/\/grandepremio.com\/br\/wp-json\/wp\/v2\/media\/1000923825"}],"wp:attachment":[{"href":"https:\/\/grandepremio.com\/br\/wp-json\/wp\/v2\/media?parent=33905"}],"wp:term":[{"taxonomy":"category","embeddable":true,"href":"https:\/\/grandepremio.com\/br\/wp-json\/wp\/v2\/categories?post=33905"},{"taxonomy":"post_tag","embeddable":true,"href":"https:\/\/grandepremio.com\/br\/wp-json\/wp\/v2\/tags?post=33905"},{"taxonomy":"42wp_author","embeddable":true,"href":"https:\/\/grandepremio.com\/br\/wp-json\/wp\/v2\/42wp_author?post=33905"}],"curies":[{"name":"wp","href":"https:\/\/api.w.org\/{rel}","templated":true}]}}