{"id":33907,"date":"2025-02-01T05:45:00","date_gmt":"2025-02-01T08:45:00","guid":{"rendered":"https:\/\/grandepremio.com\/br\/noticias\/honda-apresenta-motos-luca-marini-joan-mir-motogp-2025\/"},"modified":"2025-02-01T06:36:23","modified_gmt":"2025-02-01T09:36:23","slug":"honda-apresenta-motos-luca-marini-joan-mir-motogp-2025","status":"publish","type":"post","link":"https:\/\/grandepremio.com\/br\/motogp\/honda-apresenta-motos-luca-marini-joan-mir-motogp-2025\/","title":{"rendered":"Honda apresenta motos de Marini e Mir na MotoGP 2025 para sair de amarga lanterna"},"content":{"rendered":"\n<p class=\"wp-block-paragraph\">A <strong>MotoGP <\/strong>\u00e9 feita de gl\u00f3rias e derrotas. Apenas um pode ser campe\u00e3o, \u00e9 verdade, mas o mais doloroso \u00e9 ser o pior de todos. Depois de experimentar o topo por muitos anos, a poderosa <strong>Honda <\/strong>se v\u00ea em busca de uma grande recupera\u00e7\u00e3o. Neste s\u00e1bado (1\u00ba), a montadora japonesa apresentou a nova vers\u00e3o da <strong>RC213V <\/strong>para a temporada 2025.<\/p>\n\n\n\n<p class=\"wp-block-paragraph\">Para 2025, a <strong>Honda <\/strong>deixou de contar com a hist\u00f3rica patrocinadora <strong>Repsol <\/strong>e se juntou \u00e0 <strong>Castrol<\/strong>. Por isso, a pintura do modelo de 2025 est\u00e1 consideravelmente diferente. Se no ano passado a moto tinha um layout em azul, vermelho, preto, laranja e branco, para a nova campanha a <strong>RC213V <\/strong>chega predominantemente vermelha. Al\u00e9m disso, conta com detalhes em verde e branco, que remetem ao patrocinador, e algumas faixas em azul.<\/p>\n\n\n\n<p class=\"wp-block-paragraph\">A \u00faltima temporada foi um desastre para a Honda na parte esportiva. Pela primeira vez desde 2013, o time de f\u00e1brica se viu sem <strong>Marc M\u00e1rquez <\/strong>e n\u00e3o conseguiu performar em alto n\u00edvel. No <strong>Mundial de Construtores<\/strong>, foi a lanterna. No <strong>Mundial de Equipes<\/strong>, fez apenas 35 pontos e terminou na \u00faltima coloca\u00e7\u00e3o.<\/p>\n\n\n\n<p class=\"wp-block-paragraph\">A recupera\u00e7\u00e3o \u00e9 o \u00fanico assunto nos corredores da montadora de T\u00f3quio, mas a miss\u00e3o \u00e9 muito mais dif\u00edcil do que aparenta, mesmo com uma marca t\u00e3o vitoriosa na MotoGP. Para piorar, ainda viu a antiga parceira <strong>Repsol <\/strong>terminar o contrato de patroc\u00ednio de tr\u00eas d\u00e9cadas e muitos t\u00edtulos \u2014 o que gerou uma mudan\u00e7a na pintura da moto.<\/p>\n\n\n\n<figure class=\"wp-block-image size-full\"><img decoding=\"async\" src=\"https:\/\/www.grandepremio.com\/br\/wp-content\/uploads\/2025\/02\/Luca-Marini-e-Joan-Mir-MotoGP-2025-Foto-Honda.jpg\" alt=\"\" class=\"wp-image-923829\"\/><figcaption class=\"wp-element-caption\">Luca Marini e Joan Mir seguem com a Honda na MotoGP 2025(Foto: Honda)<\/figcaption><\/figure>\n\n\n\n<p class=\"wp-block-paragraph\"><strong>\u25b6\ufe0f&nbsp;Inscreva-se nos dois canais do GRANDE PR\u00caMIO no YouTube:&nbsp;<a href=\"https:\/\/www.youtube.com\/channel\/UC9OlHEgxoaY6QY6nWPoiqQg?sub_confirmation=1\" target=\"_blank\" rel=\"noreferrer noopener\">GP<\/a>&nbsp;|&nbsp;<a href=\"https:\/\/www.youtube.com\/channel\/UC9csiS6q_C3C0FYhyr1rnFA?sub_confirmation=1\" target=\"_blank\" rel=\"noreferrer noopener\">GP2<\/a><\/strong><\/p>\n\n\n\n<p class=\"wp-block-paragraph\">Para este ano, por\u00e9m, a Honda apostou na continuidade dos pilotos. Apesar de flertar com v\u00e1rios nomes e ver insatisfa\u00e7\u00e3o da dupla, manteve <strong>Luca Marini<\/strong> e<strong> Joan Mir<\/strong> para a temporada 2025, na esperan\u00e7a de desenvolverem a moto e ajudarem na recupera\u00e7\u00e3o \u2014 agora ao lado de <strong>Aleix Espargar\u00f3<\/strong> e <strong>Takaaki Nakagami<\/strong>, novos respons\u00e1veis por testes.<\/p>\n\n\n\n<p class=\"wp-block-paragraph\"><strong>Joan Mir<\/strong> vai para o terceiro ano consecutivo na Honda. O espanhol, campe\u00e3o mundial de 2020, viveu um outro ano amargo na montadora japonesa, com m\u00edseros 21 pontos e um 11\u00ba lugar na <strong>Em\u00edlia-Romanha<\/strong> como melhor resultado. De quebra, ainda foi presen\u00e7a constante no asfalto, com muitas quedas sofridas.<\/p>\n\n\n\n<p class=\"wp-block-paragraph\"><strong>Luca Marini<\/strong>, por outro lado, vai para o segundo ano de contrato com a Honda. E espera melhor fase, j\u00e1 que demorou nove corridas para marcar o primeiro de seus 14 pontos no ano passado. Apesar de ser esperan\u00e7a para o futuro, o italiano j\u00e1 reclamou do andamento do desenvolvimento da marca.<\/p>\n\n\n\n<p class=\"wp-block-paragraph\">A Honda, vale lembrar, possui uma equipe sat\u00e9lite no grid da MotoGP. A <strong>LCR<\/strong>, que conta com o veterano <strong>Johann Zarco<\/strong> e o novato <strong>Somkiat Chantra<\/strong>, vai apresentar suas motos apenas no dia 8 de fevereiro.<\/p>\n\n\n\n<figure class=\"wp-block-embed is-type-video is-provider-youtube wp-block-embed-youtube wp-embed-aspect-16-9 wp-has-aspect-ratio\"><div class=\"wp-block-embed__wrapper\">\n<iframe loading=\"lazy\" title=\"10 MAIORES EXPECTATIVAS PARA TEMPORADA 2025 DA MOTOGP | Paddock Sprint\" width=\"500\" height=\"281\" src=\"https:\/\/www.youtube.com\/embed\/P3bqM7tVJxw?feature=oembed\" frameborder=\"0\" allow=\"accelerometer; autoplay; clipboard-write; encrypted-media; gyroscope; picture-in-picture; web-share\" referrerpolicy=\"strict-origin-when-cross-origin\" allowfullscreen><\/iframe>\n<\/div><\/figure>\n","protected":false},"excerpt":{"rendered":"<p>A Honda terminou a \u00faltima temporada da MotoGP na \u00faltima posi\u00e7\u00e3o, mas manteve a dupla Luca Marini e Joan Mir na esperan\u00e7a de alcan\u00e7ar melhores resultados em 2025<\/p>\n","protected":false},"author":0,"featured_media":1000923824,"comment_status":"closed","ping_status":"closed","sticky":false,"template":"","format":"standard","meta":{"42wp_featured_image_caption":"","42wp_featured_image_credits":"","42wp_featured_video":"","42wp_featured_image_hidden":false,"42wp_authors_list":[],"footnotes":""},"categories":[8],"tags":[],"42wp_author":[47135],"class_list":["post-33907","post","type-post","status-publish","format-standard","has-post-thumbnail","hentry","category-motogp","42wp_author-pedro-luis-cuenca"],"_links":{"self":[{"href":"https:\/\/grandepremio.com\/br\/wp-json\/wp\/v2\/posts\/33907","targetHints":{"allow":["GET"]}}],"collection":[{"href":"https:\/\/grandepremio.com\/br\/wp-json\/wp\/v2\/posts"}],"about":[{"href":"https:\/\/grandepremio.com\/br\/wp-json\/wp\/v2\/types\/post"}],"replies":[{"embeddable":true,"href":"https:\/\/grandepremio.com\/br\/wp-json\/wp\/v2\/comments?post=33907"}],"version-history":[{"count":0,"href":"https:\/\/grandepremio.com\/br\/wp-json\/wp\/v2\/posts\/33907\/revisions"}],"wp:featuredmedia":[{"embeddable":true,"href":"https:\/\/grandepremio.com\/br\/wp-json\/wp\/v2\/media\/1000923824"}],"wp:attachment":[{"href":"https:\/\/grandepremio.com\/br\/wp-json\/wp\/v2\/media?parent=33907"}],"wp:term":[{"taxonomy":"category","embeddable":true,"href":"https:\/\/grandepremio.com\/br\/wp-json\/wp\/v2\/categories?post=33907"},{"taxonomy":"post_tag","embeddable":true,"href":"https:\/\/grandepremio.com\/br\/wp-json\/wp\/v2\/tags?post=33907"},{"taxonomy":"42wp_author","embeddable":true,"href":"https:\/\/grandepremio.com\/br\/wp-json\/wp\/v2\/42wp_author?post=33907"}],"curies":[{"name":"wp","href":"https:\/\/api.w.org\/{rel}","templated":true}]}}