{"id":33919,"date":"2025-01-31T15:51:57","date_gmt":"2025-01-31T18:51:57","guid":{"rendered":"https:\/\/grandepremio.com\/br\/noticias\/penske-anuncia-saida-tim-cindric-comando-geral-esportes-muda-estrutura-grupo\/"},"modified":"2025-01-31T16:47:19","modified_gmt":"2025-01-31T19:47:19","slug":"penske-anuncia-saida-tim-cindric-comando-geral-esportes-muda-estrutura-grupo","status":"publish","type":"post","link":"https:\/\/grandepremio.com\/br\/indy\/penske-anuncia-saida-tim-cindric-comando-geral-esportes-muda-estrutura-grupo\/","title":{"rendered":"Penske anuncia sa\u00edda de Cindric do comando geral de esportes e muda estrutura do grupo"},"content":{"rendered":"\n<p class=\"wp-block-paragraph\">A <strong>Penske<\/strong> come\u00e7ou a temporada 2024 com <strong><a href=\"https:\/\/www.grandepremio.com\/br\/endurance\/imsa-sportscar\/noticias\/felipe-nasr-passa-matt-campbell-fim-leva-24-horas-daytona-2025-porsche-7\/\">vit\u00f3ria nas 24 Horas de Daytona<\/a><\/strong> e ainda se prepara para abrir temporadas de <strong>Indy<\/strong> e <strong>Nascar<\/strong>, mas j\u00e1 definiu importante mudan\u00e7a na estrutura de comando. Em an\u00fancio divulgado na tarde desta sexta-feira (31), a equipe oficializou que <strong>Tim Cindric<\/strong>, bra\u00e7o-direito de <strong>Roger Penske<\/strong>, deixa o papel de comando geral de todos os diferentes programas do grupo.<\/p>\n\n\n\n<p class=\"wp-block-paragraph\">Cindric toma decis\u00f5es da Penske na Indy h\u00e1 anos, mas servia como uma esp\u00e9cie de supervisor-geral do grupo tamb\u00e9m para o restante dos programas. Agora, por\u00e9m, decidiu concentrar os esfor\u00e7os somente na Indy, onde continua tomando as decis\u00f5es.<\/p>\n\n\n\n<p class=\"wp-block-paragraph\">&#8220;A Penske anuncia hoje que Tim Cindric decidiu deixar o posto de l\u00edder dos programas de automobilismo do grupo no dia a dia&#8221;, abriu o comunicado.<\/p>\n\n\n\n<p class=\"wp-block-paragraph\">&#8220;Tim continuar\u00e1 como presidente da Penske na Indy e dos arquivos de corridas e ativos hist\u00f3ricos. Ron Ruzewski vai continuar como diretor-gerente da equipe&#8221;, seguiu.<\/p>\n\n\n\n<figure class=\"wp-block-image size-large\"><img decoding=\"async\" src=\"https:\/\/www.grandepremio.com\/br\/wp-content\/uploads\/2023\/05\/Tim-Cindric-Gallagher-Grand-Prix-By_-Chris-Owens_Large-Image-Without-Watermark_m65812-1024x683.jpg\" alt=\"\" class=\"wp-image-681332\"\/><figcaption class=\"wp-element-caption\">Tim Cindric \u00e9 h\u00e1 anos o bra\u00e7o-direito de Roger Penske (Foto: Indycar)<\/figcaption><\/figure>\n\n\n\n<p class=\"wp-block-paragraph\">O comunicado, ent\u00e3o, faz quest\u00e3o de destacar que a estrutura de Nascar e endurance continua com os mesmos respons\u00e1veis, que agora ter\u00e3o Roger Penske como chefe direto. Ind\u00edcio, ent\u00e3o, de que ningu\u00e9m substituir\u00e1 Cindric na unifica\u00e7\u00e3o das responsabilidades.<\/p>\n\n\n\n<p class=\"wp-block-paragraph\">&#8220;Michael Nelson continuar\u00e1 como presidente do programa de Nascar da Penske e vice-presidente de opera\u00e7\u00f5es, enquanto Jonathan Diguid continua no cargo de diretor-gerente da Porsche Penske. Nelson e Diguid responder\u00e3o diretamente a Roger Penske&#8221;, finalizou.<\/p>\n\n\n\n<p class=\"wp-block-paragraph\">A&nbsp;<a href=\"https:\/\/www.grandepremio.com\/formula-indy\/\" target=\"_blank\" rel=\"noreferrer noopener\">Indy<\/a>&nbsp;retorna somente no dia 2 de mar\u00e7o do pr\u00f3ximo, com o GP de&nbsp;<a href=\"https:\/\/www.grandepremio.com\/br\/circuito\/st-pete\/\" target=\"_blank\" rel=\"noreferrer noopener\">St. Pete<\/a>, na Fl\u00f3rida, que abre a temporada 2025. O&nbsp;<strong>GRANDE PR\u00caMIO<\/strong>&nbsp;faz cobertura completa de todos as atividades.<\/p>\n\n\n\n<p class=\"wp-block-paragraph\">\u25b6\ufe0f\u00a0<strong>Inscreva-se nos dois canais do GRANDE PR\u00caMIO no YouTube:\u00a0<a href=\"https:\/\/www.youtube.com\/channel\/UC9OlHEgxoaY6QY6nWPoiqQg?sub_confirmation=1\" target=\"_blank\" rel=\"noreferrer noopener\">GP<\/a>\u00a0|\u00a0<a href=\"https:\/\/www.youtube.com\/channel\/UC9csiS6q_C3C0FYhyr1rnFA?sub_confirmation=1\" target=\"_blank\" rel=\"noreferrer noopener\">GP2<\/a><\/strong><br>\u25b6\ufe0f\u00a0<strong>LEIA TAMB\u00c9M:\u00a0<a href=\"https:\/\/www.grandepremio.com\/br\/gptv\/noticias\/grande-premio-chega-a-tv-apos-inovar-com-programas-que-viraram-referencia\/\">GRANDE PR\u00caMIO chega \u00e0 TV ap\u00f3s inovar com programas que viraram refer\u00eancia<\/a><\/strong><\/p>\n\n\n\n<figure class=\"wp-block-embed is-type-video is-provider-youtube wp-block-embed-youtube wp-embed-aspect-16-9 wp-has-aspect-ratio\"><div class=\"wp-block-embed__wrapper\">\n<iframe loading=\"lazy\" title=\"PILOTOS FOGEM DE CONFRONTO E FORTALECEM DITADURA DE PRESIDENTE DA FIA\" width=\"500\" height=\"281\" src=\"https:\/\/www.youtube.com\/embed\/X3XLVy5eSxo?feature=oembed\" frameborder=\"0\" allow=\"accelerometer; autoplay; clipboard-write; encrypted-media; gyroscope; picture-in-picture; web-share\" referrerpolicy=\"strict-origin-when-cross-origin\" allowfullscreen><\/iframe>\n<\/div><figcaption class=\"wp-element-caption\">PILOTOS FOGEM DE CONFRONTO E FORTALECEM DITADURA DE PRESIDENTE DA FIA<\/figcaption><\/figure>\n","protected":false},"excerpt":{"rendered":"<p>Tim Cindric continua \u00e0 frente da equipe na Indy, mas deixa de ser o l\u00edder que supervisiona todos os diferentes programas do grupo em grandes categorias no automobilismo<\/p>\n","protected":false},"author":0,"featured_media":1000810898,"comment_status":"closed","ping_status":"closed","sticky":false,"template":"","format":"standard","meta":{"42wp_featured_image_caption":"","42wp_featured_image_credits":"","42wp_featured_video":"","42wp_featured_image_hidden":false,"42wp_authors_list":[],"footnotes":""},"categories":[3],"tags":[5660,39054,27726,38111,42474,9944],"42wp_author":[47120],"class_list":["post-33919","post","type-post","status-publish","format-standard","has-post-thumbnail","hentry","category-indy","tag-classificacao","tag-indy-2025","tag-indy-ao-vivo","tag-indy-live","tag-indy-tv-2025","tag-tim-cindric","42wp_author-pedro-henrique-marum"],"_links":{"self":[{"href":"https:\/\/grandepremio.com\/br\/wp-json\/wp\/v2\/posts\/33919","targetHints":{"allow":["GET"]}}],"collection":[{"href":"https:\/\/grandepremio.com\/br\/wp-json\/wp\/v2\/posts"}],"about":[{"href":"https:\/\/grandepremio.com\/br\/wp-json\/wp\/v2\/types\/post"}],"replies":[{"embeddable":true,"href":"https:\/\/grandepremio.com\/br\/wp-json\/wp\/v2\/comments?post=33919"}],"version-history":[{"count":0,"href":"https:\/\/grandepremio.com\/br\/wp-json\/wp\/v2\/posts\/33919\/revisions"}],"wp:featuredmedia":[{"embeddable":true,"href":"https:\/\/grandepremio.com\/br\/wp-json\/wp\/v2\/media\/1000810898"}],"wp:attachment":[{"href":"https:\/\/grandepremio.com\/br\/wp-json\/wp\/v2\/media?parent=33919"}],"wp:term":[{"taxonomy":"category","embeddable":true,"href":"https:\/\/grandepremio.com\/br\/wp-json\/wp\/v2\/categories?post=33919"},{"taxonomy":"post_tag","embeddable":true,"href":"https:\/\/grandepremio.com\/br\/wp-json\/wp\/v2\/tags?post=33919"},{"taxonomy":"42wp_author","embeddable":true,"href":"https:\/\/grandepremio.com\/br\/wp-json\/wp\/v2\/42wp_author?post=33919"}],"curies":[{"name":"wp","href":"https:\/\/api.w.org\/{rel}","templated":true}]}}