{"id":34197,"date":"2025-01-29T08:14:56","date_gmt":"2025-01-29T11:14:56","guid":{"rendered":"https:\/\/grandepremio.com\/br\/noticias\/fia-remete-conflito-interesses-anuncia-saida-johnny-herbert-cargo-comissario\/"},"modified":"2025-01-29T08:54:24","modified_gmt":"2025-01-29T11:54:24","slug":"fia-remete-conflito-interesses-anuncia-saida-johnny-herbert-cargo-comissario","status":"publish","type":"post","link":"https:\/\/grandepremio.com\/br\/f1\/fia-remete-conflito-interesses-anuncia-saida-johnny-herbert-cargo-comissario\/","title":{"rendered":"FIA remete a conflito de interesses e anuncia sa\u00edda de Herbert do cargo de comiss\u00e1rio"},"content":{"rendered":"\n<p class=\"wp-block-paragraph\">Chegou ao fim a participa\u00e7\u00e3o de <strong>Johnny Herbert<\/strong> como comiss\u00e1rio da <strong>FIA (Federa\u00e7\u00e3o Internacional de Automobilismo)<\/strong> nas corridas da <strong><a href=\"https:\/\/www.grandepremio.com\/br\/f1\/\">F\u00f3rmula 1<\/a><\/strong>, algo que acontece desde a temporada 2010. Ap\u00f3s uma d\u00e9cada e meia, o \u00f3rg\u00e3o respons\u00e1vel por chancelar o campeonato concluiu que as atribui\u00e7\u00f5es de comiss\u00e1rio de corridas e comentarista de m\u00eddia representa um conflito de interesses irreconcili\u00e1vel.<\/p>\n\n\n\n<p class=\"wp-block-paragraph\">Herbert, que foi piloto na F1 por 160 largadas entre 1989 e 2000 e chegou a vencer tr\u00eas provas, foi nome sempre presente na salinha da FIA durante este per\u00edodo, mas nunca deixou de ter atribui\u00e7\u00f5es na m\u00eddia. Inclusive como analista da Sky Sports, detentora dos direitos de transmiss\u00e3o no Reino Unido, at\u00e9 2023. Atualmente, analisa a categoria para um site de casa de apostas.<\/p>\n\n\n\n<p class=\"wp-block-paragraph\">&#8220;\u00c9 com pesar que anunciamos hoje que Johnny Herbert n\u00e3o ocupar\u00e1 mais a posi\u00e7\u00e3o de comiss\u00e1rio da F1 para a FIA&#8221;, come\u00e7ou o comunicado.<\/p>\n\n\n\n<p class=\"wp-block-paragraph\">&#8220;Johnny \u00e9 altamente respeitado e trouxe experi\u00eancia e expertise extremamente valiosos para o cargo. Entretanto, ap\u00f3s discuss\u00e3o, ambas as partes concordaram que as atribui\u00e7\u00f5es como comiss\u00e1rio da FIA e analista de m\u00eddia s\u00e3o incompat\u00edveis&#8221;, seguiu.<\/p>\n\n\n\n<figure class=\"wp-block-image size-full\"><img decoding=\"async\" src=\"https:\/\/www.grandepremio.com\/br\/wp-content\/uploads\/2020\/12\/Herbert-Rainer-Nyberg.jpg\" alt=\"\" class=\"wp-image-441370\"\/><figcaption class=\"wp-element-caption\">Johnny Herbert venceu tr\u00eas corridas na F1: duas em 1995, pela Benetton, e uma em 1998, pela Stewart (Foto: Rainer Nyberg)<\/figcaption><\/figure>\n\n\n\n<p class=\"wp-block-paragraph\">&#8220;Agradecemos a ele pelo servi\u00e7o e desejamos tudo de melhor no que fizer no futuro&#8221;, finalizou.<\/p>\n\n\n\n<p class=\"wp-block-paragraph\">Ano passado, <strong><a href=\"https:\/\/www.grandepremio.com\/br\/f1\/noticias\/johnny-herbert-rebate-jos-verstappen-diz-vai-criticar-quem-achar-necessario\/\">Herbert se envolveu em problemas p\u00fablicos<\/a><\/strong> com <strong>Max Verstappen<\/strong> ap\u00f3s criticar a \u00e9tica de pilotagem do tetracampe\u00e3o na sequ\u00eancia do GP da Cidade do M\u00e9xico, logo ap\u00f3s Max sofrer duas puni\u00e7\u00f5es de 10s por incidentes com <strong>Lando Norris<\/strong>. Logo em seguida, Jos Verstappen, pai de Max e contempor\u00e2neo de Herbert na F1, pediu que a FIA fizesse revis\u00e3o dos comiss\u00e1rios e citou o conflito de interesses e a &#8220;simpatia por pilotos ou times por parte de ex-pilotos [que viram comiss\u00e1rios]&#8221;.<\/p>\n\n\n\n<p class=\"wp-block-paragraph\">N\u00e3o foi a primeira vez que Herbert esteve em posi\u00e7\u00e3o assim. Em 2016, ap\u00f3s o ex-piloto criticar Fernando Alonso e opinar que estava fora de si e deveria pensar em aposentadoria, Alonso tirou satisfa\u00e7\u00e3o no ar em entrevista na Sky Sports.<\/p>\n\n\n\n<p class=\"wp-block-paragraph\">A&nbsp;<a href=\"https:\/\/www.grandepremio.com\/br\/f1\/\" target=\"_blank\" rel=\"noreferrer noopener\"><\/a><a href=\"https:\/\/www.grandepremio.com\/br\/f1\/\" target=\"_blank\" rel=\"noreferrer noopener\">F\u00f3rmula 1<\/a>&nbsp;est\u00e1 oficialmente de f\u00e9rias. A pr\u00f3xima atividade \u00e9 exatamente a sess\u00e3o \u00fanica de testes coletivos de pr\u00e9-temporada, marcada para os dias 26, 27 e 28 de fevereiro, no&nbsp;<strong>Bahrein<\/strong>. A temporada 2025 come\u00e7a com o&nbsp;<strong>GP da Austr\u00e1lia<\/strong>, nos dias 14-16 de mar\u00e7o.<\/p>\n\n\n\n<p class=\"wp-block-paragraph\">\u25b6\ufe0f\u00a0<strong>Inscreva-se nos dois canais do GRANDE PR\u00caMIO no YouTube:\u00a0<a href=\"https:\/\/www.youtube.com\/channel\/UC9OlHEgxoaY6QY6nWPoiqQg?sub_confirmation=1\" target=\"_blank\" rel=\"noreferrer noopener\">GP<\/a>\u00a0|\u00a0<a href=\"https:\/\/www.youtube.com\/channel\/UC9csiS6q_C3C0FYhyr1rnFA?sub_confirmation=1\" target=\"_blank\" rel=\"noreferrer noopener\">GP2<\/a><\/strong><br>\u25b6\ufe0f\u00a0<strong>LEIA TAMB\u00c9M:\u00a0<a href=\"https:\/\/www.grandepremio.com\/br\/gptv\/noticias\/grande-premio-chega-a-tv-apos-inovar-com-programas-que-viraram-referencia\/\">GRANDE PR\u00caMIO chega \u00e0 TV ap\u00f3s inovar com programas que viraram refer\u00eancia<\/a><\/strong><\/p>\n\n\n\n<figure class=\"wp-block-embed is-type-video is-provider-youtube wp-block-embed-youtube wp-embed-aspect-16-9 wp-has-aspect-ratio\"><div class=\"wp-block-embed__wrapper\">\n<iframe loading=\"lazy\" title=\"FERRARI VAI SE ENFORCAR EM 2025? + DRUGOVICH NA SAUBER | Paddock Sprint\" width=\"500\" height=\"281\" src=\"https:\/\/www.youtube.com\/embed\/KU8jeMrW1KI?feature=oembed\" frameborder=\"0\" allow=\"accelerometer; autoplay; clipboard-write; encrypted-media; gyroscope; picture-in-picture; web-share\" referrerpolicy=\"strict-origin-when-cross-origin\" allowfullscreen><\/iframe>\n<\/div><figcaption class=\"wp-element-caption\">FERRARI VAI SE ENFORCAR EM 2025? + DRUGOVICH NA SAUBER | Paddock Sprint<\/figcaption><\/figure>\n","protected":false},"excerpt":{"rendered":"<p>Johnny Herbert deixa de ser comiss\u00e1rio da FIA nas corridas da F1 a partir de 2025. Decis\u00e3o foi oficializada pela federa\u00e7\u00e3o, que levou em conta conflito de interesses com o cargo de analista de m\u00eddia de diferentes plataformas<\/p>\n","protected":false},"author":0,"featured_media":1000923100,"comment_status":"closed","ping_status":"closed","sticky":false,"template":"","format":"standard","meta":{"42wp_featured_image_caption":"","42wp_featured_image_credits":"","42wp_featured_video":"","42wp_featured_image_hidden":false,"42wp_authors_list":[],"footnotes":""},"categories":[2],"tags":[26000,5660,3630,642,3434,2569,203],"42wp_author":[47120],"class_list":["post-34197","post","type-post","status-publish","format-standard","has-post-thumbnail","hentry","category-f1","tag-audiencia-da-tv","tag-classificacao","tag-f1-2025","tag-f1-ao-vivo","tag-johnny-herbert","tag-jos-verstappen","tag-max-verstappen","42wp_author-pedro-henrique-marum"],"_links":{"self":[{"href":"https:\/\/grandepremio.com\/br\/wp-json\/wp\/v2\/posts\/34197","targetHints":{"allow":["GET"]}}],"collection":[{"href":"https:\/\/grandepremio.com\/br\/wp-json\/wp\/v2\/posts"}],"about":[{"href":"https:\/\/grandepremio.com\/br\/wp-json\/wp\/v2\/types\/post"}],"replies":[{"embeddable":true,"href":"https:\/\/grandepremio.com\/br\/wp-json\/wp\/v2\/comments?post=34197"}],"version-history":[{"count":0,"href":"https:\/\/grandepremio.com\/br\/wp-json\/wp\/v2\/posts\/34197\/revisions"}],"wp:featuredmedia":[{"embeddable":true,"href":"https:\/\/grandepremio.com\/br\/wp-json\/wp\/v2\/media\/1000923100"}],"wp:attachment":[{"href":"https:\/\/grandepremio.com\/br\/wp-json\/wp\/v2\/media?parent=34197"}],"wp:term":[{"taxonomy":"category","embeddable":true,"href":"https:\/\/grandepremio.com\/br\/wp-json\/wp\/v2\/categories?post=34197"},{"taxonomy":"post_tag","embeddable":true,"href":"https:\/\/grandepremio.com\/br\/wp-json\/wp\/v2\/tags?post=34197"},{"taxonomy":"42wp_author","embeddable":true,"href":"https:\/\/grandepremio.com\/br\/wp-json\/wp\/v2\/42wp_author?post=34197"}],"curies":[{"name":"wp","href":"https:\/\/api.w.org\/{rel}","templated":true}]}}