{"id":34246,"date":"2025-01-28T15:04:42","date_gmt":"2025-01-28T18:04:42","guid":{"rendered":"https:\/\/grandepremio.com\/br\/noticias\/red-bull-premio-consolacao-deixa-yuki-tsunoda-reserva-f1-2025\/"},"modified":"2025-01-28T16:14:15","modified_gmt":"2025-01-28T19:14:15","slug":"red-bull-premio-consolacao-deixa-yuki-tsunoda-reserva-f1-2025","status":"publish","type":"post","link":"https:\/\/grandepremio.com\/br\/f1\/red-bull-premio-consolacao-deixa-yuki-tsunoda-reserva-f1-2025\/","title":{"rendered":"Red Bull d\u00e1 pr\u00eamio de consola\u00e7\u00e3o e deixa Tsunoda como reserva na F1 2025"},"content":{"rendered":"\n<p class=\"wp-block-paragraph\">Desde 2021, <strong>Yuki Tsunoda<\/strong> \u00e9 piloto da equipe secund\u00e1ria da <strong>Red Bull<\/strong> e tem sonhado com uma promo\u00e7\u00e3o para o time principal na <strong>F\u00f3rmula 1<\/strong>. A melhor chance veio no final do ano passado, quando <strong>Sergio P\u00e9rez<\/strong> foi demitido. Por\u00e9m, a <a href=\"https:\/\/www.grandepremio.com\/br\/f1\/noticias\/ex-piloto-f1-questiona-red-bull-por-escolher-liam-lawson-nao-derrotou-tsunoda-rb\/\">esquadra taurina escolheu<\/a> <strong>Liam Lawson<\/strong> para o cargo de titular, mas n\u00e3o abriu m\u00e3o inteiramente do japon\u00eas, que agora assume o posto de reserva em <strong>Milton Keynes<\/strong>.\u00a0<\/p>\n\n\n\n<p class=\"wp-block-paragraph\">Segundo o portal <em>RacingNews365<\/em>, Tsunoda foi o escolhido pela Red Bull para assumir o cargo de piloto reserva e agora \u00e9 o primeiro da fila para assumir o <strong>RB21 <\/strong>em caso de alguma eventualidade.&nbsp;<\/p>\n\n\n\n<p class=\"wp-block-paragraph\">E no caso de <strong>Max Verstappen<\/strong>, as chances n\u00e3o s\u00e3o t\u00e3o pequenas. O <strong>#1<\/strong> tem oito pontos de penalidade acumulados e os primeiros descontos acontecer\u00e3o apenas em junho, ap\u00f3s o <strong>GP da \u00c1ustria<\/strong>. Com isso, ficar\u00e1 a quatro pontos de uma suspens\u00e3o ao longo das 11 primeiras rodadas.\u00a0<\/p>\n\n\n\n<p class=\"wp-block-paragraph\">Ou seja, caso o atual tetracampe\u00e3o mundial some mais quatro pontos de penalidade e chegue a 12 nas 11 primeiras corridas, ter\u00e1 de cumprir uma prova de suspens\u00e3o e o substituto natural na Red Bull ser\u00e1 Tsunoda.\u00a0<\/p>\n\n\n\n<figure class=\"wp-block-image size-large\"><img decoding=\"async\" src=\"https:\/\/www.grandepremio.com\/br\/wp-content\/uploads\/2024\/12\/abu-dhabi-2024-f1-testes-de-pos-temporada-red-bull-yuki-tsunoda-06-1200x800.jpg\" alt=\"\" class=\"wp-image-908689\"\/><figcaption class=\"wp-element-caption\">Yuki Tsunoda durante teste pela Red Bull (Foto: Red Bull Content Pool)<\/figcaption><\/figure>\n\n\n\n<p class=\"wp-block-paragraph\">J\u00e1 na Racing Bulls, caso Tsunoda ou <strong>Isack Hadjar<\/strong> tenham de ficar de fora de alguma corrida, o substituto ser\u00e1 o reserva <strong>Ayumu Iwasa<\/strong>. Atrav\u00e9s da <strong>F\u00f3rmula 2<\/strong> e da <strong>Super F\u00f3rmula<\/strong>, o japon\u00eas j\u00e1 tem os 40 pontos da superlicen\u00e7a e pode participar de um fim de semana da F\u00f3rmula 1.\u00a0<\/p>\n\n\n\n<p class=\"wp-block-paragraph\">Inclusive, j\u00e1 pilotou pela equipe irm\u00e3 da Red Bull no <strong>TL1 <\/strong>dos <strong>GPs do Jap\u00e3o<\/strong> e de <strong>Abu Dhabi <\/strong>de 2024 e nos testes de p\u00f3s-temporada.\u00a0<\/p>\n\n\n\n<p class=\"wp-block-paragraph\">A F\u00f3rmula 1 est\u00e1 oficialmente de f\u00e9rias. A pr\u00f3xima atividade \u00e9 exatamente a sess\u00e3o \u00fanica de testes coletivos de pr\u00e9-temporada, marcada para os dias 26, 27 e 28 de fevereiro, no <strong>Bahrein<\/strong>. A temporada 2025 come\u00e7a com o <strong>GP da Austr\u00e1lia<\/strong>, nos dias 14-16 de mar\u00e7o.<\/p>\n\n\n\n<p class=\"wp-block-paragraph\"><strong>\u25b6\ufe0f<\/strong>\u00a0<strong>Inscreva-se nos dois canais do GRANDE PR\u00caMIO no YouTube:\u00a0<a href=\"https:\/\/www.youtube.com\/channel\/UC9OlHEgxoaY6QY6nWPoiqQg?sub_confirmation=1\" target=\"_blank\" rel=\"noreferrer noopener\">GP<\/a>\u00a0|\u00a0<a href=\"https:\/\/www.youtube.com\/channel\/UC9csiS6q_C3C0FYhyr1rnFA?sub_confirmation=1\" target=\"_blank\" rel=\"noreferrer noopener\">GP2<\/a><\/strong><br>\u25b6\ufe0f\u00a0<strong>LEIA TAMB\u00c9M:\u00a0<a href=\"https:\/\/www.grandepremio.com\/br\/gptv\/noticias\/grande-premio-chega-a-tv-apos-inovar-com-programas-que-viraram-referencia\/\">GRANDE PR\u00caMIO chega \u00e0 TV ap\u00f3s inovar com programas que viraram refer\u00eancia<\/a><\/strong><\/p>\n\n\n\n<figure class=\"wp-block-embed is-type-video is-provider-youtube wp-block-embed-youtube wp-embed-aspect-16-9 wp-has-aspect-ratio\"><div class=\"wp-block-embed__wrapper\">\n<iframe loading=\"lazy\" title=\"NEWEY EST\u00c1 CERTO! MUDAN\u00c7A DE REGULAMENTO NUNCA FOI GARANTIA DE COMPETITIVIDADE NA F1\" width=\"500\" height=\"281\" src=\"https:\/\/www.youtube.com\/embed\/Eyy5T9iGQcE?feature=oembed\" frameborder=\"0\" allow=\"accelerometer; autoplay; clipboard-write; encrypted-media; gyroscope; picture-in-picture; web-share\" referrerpolicy=\"strict-origin-when-cross-origin\" allowfullscreen><\/iframe>\n<\/div><\/figure>\n","protected":false},"excerpt":{"rendered":"<p>Yuki Tsunoda vai seguir como titular da Racing Bulls para 2025, mas receber\u00e1 um novo cargo na Red Bull. Para esta temporada, ser\u00e1 o piloto reserva da equipe principal da marca<\/p>\n","protected":false},"author":0,"featured_media":1000908690,"comment_status":"closed","ping_status":"closed","sticky":false,"template":"","format":"standard","meta":{"42wp_featured_image_caption":"","42wp_featured_image_credits":"","42wp_featured_video":"","42wp_featured_image_hidden":false,"42wp_authors_list":[],"footnotes":""},"categories":[2],"tags":[27776,34186,27487,39086,41965,5660,8235,41950,969,147,3630,642,11958,160,41966,180,3628,1491,30103,28285,28104,595,203,38179,39061,204,986,597],"42wp_author":[47162],"class_list":["post-34246","post","type-post","status-publish","format-standard","has-post-thumbnail","hentry","category-f1","tag-assistir-f1-ao-vivo","tag-assistir-f1-gratis","tag-assistir-f1-online","tag-calendario-f1-2025","tag-calendario-f1-2025-horarios","tag-classificacao","tag-classificacao-da-f1","tag-classificacao-f1-2025","tag-corrida","tag-f1","tag-f1-2025","tag-f1-ao-vivo","tag-f1-live","tag-f1-tv","tag-f1-tv-2025","tag-formula-1","tag-formula-1-2025","tag-grande-premio","tag-grande-premio-f1","tag-grandepremio","tag-isack-hadjar","tag-liam-lawson","tag-max-verstappen","tag-racing-bulls","tag-rb-2","tag-red-bull","tag-reserva","tag-yuki-tsunoda","42wp_author-giovani-danjo"],"_links":{"self":[{"href":"https:\/\/grandepremio.com\/br\/wp-json\/wp\/v2\/posts\/34246","targetHints":{"allow":["GET"]}}],"collection":[{"href":"https:\/\/grandepremio.com\/br\/wp-json\/wp\/v2\/posts"}],"about":[{"href":"https:\/\/grandepremio.com\/br\/wp-json\/wp\/v2\/types\/post"}],"replies":[{"embeddable":true,"href":"https:\/\/grandepremio.com\/br\/wp-json\/wp\/v2\/comments?post=34246"}],"version-history":[{"count":0,"href":"https:\/\/grandepremio.com\/br\/wp-json\/wp\/v2\/posts\/34246\/revisions"}],"wp:featuredmedia":[{"embeddable":true,"href":"https:\/\/grandepremio.com\/br\/wp-json\/wp\/v2\/media\/1000908690"}],"wp:attachment":[{"href":"https:\/\/grandepremio.com\/br\/wp-json\/wp\/v2\/media?parent=34246"}],"wp:term":[{"taxonomy":"category","embeddable":true,"href":"https:\/\/grandepremio.com\/br\/wp-json\/wp\/v2\/categories?post=34246"},{"taxonomy":"post_tag","embeddable":true,"href":"https:\/\/grandepremio.com\/br\/wp-json\/wp\/v2\/tags?post=34246"},{"taxonomy":"42wp_author","embeddable":true,"href":"https:\/\/grandepremio.com\/br\/wp-json\/wp\/v2\/42wp_author?post=34246"}],"curies":[{"name":"wp","href":"https:\/\/api.w.org\/{rel}","templated":true}]}}