{"id":34343,"date":"2025-01-28T07:38:13","date_gmt":"2025-01-28T10:38:13","guid":{"rendered":"https:\/\/grandepremio.com\/br\/noticias\/lewis-hamilton-muitas-celebridades-f1-cobra-esporte-acessivel-pessoas-comuns\/"},"modified":"2025-01-28T10:33:40","modified_gmt":"2025-01-28T13:33:40","slug":"lewis-hamilton-muitas-celebridades-f1-cobra-esporte-acessivel-pessoas-comuns","status":"publish","type":"post","link":"https:\/\/grandepremio.com\/br\/f1\/lewis-hamilton-muitas-celebridades-f1-cobra-esporte-acessivel-pessoas-comuns\/","title":{"rendered":"Hamilton cita \u201cmuitas celebridades\u201d na F1 e cobra esporte acess\u00edvel para \u201cpessoas comuns\u201d"},"content":{"rendered":"\n<p class=\"wp-block-paragraph\">A <strong>F\u00f3rmula 1<\/strong> passa por um aumento de popularidade e atrai cada vez mais a aten\u00e7\u00e3o de celebridades, que est\u00e3o cada vez mais presentes no paddock. No entanto, ainda que veja o crescimento do esporte com bons olhos, <strong>Lewis Hamilton<\/strong> acredita que a categoria tamb\u00e9m deve continuar sendo acess\u00edvel para \u201cpessoas comuns\u201d e n\u00e3o t\u00e3o endinheiradas.<\/p>\n\n\n\n<p class=\"wp-block-paragraph\">O <strong>Liberty Media<\/strong> iniciou um processo de amplia\u00e7\u00e3o do calend\u00e1rio da <strong>F1 <\/strong>ap\u00f3s a popularidade da categoria crescer com a s\u00e9rie documental <strong>Drive to Survive<\/strong>, da <strong>Netflix<\/strong>. Por\u00e9m, o grupo detentor dos direitos do esporte expandiu o calend\u00e1rio para mercados mais lucrativos, como <strong>Ar\u00e1bia Saudita<\/strong>, <strong>Catar <\/strong>e <strong>Estados Unidos<\/strong>. O pa\u00eds americano, inclusive, recebe o espet\u00e1culo em tr\u00eas circuitos diferentes.<\/p>\n\n\n\n<p class=\"wp-block-paragraph\">As novas pra\u00e7as, principalmente as de <strong>Las Vegas<\/strong> e <strong>Miami<\/strong>, s\u00e3o conhecidas por serem fortemente frequentadas por celebridades e t\u00eam ingressos consideravelmente mais caros e inacess\u00edveis quando comparados aos pre\u00e7os dos eventos na <strong>Europa<\/strong>, por exemplo. E para <strong>Hamilton<\/strong>, ainda que a presen\u00e7a de famosos resulte em ainda mais visibilidade para o esporte, tamb\u00e9m \u00e9 necess\u00e1rio tornar a F1 acess\u00edvel para \u201cpessoas comuns\u201d.<\/p>\n\n\n\n<p class=\"wp-block-paragraph\">\u201cTer mais aten\u00e7\u00e3o no esporte n\u00e3o \u00e9 algo ruim, e acredito que a maioria das corridas s\u00e3o como as que acontecem na Europa, em que h\u00e1 muita presen\u00e7a do p\u00fablico e menos celebridades\u201d, apontou <strong>Hamilton<\/strong>.<\/p>\n\n\n\n<figure class=\"wp-block-image size-large\"><img decoding=\"async\" src=\"https:\/\/www.grandepremio.com\/br\/wp-content\/uploads\/2025\/01\/250122TPC_HamiltonD52_3565_2d4ef152-6d9b-4304-b11c-4e6c5ab91cd5-1200x800.jpg\" alt=\"F1 2025, FERRARI, FIORANO, PRIMEIRO TESTE, LEWIS HAMILTON\" class=\"wp-image-921186\"\/><figcaption class=\"wp-element-caption\">Lewis Hamilton conduziu a SF-23 no primeiro testes com a Ferrari em Fiorano (Foto: Fabrizio Boldoni\/DPPI\/Ferrari)<\/figcaption><\/figure>\n\n\n\n<p class=\"wp-block-paragraph\">\u201cAinda h\u00e1 muitas celebridades que aparecem no grid, mas acho que sempre precisamos garantir que o esporte seja acess\u00edvel e n\u00e3o t\u00e3o fora do alcance das pessoas comuns que tamb\u00e9m trabalham muito para ganhar dinheiro, mas talvez n\u00e3o tenham condi\u00e7\u00f5es de ir a um fim de semana de corrida\u201d, finalizou <strong>Hamilton<\/strong>.<\/p>\n\n\n\n<p class=\"wp-block-paragraph\">A&nbsp;<a href=\"https:\/\/www.grandepremio.com\/br\/f1\/\" target=\"_blank\" rel=\"noreferrer noopener\"><\/a><a href=\"https:\/\/www.grandepremio.com\/br\/f1\/\" target=\"_blank\" rel=\"noreferrer noopener\">F\u00f3rmula 1<\/a>&nbsp;est\u00e1 oficialmente de f\u00e9rias. A pr\u00f3xima atividade \u00e9 exatamente a sess\u00e3o \u00fanica de testes coletivos de pr\u00e9-temporada, marcada para os dias 26, 27 e 28 de fevereiro, no&nbsp;<strong>Bahrein<\/strong>. A temporada 2025 come\u00e7a com o&nbsp;<strong>GP da Austr\u00e1lia<\/strong>, nos dias 14-16 de mar\u00e7o.<\/p>\n\n\n\n<p class=\"wp-block-paragraph\"><strong>\u25b6\ufe0f<\/strong>&nbsp;<strong>Inscreva-se nos dois canais do GRANDE PR\u00caMIO no YouTube:&nbsp;<a href=\"https:\/\/www.youtube.com\/channel\/UC9OlHEgxoaY6QY6nWPoiqQg?sub_confirmation=1\" target=\"_blank\" rel=\"noreferrer noopener\">GP<\/a>&nbsp;|&nbsp;<a href=\"https:\/\/www.youtube.com\/channel\/UC9csiS6q_C3C0FYhyr1rnFA?sub_confirmation=1\" target=\"_blank\" rel=\"noreferrer noopener\">GP2<\/a><\/strong><br>\u25b6\ufe0f&nbsp;<strong>LEIA TAMB\u00c9M:&nbsp;<a href=\"https:\/\/www.grandepremio.com\/br\/gptv\/noticias\/grande-premio-chega-a-tv-apos-inovar-com-programas-que-viraram-referencia\/\">GRANDE PR\u00caMIO chega \u00e0 TV ap\u00f3s inovar com programas que viraram refer\u00eancia<\/a><\/strong><\/p>\n\n\n\n<figure class=\"wp-block-embed is-type-video is-provider-youtube wp-block-embed-youtube wp-embed-aspect-16-9 wp-has-aspect-ratio\"><div class=\"wp-block-embed__wrapper\">\n<iframe loading=\"lazy\" title=\"HAMILTON ADMITE DES\u00c2NIMO NA MERCEDES E ACERTA AO BUSCAR DESAFIO NA FERRARI\" width=\"500\" height=\"281\" src=\"https:\/\/www.youtube.com\/embed\/4zjeIUKlwZc?feature=oembed\" frameborder=\"0\" allow=\"accelerometer; autoplay; clipboard-write; encrypted-media; gyroscope; picture-in-picture; web-share\" referrerpolicy=\"strict-origin-when-cross-origin\" allowfullscreen><\/iframe>\n<\/div><\/figure>\n","protected":false},"excerpt":{"rendered":"<p>Embora entenda a import\u00e2ncia da presen\u00e7a de celebridades no paddock, Lewis Hamilton disse que a F\u00f3rmula 1 tamb\u00e9m precisa ser acess\u00edvel a pessoas menos endinheiradas<\/p>\n","protected":false},"author":0,"featured_media":1000922548,"comment_status":"closed","ping_status":"closed","sticky":false,"template":"","format":"standard","meta":{"42wp_featured_image_caption":"","42wp_featured_image_credits":"","42wp_featured_video":"","42wp_featured_image_hidden":false,"42wp_authors_list":[],"footnotes":""},"categories":[2],"tags":[26271,3630,207,180,1491,28285,2810,30039,33934,1713,87,27239],"42wp_author":[47149],"class_list":["post-34343","post","type-post","status-publish","format-standard","has-post-thumbnail","hentry","category-f1","tag-calendario-f1","tag-f1-2025","tag-ferrari","tag-formula-1","tag-grande-premio","tag-grandepremio","tag-hamilton","tag-hamilton-f1","tag-hamilton-formula-1","tag-hamilton-na-ferrari","tag-lewis-hamilton","tag-transmissao-f1","42wp_author-bernardo-castro"],"_links":{"self":[{"href":"https:\/\/grandepremio.com\/br\/wp-json\/wp\/v2\/posts\/34343","targetHints":{"allow":["GET"]}}],"collection":[{"href":"https:\/\/grandepremio.com\/br\/wp-json\/wp\/v2\/posts"}],"about":[{"href":"https:\/\/grandepremio.com\/br\/wp-json\/wp\/v2\/types\/post"}],"replies":[{"embeddable":true,"href":"https:\/\/grandepremio.com\/br\/wp-json\/wp\/v2\/comments?post=34343"}],"version-history":[{"count":0,"href":"https:\/\/grandepremio.com\/br\/wp-json\/wp\/v2\/posts\/34343\/revisions"}],"wp:featuredmedia":[{"embeddable":true,"href":"https:\/\/grandepremio.com\/br\/wp-json\/wp\/v2\/media\/1000922548"}],"wp:attachment":[{"href":"https:\/\/grandepremio.com\/br\/wp-json\/wp\/v2\/media?parent=34343"}],"wp:term":[{"taxonomy":"category","embeddable":true,"href":"https:\/\/grandepremio.com\/br\/wp-json\/wp\/v2\/categories?post=34343"},{"taxonomy":"post_tag","embeddable":true,"href":"https:\/\/grandepremio.com\/br\/wp-json\/wp\/v2\/tags?post=34343"},{"taxonomy":"42wp_author","embeddable":true,"href":"https:\/\/grandepremio.com\/br\/wp-json\/wp\/v2\/42wp_author?post=34343"}],"curies":[{"name":"wp","href":"https:\/\/api.w.org\/{rel}","templated":true}]}}