{"id":34353,"date":"2025-01-28T04:00:00","date_gmt":"2025-01-28T07:00:00","guid":{"rendered":"https:\/\/grandepremio.com\/br\/noticias\/pai-diz-carlos-sainz-subestimado-formula-1-nao-dao-valor-qualidade-merece\/"},"modified":"2025-01-27T18:20:51","modified_gmt":"2025-01-27T21:20:51","slug":"pai-diz-carlos-sainz-subestimado-formula-1-nao-dao-valor-qualidade-merece","status":"publish","type":"post","link":"https:\/\/grandepremio.com\/br\/f1\/pai-diz-carlos-sainz-subestimado-formula-1-nao-dao-valor-qualidade-merece\/","title":{"rendered":"Pai diz que Sainz \u00e9 subestimado na F\u00f3rmula 1: &#8220;N\u00e3o d\u00e3o o valor e a qualidade que merece&#8221;"},"content":{"rendered":"\n<p class=\"wp-block-paragraph\"><strong>Carlos Sainz Sr. <\/strong>acredita que o filho n\u00e3o foi valorizado como deveria na <strong>F\u00f3rmula 1<\/strong>. <strong>Sainz Jr. <\/strong>embarca em um novo desafio na temporada 2025, deixando a <strong>Ferrari <\/strong>ap\u00f3s quatro temporadas para se juntar a <strong>Williams<\/strong>, time que foi apenas nono colocado em 2024, mas que inicia investimentos em infraestrutura para recuperar as gl\u00f3rias dos anos 1980 e 1990.<\/p>\n\n\n\n<p class=\"wp-block-paragraph\">Em entrevista ao podcast espanhol El Cafelito, a lenda do rali falou sobre o sentimento de desvaloriza\u00e7\u00e3o do filho na F\u00f3rmula 1. Aos 30 anos de idade, ele tem 4 vit\u00f3rias, 6 poles e 27 p\u00f3dios em 206 corridas disputadas. &#8220;N\u00e3o acho que \u00e9 dado a ele o valor e a qualidade que ele tem&#8221;, declarou.<\/p>\n\n\n\n<p class=\"wp-block-paragraph\">Para Sainz Sr, o fato de competir no in\u00edcio de carreira com <strong>Max Verstappen <\/strong>colaborou para que o filho ficasse ofuscado. Os pilotos iniciaram as trajet\u00f3rias na <strong>F\u00f3rmula 1 <\/strong>juntos, em 2015, na <strong>Toro Rosso<\/strong>. Verstappen recebeu o chamado da <strong>Red Bull <\/strong>j\u00e1 em 2016, enquanto o espanhol s\u00f3 deixaria o time na reta final de 2017, quando partiu para a <strong>Renault<\/strong>.<\/p>\n\n\n\n<p class=\"wp-block-paragraph\"><strong>\u25b6\ufe0f<\/strong>\u00a0<strong>Inscreva-se nos dois canais do GRANDE PR\u00caMIO no YouTube:\u00a0<a href=\"https:\/\/www.youtube.com\/channel\/UC9OlHEgxoaY6QY6nWPoiqQg?sub_confirmation=1\" target=\"_blank\" rel=\"noreferrer noopener\">GP<\/a>\u00a0|\u00a0<a href=\"https:\/\/www.youtube.com\/channel\/UC9csiS6q_C3C0FYhyr1rnFA?sub_confirmation=1\" target=\"_blank\" rel=\"noreferrer noopener\">GP2<\/a><\/strong><br>\u25b6\ufe0f\u00a0<strong>LEIA TAMB\u00c9M:\u00a0<a href=\"https:\/\/www.grandepremio.com\/br\/gptv\/noticias\/grande-premio-chega-a-tv-apos-inovar-com-programas-que-viraram-referencia\/\">GRANDE PR\u00caMIO chega \u00e0 TV ap\u00f3s inovar com programas que viraram refer\u00eancia<\/a><\/strong><\/p>\n\n\n\n<figure class=\"wp-block-image size-large\"><img decoding=\"async\" src=\"https:\/\/www.grandepremio.com\/br\/wp-content\/uploads\/2024\/12\/abu-dhabi-2024-f1-corrida-ferrari-carlos-sainz-afp-06-1200x800.jpg\" alt=\"\" class=\"wp-image-907874\"\/><figcaption class=\"wp-element-caption\">Carlos Sainz (Foto: AFP) <\/figcaption><\/figure>\n\n\n\n<p class=\"wp-block-paragraph\">&#8220;Ele tamb\u00e9m coincide com o momento que foi dado a Verstappen. \u00c9 um momento onde a Red Bull escolhe o Verstappen. Ele fica um pouco na sombra. Depois, vai para a Ferrari, o que n\u00e3o \u00e9 f\u00e1cil. Imagine pilotar por Ferrari e McLaren&#8221;, seguiu.<\/p>\n\n\n\n<p class=\"wp-block-paragraph\">Outro ponto que o pai valorizou sobre Sainz Jr. \u00e9 a evolu\u00e7\u00e3o na carreira. Ele apontou que o piloto evolui a cada temporada, e que sempre parece disposto a apresentar o melhor.<\/p>\n\n\n\n<p class=\"wp-block-paragraph\">&#8220;Ele \u00e9 um piloto que d\u00e1 os passos e passa o sentimento de que a cada ano est\u00e1 no seu melhor. Existem pilotos que chegam muito r\u00e1pido, d\u00e3o tudo e desaparecem. Carlos evolui a cada ano&#8221;, completou.<\/p>\n\n\n\n<p class=\"wp-block-paragraph\">A\u00a0<a href=\"https:\/\/www.grandepremio.com\/br\/f1\/\" target=\"_blank\" rel=\"noreferrer noopener\"><\/a><a href=\"https:\/\/www.grandepremio.com\/br\/f1\/\" target=\"_blank\" rel=\"noreferrer noopener\">F\u00f3rmula 1<\/a>\u00a0est\u00e1 oficialmente de f\u00e9rias. A pr\u00f3xima atividade \u00e9 exatamente a sess\u00e3o \u00fanica de testes coletivos de pr\u00e9-temporada, marcada para os dias 26, 27 e 28 de fevereiro, no\u00a0<strong>Bahrein<\/strong>. A temporada 2025 come\u00e7a com o\u00a0<strong>GP da Austr\u00e1lia<\/strong>, nos dias 14-16 de mar\u00e7o.<\/p>\n","protected":false},"excerpt":{"rendered":"<p>Carlos Sainz Sr. cr\u00ea que o in\u00edcio de carreira lado a lado com Max Verstappen fez filho ficar &#8220;na sombra&#8221;; Lenda do rali acredita que Sainz Jr. merecia mais valoriza\u00e7\u00e3o na F\u00f3rmula 1<\/p>\n","protected":false},"author":0,"featured_media":1000908705,"comment_status":"closed","ping_status":"closed","sticky":false,"template":"","format":"standard","meta":{"42wp_featured_image_caption":"","42wp_featured_image_credits":"","42wp_featured_video":"","42wp_featured_image_hidden":false,"42wp_authors_list":[],"footnotes":""},"categories":[2],"tags":[26271,546,5273,147,3630,207,180,3628,1491,28285,30840,35129,42001,215],"42wp_author":[47119],"class_list":["post-34353","post","type-post","status-publish","format-standard","has-post-thumbnail","hentry","category-f1","tag-calendario-f1","tag-carlos-sainz","tag-classificacao-f1","tag-f1","tag-f1-2025","tag-ferrari","tag-formula-1","tag-formula-1-2025","tag-grande-premio","tag-grandepremio","tag-horarios-f1","tag-onde-assistir-f1","tag-temporada-2025-f1","tag-williams","42wp_author-gabriel-carvalho"],"_links":{"self":[{"href":"https:\/\/grandepremio.com\/br\/wp-json\/wp\/v2\/posts\/34353","targetHints":{"allow":["GET"]}}],"collection":[{"href":"https:\/\/grandepremio.com\/br\/wp-json\/wp\/v2\/posts"}],"about":[{"href":"https:\/\/grandepremio.com\/br\/wp-json\/wp\/v2\/types\/post"}],"replies":[{"embeddable":true,"href":"https:\/\/grandepremio.com\/br\/wp-json\/wp\/v2\/comments?post=34353"}],"version-history":[{"count":0,"href":"https:\/\/grandepremio.com\/br\/wp-json\/wp\/v2\/posts\/34353\/revisions"}],"wp:featuredmedia":[{"embeddable":true,"href":"https:\/\/grandepremio.com\/br\/wp-json\/wp\/v2\/media\/1000908705"}],"wp:attachment":[{"href":"https:\/\/grandepremio.com\/br\/wp-json\/wp\/v2\/media?parent=34353"}],"wp:term":[{"taxonomy":"category","embeddable":true,"href":"https:\/\/grandepremio.com\/br\/wp-json\/wp\/v2\/categories?post=34353"},{"taxonomy":"post_tag","embeddable":true,"href":"https:\/\/grandepremio.com\/br\/wp-json\/wp\/v2\/tags?post=34353"},{"taxonomy":"42wp_author","embeddable":true,"href":"https:\/\/grandepremio.com\/br\/wp-json\/wp\/v2\/42wp_author?post=34353"}],"curies":[{"name":"wp","href":"https:\/\/api.w.org\/{rel}","templated":true}]}}