{"id":34752,"date":"2025-01-23T15:47:47","date_gmt":"2025-01-23T18:47:47","guid":{"rendered":"https:\/\/grandepremio.com\/br\/noticias\/fia-garante-decisao-sobre-entrada-cadillac-f1-sai-proximas-semanas\/"},"modified":"2025-01-23T17:41:36","modified_gmt":"2025-01-23T20:41:36","slug":"fia-garante-decisao-sobre-entrada-cadillac-f1-sai-proximas-semanas","status":"publish","type":"post","link":"https:\/\/grandepremio.com\/br\/f1\/fia-garante-decisao-sobre-entrada-cadillac-f1-sai-proximas-semanas\/","title":{"rendered":"FIA garante que decis\u00e3o sobre entrada da Cadillac na F1 sai &#8220;nas pr\u00f3ximas semanas&#8221;"},"content":{"rendered":"\n<p class=\"wp-block-paragraph\">Ap\u00f3s quase 10 anos de espera, a\u00a0<strong><a href=\"https:\/\/www.grandepremio.com\/br\/f1\/\" target=\"_blank\" rel=\"noreferrer noopener\">F\u00f3rmula 1<\/a>\u00a0<\/strong>voltar\u00e1 a ter 11 equipes. O Mundial confirmou em nota, no fim do ano passado, que <a href=\"https:\/\/www.grandepremio.com\/br\/f1\/noticias\/f1-confirma-acordo-gm-transforma-cadillac-11a-equipe-partir-2026\/\">chegou a um acordo de princ\u00edpio com a\u00a0<strong>General Motors\u00a0<\/strong>para ter a\u00a0<strong>Cadillac\u00a0<\/strong>como time a partir de 2026<\/a>. A marca americana se junta ao campeonato ap\u00f3s\u00a0<a href=\"https:\/\/www.grandepremio.com\/br\/f1\/noticias\/f1-arma-reviravolta-prepara-receber-andretti-11a-equipe-2026\/\">uma reviravolta improv\u00e1vel desenhada nos \u00faltimos meses<\/a>. A inten\u00e7\u00e3o \u00e9 de que, a partir de 2028, a Cadillac tamb\u00e9m seja fornecedora de motores, mas <a href=\"https:\/\/www.grandepremio.com\/br\/?p=900513\">inicialmente vai receber apoio da <strong>Ferrari<\/strong><\/a>.<\/p>\n\n\n\n<p class=\"wp-block-paragraph\">A solicita\u00e7\u00e3o de entrada da Cadillac no grid da F1 est\u00e1 na fase final de aprova\u00e7\u00e3o da <strong>Federa\u00e7\u00e3o Internacional de Automobilismo<\/strong> (<strong>FIA<\/strong>) e a decis\u00e3o final deve ser tomada nas pr\u00f3ximas semanas, de acordo com o site <em>The Race<\/em>.<\/p>\n\n\n\n<p class=\"wp-block-paragraph\">A\u00a0<a href=\"https:\/\/www.grandepremio.com\/br\/f1\/\" target=\"_blank\" rel=\"noreferrer noopener\">F\u00f3rmula 1<\/a>\u00a0confirmou que manteve di\u00e1logos com a General Motors e a parceira TWG Global desde a rejei\u00e7\u00e3o da Andretti, em janeiro de 2024. Disse tamb\u00e9m que, ao longo do ano, as partes chegaram a v\u00e1rios acordos sobre o compromisso dos americanos, e que a categoria tem o prazer de seguir adiante com a inscri\u00e7\u00e3o para os processos finais.<\/p>\n\n\n\n<p class=\"wp-block-paragraph\">A solicita\u00e7\u00e3o feita pela Cadillac \u00e0 FIA, por\u00e9m, segue o mesmo projeto criado originalmente por Michael Andretti anos atr\u00e1s, com o time precisando cumprir os diversos crit\u00e9rios apresentados pela entidade para que esteja apta a disputar corridas na categoria. A decis\u00e3o, por\u00e9m, \u00e9 quest\u00e3o de formalidade e depende mesmo dos termos comerciais com a Formula One Management (FOM).<\/p>\n\n\n\n<figure class=\"wp-block-image size-full\"><img decoding=\"async\" src=\"https:\/\/www.grandepremio.com\/br\/wp-content\/uploads\/2023\/01\/imagem_2023-01-05_125425569.png\" alt=\"ANDRETTI, CADILLAC, F1\" class=\"wp-image-642951\"\/><figcaption class=\"wp-element-caption\">GM se uniu \u00e0 Andretti para ingressar no grid da F1 (Foto: Divulga\u00e7\u00e3o)<\/figcaption><\/figure>\n\n\n\n<p class=\"wp-block-paragraph\">\u25b6\ufe0f\u00a0<strong>Inscreva-se nos dois canais do GRANDE PR\u00caMIO no YouTube:\u00a0<a href=\"https:\/\/www.youtube.com\/channel\/UC9OlHEgxoaY6QY6nWPoiqQg?sub_confirmation=1\" target=\"_blank\" rel=\"noreferrer noopener\">GP<\/a>\u00a0|\u00a0<a href=\"https:\/\/www.youtube.com\/channel\/UC9csiS6q_C3C0FYhyr1rnFA?sub_confirmation=1\" target=\"_blank\" rel=\"noreferrer noopener\">GP2<\/a><\/strong><br>\u25b6\ufe0f\u00a0<strong>LEIA TAMB\u00c9M:\u00a0<a href=\"https:\/\/www.grandepremio.com\/br\/f1\/noticias\/angela-cullen-caderninho-1o-escola-como-ferrari-mostrou-estreia-lewis-hamilton\/\">Angela Cullen, caderninho e o \u20181\u00ba de escola\u2019: como Ferrari mostrou estreia de Hamilton<\/a><\/strong><\/p>\n\n\n\n<p class=\"wp-block-paragraph\">&#8220;A FIA est\u00e1 atualmente revisando a entrada da Cadillac. Estamos nos est\u00e1gios finais do processo de an\u00e1lise e investiga\u00e7\u00e3o, esperamos que o processo seja conclu\u00eddo em breve. Estamos colaborando simultaneamente com a FOM para garantir uma integra\u00e7\u00e3o bem-sucedida da 11\u00aa equipe no campeonato&#8221;, disse um porta-voz ao The Race.<\/p>\n\n\n\n<p class=\"wp-block-paragraph\">Procurada para comentar sobre o processo e seus desdobramentos, a FIA afirmou que &#8220;est\u00e1 nos passos finais&#8221; e que a decis\u00e3o definida deve sair &#8220;em algumas semanas&#8221;.<\/p>\n\n\n\n<p class=\"wp-block-paragraph\">Ainda no fim de 2024, a Cadillac <a href=\"https:\/\/www.grandepremio.com\/br\/f1\/noticias\/gm-escolhe-graeme-lowdon-chefe-equipe-cadillac-f1\/\">anunciou <strong>Graeme Lowdon<\/strong> como chefe de equipe<\/a> na F\u00f3rmula 1. O brit\u00e2nico j\u00e1 passou pela categoria como CEO da Marussia e deixou o time em 205, um ano antes do projeto ser encerrado na categoria. Graeme \u00e9 mais uma das contrata\u00e7\u00f5es do projeto da Cadillac na\u00a0<a href=\"https:\/\/www.grandepremio.com\/br\/f1\/\" target=\"_blank\" rel=\"noreferrer noopener\">F\u00f3rmula 1<\/a>. Recentemente, o time trouxe\u00a0<strong>Pat Symonds<\/strong>, ex-diretor-t\u00e9cnico da\u00a0<a href=\"https:\/\/www.grandepremio.com\/br\/f1\/\" target=\"_blank\" rel=\"noreferrer noopener\">FIA<\/a>, que ser\u00e1 consultor executivo de engenharia. Rob White, ex-Alpine, tamb\u00e9m se juntou ao time recentemente.<\/p>\n\n\n\n<p class=\"wp-block-paragraph\">A\u00a0<a href=\"https:\/\/www.grandepremio.com\/br\/f1\/\" target=\"_blank\" rel=\"noreferrer noopener\"><\/a><a href=\"https:\/\/www.grandepremio.com\/br\/f1\/\" target=\"_blank\" rel=\"noreferrer noopener\">F\u00f3rmula 1<\/a>\u00a0est\u00e1 oficialmente de f\u00e9rias. A pr\u00f3xima atividade \u00e9 exatamente a sess\u00e3o \u00fanica de testes coletivos de pr\u00e9-temporada, marcada para os dias 26, 27 e 28 de fevereiro, no\u00a0<strong>Bahrein<\/strong>. A temporada 2025 come\u00e7a com o\u00a0<strong>GP da Austr\u00e1lia<\/strong>, nos dias 14-16 de mar\u00e7o.<\/p>\n\n\n\n<figure class=\"wp-block-embed is-type-video is-provider-youtube wp-block-embed-youtube wp-embed-aspect-16-9 wp-has-aspect-ratio\"><div class=\"wp-block-embed__wrapper\">\n<iframe loading=\"lazy\" title=\"RED BULL PROVOCA HAMILTON E REVIVE RIVALIDADE QUE F1 PRECISA\" width=\"500\" height=\"281\" src=\"https:\/\/www.youtube.com\/embed\/llHo7qK30JA?feature=oembed\" frameborder=\"0\" allow=\"accelerometer; autoplay; clipboard-write; encrypted-media; gyroscope; picture-in-picture; web-share\" referrerpolicy=\"strict-origin-when-cross-origin\" allowfullscreen><\/iframe>\n<\/div><\/figure>\n","protected":false},"excerpt":{"rendered":"<p>Depois de acordo com a F\u00f3rmula 1 para um acordo de princ\u00edpio para entrar no grid da categoria em 2026, a Cadillac agora depende de uma rigorosa avalia\u00e7\u00e3o da Federa\u00e7\u00e3o Internacional de Automobilismo, mas fontes garantem que a decis\u00e3o \u00e9 mera formalidade <\/p>\n","protected":false},"author":0,"featured_media":1000902144,"comment_status":"closed","ping_status":"closed","sticky":false,"template":"","format":"standard","meta":{"42wp_featured_image_caption":"","42wp_featured_image_credits":"","42wp_featured_video":"","42wp_featured_image_hidden":false,"42wp_authors_list":[],"footnotes":""},"categories":[2],"tags":[729,26271,5273,147,3630,25893,103,180,3628,30124,1491,28285,30840,35129,42001],"42wp_author":[47135],"class_list":["post-34752","post","type-post","status-publish","format-standard","has-post-thumbnail","hentry","category-f1","tag-cadillac","tag-calendario-f1","tag-classificacao-f1","tag-f1","tag-f1-2025","tag-federacao-internacional-de-automobilismo","tag-fia","tag-formula-1","tag-formula-1-2025","tag-gm","tag-grande-premio","tag-grandepremio","tag-horarios-f1","tag-onde-assistir-f1","tag-temporada-2025-f1","42wp_author-pedro-luis-cuenca"],"_links":{"self":[{"href":"https:\/\/grandepremio.com\/br\/wp-json\/wp\/v2\/posts\/34752","targetHints":{"allow":["GET"]}}],"collection":[{"href":"https:\/\/grandepremio.com\/br\/wp-json\/wp\/v2\/posts"}],"about":[{"href":"https:\/\/grandepremio.com\/br\/wp-json\/wp\/v2\/types\/post"}],"replies":[{"embeddable":true,"href":"https:\/\/grandepremio.com\/br\/wp-json\/wp\/v2\/comments?post=34752"}],"version-history":[{"count":0,"href":"https:\/\/grandepremio.com\/br\/wp-json\/wp\/v2\/posts\/34752\/revisions"}],"wp:featuredmedia":[{"embeddable":true,"href":"https:\/\/grandepremio.com\/br\/wp-json\/wp\/v2\/media\/1000902144"}],"wp:attachment":[{"href":"https:\/\/grandepremio.com\/br\/wp-json\/wp\/v2\/media?parent=34752"}],"wp:term":[{"taxonomy":"category","embeddable":true,"href":"https:\/\/grandepremio.com\/br\/wp-json\/wp\/v2\/categories?post=34752"},{"taxonomy":"post_tag","embeddable":true,"href":"https:\/\/grandepremio.com\/br\/wp-json\/wp\/v2\/tags?post=34752"},{"taxonomy":"42wp_author","embeddable":true,"href":"https:\/\/grandepremio.com\/br\/wp-json\/wp\/v2\/42wp_author?post=34752"}],"curies":[{"name":"wp","href":"https:\/\/api.w.org\/{rel}","templated":true}]}}