{"id":34775,"date":"2025-01-23T13:40:51","date_gmt":"2025-01-23T16:40:51","guid":{"rendered":"https:\/\/grandepremio.com\/br\/noticias\/pai-diz-lewis-hamilton-treinou-como-louco-estreia-ferrari-lembra-mclaren\/"},"modified":"2025-01-23T14:42:17","modified_gmt":"2025-01-23T17:42:17","slug":"pai-diz-lewis-hamilton-treinou-como-louco-estreia-ferrari-lembra-mclaren","status":"publish","type":"post","link":"https:\/\/grandepremio.com\/br\/f1\/pai-diz-lewis-hamilton-treinou-como-louco-estreia-ferrari-lembra-mclaren\/","title":{"rendered":"Pai diz que Hamilton &#8220;treinou como louco&#8221; para estreia na Ferrari e lembra McLaren"},"content":{"rendered":"\n<p class=\"wp-block-paragraph\"><strong>Anthony Hamilton<\/strong>, pai do <a href=\"https:\/\/www.grandepremio.com\/br\/f1\/noticias\/5-coisas-aprendemos-primeiro-teste-lewis-hamilton-ferrari-fiorano\/\">mais novo piloto da<\/a> <strong>Ferrari<\/strong>, destacou a prepara\u00e7\u00e3o feita por Lewis durante as f\u00e9rias da <strong>F\u00f3rmula 1<\/strong> para chegar ao time de Maranello na melhor condi\u00e7\u00e3o f\u00edsica poss\u00edvel. Ao acompanhar o heptacampe\u00e3o durante <a href=\"https:\/\/www.grandepremio.com\/br\/f1\/noticias\/lewis-hamilton-enfim-estreia-na-ferrari-em-teste-privado-na-pista-de-fiorano\/\">os primeiros testes com a <strong>SF-23<\/strong><\/a> em <strong>Fiorano<\/strong>, na quarta-feira (22), o patriarca da fam\u00edlia admitiu que se lembrou dos dias de <strong>McLaren<\/strong>, equipe com a qual o <strong>#44<\/strong> estreou na categoria, em 2007.<\/p>\n\n\n\n<p class=\"wp-block-paragraph\">Depois de vencer a <strong>GP2<\/strong> \u2014 atual <strong>F\u00f3rmula 2<\/strong> \u2014 em 2006 com a <strong>ART<\/strong>, que era comandada por <strong>Fr\u00e9d\u00e9ric Vasseur<\/strong> naquela \u00e9poca, Hamilton foi promovido \u00e0 classe rainha no ano seguinte para competir ao lado de <strong>Fernando Alonso<\/strong> no time de Woking. Ap\u00f3s seis anos e um t\u00edtulo mundial conquistado, mudou-se para a <strong>Mercedes<\/strong> em 2013, onde levantou mais seis trof\u00e9us e entrou para a hist\u00f3ria como um dos maiores nomes do esporte.<\/p>\n\n\n\n<p class=\"wp-block-paragraph\">No entanto, desde que o atual regulamento entrou em vigor e trouxe de volta o efeito-solo \u00e0 <strong>F1<\/strong>, em 2022, as Flechas de Prata n\u00e3o conseguiram desenvolver um carro competitivo e viveram tr\u00eas temporadas dif\u00edceis. Aos 40 anos de idade e ainda sonhando com o octacampeonato, o brit\u00e2nico ent\u00e3o decidiu apostar no projeto da Ferrari e, de quebra, <a href=\"https:\/\/www.grandepremio.com\/br\/f1\/noticias\/lewis-hamilton-diz-ferrari-sonho-infancia-destaca-momento-ideal-mudanca\/\">realizar um sonho de inf\u00e2ncia<\/a>: vestir o ic\u00f4nico macac\u00e3o vermelho.<\/p>\n\n\n\n<p class=\"wp-block-paragraph\">Embora a not\u00edcia sobre a mudan\u00e7a tenha causado um alvoro\u00e7o no mundo do automobilismo, nem todos realmente ficaram surpresos. Durante uma breve conversa em Maranello, <strong>Jonathan McEvoy<\/strong>, correspondente do jornal <em>Daily Mail<\/em>, lembrou de um bate-papo que teve h\u00e1 18 anos com o pai de Lewis e disse que sempre soube que o ingl\u00eas representaria a marca do Cavallino Rampante antes de se aposentar. Ao questionar Anthony se o mesmo sabia o motivo de tanta convic\u00e7\u00e3o, ouviu como resposta: &#8220;Foi porque eu sempre disse isso?&#8221;.<\/p>\n\n\n\n<figure class=\"wp-block-image size-large\"><img decoding=\"async\" src=\"https:\/\/www.grandepremio.com\/br\/wp-content\/uploads\/2025\/01\/7-scuderia-ferrari-fiorano-2025-lewis_725fe430-7e2f-4f03-8856-9af69210f6e2-1200x800.jpg\" alt=\"F1 2025, FERRARI, FIORANO, PRIMEIRO TESTE, LEWIS HAMILTON\" class=\"wp-image-921330\"\/><figcaption class=\"wp-element-caption\">Primeiro teste de Lewis Hamilton na Ferrari aconteceu nesta quarta-feira (Foto: Ferrari)<\/figcaption><\/figure>\n\n\n\n<p class=\"wp-block-paragraph\">\u25b6\ufe0f <strong>Inscreva-se nos dois canais do GRANDE PR\u00caMIO no YouTube:\u00a0<a href=\"https:\/\/www.youtube.com\/channel\/UC9OlHEgxoaY6QY6nWPoiqQg?sub_confirmation=1\" target=\"_blank\" rel=\"noreferrer noopener\">GP<\/a>\u00a0|\u00a0<a href=\"https:\/\/www.youtube.com\/channel\/UC9csiS6q_C3C0FYhyr1rnFA?sub_confirmation=1\" target=\"_blank\" rel=\"noreferrer noopener\">GP2<\/a><\/strong><br>\u25b6\ufe0f <strong>LEIA TAMB\u00c9M:\u00a0<a href=\"https:\/\/www.grandepremio.com\/br\/f1\/noticias\/angela-cullen-caderninho-1o-escola-como-ferrari-mostrou-estreia-lewis-hamilton\/\">Angela Cullen, caderninho e o \u20181\u00ba de escola\u2019: como Ferrari mostrou estreia de Hamilton<\/a><\/strong><\/p>\n\n\n\n<p class=\"wp-block-paragraph\">Em seguida, continuou falando sobre a prepara\u00e7\u00e3o do filho para encarar o desafio e garantiu que Hamilton &#8220;treinou como um louco&#8221; desde o fim da temporada passada, e que o heptacampe\u00e3o est\u00e1 muito focado e crente de que vai conseguir ter sucesso na nova casa.<\/p>\n\n\n\n<p class=\"wp-block-paragraph\">Al\u00e9m disso, fez um paralelo entre os primeiros passos na Ferrari com a estreia na F1, h\u00e1 quase 18 anos. &#8220;Sabe de uma coisa? Parece o primeiro dia na McLaren&#8221;, concluiu Anthony.<\/p>\n\n\n\n<p class=\"wp-block-paragraph\">A\u00a0<a href=\"https:\/\/www.grandepremio.com\/br\/f1\/\" target=\"_blank\" rel=\"noreferrer noopener\"><\/a><a href=\"https:\/\/www.grandepremio.com\/br\/f1\/\" target=\"_blank\" rel=\"noreferrer noopener\">F\u00f3rmula 1<\/a>\u00a0est\u00e1 oficialmente de f\u00e9rias. A pr\u00f3xima atividade \u00e9 exatamente a sess\u00e3o \u00fanica de testes coletivos de pr\u00e9-temporada, marcada para os dias 26, 27 e 28 de fevereiro, no\u00a0<strong>Bahrein<\/strong>. A temporada 2025 come\u00e7a com o\u00a0<strong>GP da Austr\u00e1lia<\/strong>, nos dias 14-16 de mar\u00e7o.<\/p>\n\n\n\n<figure class=\"wp-block-video\"><video class=\"video-js vjs-big-play-centered\" data-gp-vjs=\"1\" controls src=\"https:\/\/www.grandepremio.com\/br\/wp-content\/uploads\/2025\/01\/trailer-lancamento-gptv-2025.mp4\"><\/video><\/figure>\n","protected":false},"excerpt":{"rendered":"<p>Anthony Hamilton garantiu que o heptacampe\u00e3o se preparou da melhor forma para encarar o desafio com a Ferrari e mostrou confian\u00e7a em novos sucessos na F\u00f3rmula 1<\/p>\n","protected":false},"author":0,"featured_media":1000788236,"comment_status":"closed","ping_status":"closed","sticky":false,"template":"","format":"standard","meta":{"42wp_featured_image_caption":"","42wp_featured_image_credits":"","42wp_featured_video":"","42wp_featured_image_hidden":false,"42wp_authors_list":[],"footnotes":""},"categories":[2],"tags":[7818,5660,969,147,3630,642,160,207,180,3628,1491,30103,28285,87,90],"42wp_author":[47160],"class_list":["post-34775","post","type-post","status-publish","format-standard","has-post-thumbnail","hentry","category-f1","tag-anthony-hamilton","tag-classificacao","tag-corrida","tag-f1","tag-f1-2025","tag-f1-ao-vivo","tag-f1-tv","tag-ferrari","tag-formula-1","tag-formula-1-2025","tag-grande-premio","tag-grande-premio-f1","tag-grandepremio","tag-lewis-hamilton","tag-mclaren","42wp_author-vicente-soella"],"_links":{"self":[{"href":"https:\/\/grandepremio.com\/br\/wp-json\/wp\/v2\/posts\/34775","targetHints":{"allow":["GET"]}}],"collection":[{"href":"https:\/\/grandepremio.com\/br\/wp-json\/wp\/v2\/posts"}],"about":[{"href":"https:\/\/grandepremio.com\/br\/wp-json\/wp\/v2\/types\/post"}],"replies":[{"embeddable":true,"href":"https:\/\/grandepremio.com\/br\/wp-json\/wp\/v2\/comments?post=34775"}],"version-history":[{"count":0,"href":"https:\/\/grandepremio.com\/br\/wp-json\/wp\/v2\/posts\/34775\/revisions"}],"wp:featuredmedia":[{"embeddable":true,"href":"https:\/\/grandepremio.com\/br\/wp-json\/wp\/v2\/media\/1000788236"}],"wp:attachment":[{"href":"https:\/\/grandepremio.com\/br\/wp-json\/wp\/v2\/media?parent=34775"}],"wp:term":[{"taxonomy":"category","embeddable":true,"href":"https:\/\/grandepremio.com\/br\/wp-json\/wp\/v2\/categories?post=34775"},{"taxonomy":"post_tag","embeddable":true,"href":"https:\/\/grandepremio.com\/br\/wp-json\/wp\/v2\/tags?post=34775"},{"taxonomy":"42wp_author","embeddable":true,"href":"https:\/\/grandepremio.com\/br\/wp-json\/wp\/v2\/42wp_author?post=34775"}],"curies":[{"name":"wp","href":"https:\/\/api.w.org\/{rel}","templated":true}]}}