{"id":35184,"date":"2025-01-20T09:45:25","date_gmt":"2025-01-20T12:45:25","guid":{"rendered":"https:\/\/grandepremio.com\/br\/noticias\/ceo-ferrari-lewis-hamilton-volta-jogo-fala-troca-aprendizado-formula-1\/"},"modified":"2025-01-20T14:07:56","modified_gmt":"2025-01-20T17:07:56","slug":"ceo-ferrari-lewis-hamilton-volta-jogo-fala-troca-aprendizado-formula-1","status":"publish","type":"post","link":"https:\/\/grandepremio.com\/br\/f1\/ceo-ferrari-lewis-hamilton-volta-jogo-fala-troca-aprendizado-formula-1\/","title":{"rendered":"CEO da Ferrari v\u00ea Hamilton &#8220;de volta ao jogo&#8221; e fala em troca de aprendizado na F\u00f3rmula 1"},"content":{"rendered":"\n<p class=\"wp-block-paragraph\">A <strong>Ferrari <\/strong>deu in\u00edcio a um novo cap\u00edtulo na<strong> F\u00f3rmula 1 <\/strong><a href=\"https:\/\/www.grandepremio.com\/br\/f1\/noticias\/terno-gravata-lewis-hamilton-chega-maranello-da-pontape-inicial-trabalhos-ferrari\/\">nesta segunda-feira (20)<\/a>, com o primeiro dia de trabalho de <strong>Lewis Hamilton<\/strong> na f\u00e1brica em <strong>Maranello<\/strong>, e a expectativa \u00e9 que, de agora em diante, tanto ele quanto a equipe aprendam coisas novas. O CEO da escuderia italiana,<strong> Benedetto Vigna<\/strong>, ainda ressaltou como a busca por mudan\u00e7a aos 40 anos de idade trouxe o heptacampe\u00e3o &#8220;de volta ao jogo&#8221;.<\/p>\n\n\n\n<p class=\"wp-block-paragraph\">Hamilton vai trabalhar no simulador, al\u00e9m de reuni\u00f5es de planejamento com o chefe, <strong>Fr\u00e9d\u00e9ric Vasseur<\/strong>, e os novos integrantes do time antes de ir \u00e0 pista para valer, na quarta-feira (22). O cronograma de testes com carros anteriores faz parte do trabalho de aclimata\u00e7\u00e3o pelo qual passar\u00e1 at\u00e9 o fim do m\u00eas de janeiro.<\/p>\n\n\n\n<p class=\"wp-block-paragraph\">\u00c9, de fato, &#8220;uma nova era&#8221;, como o pr\u00f3prio heptacampe\u00e3o descreveu via redes sociais. Ao<em> Corriere della Serra<\/em>, Vigna tamb\u00e9m falou sobre o que representa esse pontap\u00e9 inicial na temporada 2025. &#8220;Certamente h\u00e1 entusiasmo. H\u00e1 um grande desejo de encarar esse desafio e dar in\u00edcio a todos os testes.&#8221;<\/p>\n\n\n\n<p class=\"wp-block-paragraph\">&#8220;Mudan\u00e7a \u00e9 sempre importante, e Hamilton realmente se colocou de volta ao jogo com isso. Achei legal a mensagem dele no LinkedIn no come\u00e7o do ano. Uma mensagem poderosa e que encoraja todos a n\u00e3o perderem a esperan\u00e7a&#8221;, frisou Vigna, assegurando que a Ferrari vai aproveitar bastante Hamilton e <strong>Charles Leclerc<\/strong>.<\/p>\n\n\n\n<figure class=\"wp-block-image size-large\"><img decoding=\"async\" src=\"https:\/\/www.grandepremio.com\/br\/wp-content\/uploads\/2025\/01\/Lewis-Hamilton-primeiro-dia-Ferrari-F1-2025-Foto-Andre-D.-Wagner-1200x900.jpg\" alt=\"\" class=\"wp-image-920552\"\/><figcaption class=\"wp-element-caption\">Lewis Hamilton come\u00e7ou os trabalhos com a Ferrari na F1 (Foto: Andre D. Wagner)<\/figcaption><\/figure>\n\n\n\n<p class=\"wp-block-paragraph\">&#8220;Como um piloto com sete t\u00edtulos mundiais, ele realmente pode trazer muito, e quando falo com Fred Vasseur, ele enfatiza principalmente o suporte t\u00e9cnico que Hamilton pode fornecer. Mas isso n\u00e3o \u00e9 tudo, porque ele realmente anseia por mudan\u00e7a. Mesmo aos 40, consegue se colocar de volta ao mapa e adotar completamente uma nova cultura&#8221;, continuou.<\/p>\n\n\n\n<p class=\"wp-block-paragraph\">Em seguida, Vigna relembrou o instante em que p\u00f4de agradecer pessoalmente a toda a equipe, em Abu Dhabi. &#8220;De Vasseur a todos os mec\u00e2nicos, estou realmente orgulhoso do trabalho que est\u00e3o fazendo. H\u00e1 uma atmosfera boa na equipe, e est\u00e1 claro que temos de mant\u00ea-la assim, pois essa \u00e9 a beleza da Ferrari.&#8221;<\/p>\n\n\n\n<p class=\"wp-block-paragraph\">&#8220;A mentalidade nos impulsiona a sempre ir mais longe. Isso nos d\u00e1 um impulso constante. Lewis aprender\u00e1 coisas conosco e n\u00f3s aprenderemos com ele. \u00c9 como uma dan\u00e7a, pois o mais importante \u00e9 n\u00e3o perder velocidade. Temos de manter os dois p\u00e9s, ou pneus, no ch\u00e3o e garantir que vamos continuar aprendendo com nossos erros&#8221;, encerrou o CEO da Ferrari.<\/p>\n\n\n\n<p class=\"wp-block-paragraph\">Na semana que vem, h\u00e1 mais dias de testes programados para Lewis, s\u00f3 que em\u00a0<strong><a href=\"https:\/\/es.grandepremio.com\/\" target=\"_blank\" rel=\"noreferrer noopener\">Barcelona<\/a><\/strong>,\u00a0<strong><a href=\"https:\/\/es.grandepremio.com\/\" target=\"_blank\" rel=\"noreferrer noopener\">Espanha<\/a><\/strong>. Ao todo, Hamilton poder\u00e1 rodar 1.000 km com carros que entram no TCP (testes com carros anteriores, da sigla em ingl\u00eas) em at\u00e9 quatro dias, conforme determinado pelo regulamento esportivo para pilotos titulares.<\/p>\n\n\n\n<p class=\"wp-block-paragraph\">A Ferrari vai revelar a pintura que ser\u00e1 usada em 2025 no evento coletivo que a&nbsp;<strong><a href=\"https:\/\/www.grandepremio.com\/br\/f1\/\" target=\"_blank\" rel=\"noreferrer noopener\">F\u00f3rmula 1<\/a><\/strong>&nbsp;organiza, em 18 de fevereiro, em&nbsp;<strong><a href=\"https:\/\/www.grandepremio.com\/br\/circuito\/londres\/\" target=\"_blank\" rel=\"noreferrer noopener\">Londres<\/a><\/strong>. O&nbsp;<em>Motorsport It\u00e1lia<\/em>&nbsp;revelou que a escuderia vai usar um tom de vermelho mais intenso em 2025. No dia seguinte \u00e0 apresenta\u00e7\u00e3o, a Ferrari planeja um shakedown em Fiorano.<\/p>\n\n\n\n<p class=\"wp-block-paragraph\">Hamilton entrou de vez no clima da Ferrari assim que o ano virou. Primeiro,&nbsp;<a href=\"https:\/\/www.grandepremio.com\/br\/f1\/noticias\/lewis-hamilton-aguca-expectativa-estreia-ferrari-foto-crianca-capacete-vermelho\/\">trocou a foto de perfil das redes sociais por uma de quando era crian\u00e7a<\/a>. A imagem o traz andando de kart com um capacete vermelho.&nbsp;<a href=\"https:\/\/www.grandepremio.com\/br\/f1\/noticias\/lewis-hamilton-inclui-ferrari-curriculo-deixa-recado-2025-abrace-mudanca\/\">O curr\u00edculo na rede Linkedin tamb\u00e9m foi atualizado<\/a>&nbsp;com o novo emprego na F1.<\/p>\n\n\n\n<p class=\"wp-block-paragraph\">A\u00a0<a href=\"https:\/\/www.grandepremio.com\/br\/f1\/\" target=\"_blank\" rel=\"noreferrer noopener\"><\/a><a href=\"https:\/\/www.grandepremio.com\/br\/f1\/\" target=\"_blank\" rel=\"noreferrer noopener\">F\u00f3rmula 1<\/a>\u00a0est\u00e1 oficialmente de f\u00e9rias. A pr\u00f3xima atividade \u00e9 exatamente a sess\u00e3o \u00fanica de testes coletivos de pr\u00e9-temporada, marcada para os dias 26, 27 e 28 de fevereiro, no\u00a0<strong>Bahrein<\/strong>. A temporada 2025 come\u00e7a com o\u00a0<strong>GP da Austr\u00e1lia<\/strong>, nos dias 14-16 de mar\u00e7o.<\/p>\n\n\n\n<p class=\"wp-block-paragraph\"><strong>\u25b6\ufe0f<\/strong> <strong>Inscreva-se nos dois canais do GRANDE PR\u00caMIO no YouTube:\u00a0<a href=\"https:\/\/www.youtube.com\/channel\/UC9OlHEgxoaY6QY6nWPoiqQg?sub_confirmation=1\" target=\"_blank\" rel=\"noreferrer noopener\">GP<\/a>\u00a0|\u00a0<a href=\"https:\/\/www.youtube.com\/channel\/UC9csiS6q_C3C0FYhyr1rnFA?sub_confirmation=1\" target=\"_blank\" rel=\"noreferrer noopener\">GP2<\/a><\/strong><br>\u25b6\ufe0f <strong>LEIA TAMB\u00c9M:\u00a0<a href=\"https:\/\/www.grandepremio.com\/br\/f1\/noticias\/jean-alesi-diz-sucesso-ferrari-pode-mudar-vida-lewis-hamilton-faria-dele-heroi\/\">Alesi diz que sucesso com Ferrari \u201cpode mudar vida\u201d de Hamilton: \u201cFaria dele um her\u00f3i\u201d<\/a><\/strong><\/p>\n\n\n\n<figure class=\"wp-block-embed is-type-video is-provider-youtube wp-block-embed-youtube wp-embed-aspect-16-9 wp-has-aspect-ratio\"><div class=\"wp-block-embed__wrapper\">\n<iframe loading=\"lazy\" title=\"AUDI COMPLETA AQUISI\u00c7\u00c3O DA SAUBER + RED BULL COM DIFICULDADES | Paddock Sprint\" width=\"500\" height=\"281\" src=\"https:\/\/www.youtube.com\/embed\/AyDG3yoGClU?feature=oembed\" frameborder=\"0\" allow=\"accelerometer; autoplay; clipboard-write; encrypted-media; gyroscope; picture-in-picture; web-share\" referrerpolicy=\"strict-origin-when-cross-origin\" allowfullscreen><\/iframe>\n<\/div><\/figure>\n","protected":false},"excerpt":{"rendered":"<p>CEO da Ferrari, Benedetto Vigna descreveu o relacionamento entre Lewis Hamilton e a equipe &#8220;como uma dan\u00e7a&#8221;, j\u00e1 que espera que o heptacampe\u00e3o forne\u00e7a importante suporte t\u00e9cnico na temporada 2025<\/p>\n","protected":false},"author":0,"featured_media":1000905549,"comment_status":"closed","ping_status":"closed","sticky":false,"template":"","format":"standard","meta":{"42wp_featured_image_caption":"","42wp_featured_image_credits":"","42wp_featured_video":"","42wp_featured_image_hidden":false,"42wp_authors_list":[],"footnotes":""},"categories":[2],"tags":[28273,26271,5273,147,3630,207,180,3628,1491,28285,30840,87,886,35129,42001],"42wp_author":[47147],"class_list":["post-35184","post","type-post","status-publish","format-standard","has-post-thumbnail","hentry","category-f1","tag-benedetto-vigna","tag-calendario-f1","tag-classificacao-f1","tag-f1","tag-f1-2025","tag-ferrari","tag-formula-1","tag-formula-1-2025","tag-grande-premio","tag-grandepremio","tag-horarios-f1","tag-lewis-hamilton","tag-maranello","tag-onde-assistir-f1","tag-temporada-2025-f1","42wp_author-luana-marino"],"_links":{"self":[{"href":"https:\/\/grandepremio.com\/br\/wp-json\/wp\/v2\/posts\/35184","targetHints":{"allow":["GET"]}}],"collection":[{"href":"https:\/\/grandepremio.com\/br\/wp-json\/wp\/v2\/posts"}],"about":[{"href":"https:\/\/grandepremio.com\/br\/wp-json\/wp\/v2\/types\/post"}],"replies":[{"embeddable":true,"href":"https:\/\/grandepremio.com\/br\/wp-json\/wp\/v2\/comments?post=35184"}],"version-history":[{"count":0,"href":"https:\/\/grandepremio.com\/br\/wp-json\/wp\/v2\/posts\/35184\/revisions"}],"wp:featuredmedia":[{"embeddable":true,"href":"https:\/\/grandepremio.com\/br\/wp-json\/wp\/v2\/media\/1000905549"}],"wp:attachment":[{"href":"https:\/\/grandepremio.com\/br\/wp-json\/wp\/v2\/media?parent=35184"}],"wp:term":[{"taxonomy":"category","embeddable":true,"href":"https:\/\/grandepremio.com\/br\/wp-json\/wp\/v2\/categories?post=35184"},{"taxonomy":"post_tag","embeddable":true,"href":"https:\/\/grandepremio.com\/br\/wp-json\/wp\/v2\/tags?post=35184"},{"taxonomy":"42wp_author","embeddable":true,"href":"https:\/\/grandepremio.com\/br\/wp-json\/wp\/v2\/42wp_author?post=35184"}],"curies":[{"name":"wp","href":"https:\/\/api.w.org\/{rel}","templated":true}]}}