{"id":35613,"date":"2025-01-16T08:38:13","date_gmt":"2025-01-16T11:38:13","guid":{"rendered":"https:\/\/grandepremio.com\/br\/noticias\/ferrari-confirma-chegada-lewis-hamilton-fabrica-proxima-semana-preparativos-finais\/"},"modified":"2025-01-16T09:00:04","modified_gmt":"2025-01-16T12:00:04","slug":"ferrari-confirma-chegada-lewis-hamilton-fabrica-proxima-semana-preparativos-finais","status":"publish","type":"post","link":"https:\/\/grandepremio.com\/br\/f1\/ferrari-confirma-chegada-lewis-hamilton-fabrica-proxima-semana-preparativos-finais\/","title":{"rendered":"Ferrari confirma chegada de Hamilton \u00e0 f\u00e1brica semana que vem: &#8220;Preparativos finais&#8221;"},"content":{"rendered":"\n<p class=\"wp-block-paragraph\">A <strong>Ferrari <\/strong>confirmou nesta quinta-feira (16) em coletiva de imprensa que <strong>Lewis Hamilton <\/strong>vai oficialmente dar in\u00edcio aos trabalhos na f\u00e1brica, em <strong>Maranello<\/strong>, na semana que vem. O CEO da escuderia,<strong> Benedetto Vigna<\/strong>, falou sobre o assunto durante evento de apresenta\u00e7\u00e3o do novo patrocinador, a UniCredit, e ressaltou que j\u00e1 est\u00e1 quase tudo pronto para receber de vez o heptacampe\u00e3o da <strong>F\u00f3rmula 1<\/strong>.<\/p>\n\n\n\n<p class=\"wp-block-paragraph\">&#8220;H\u00e1 um desejo grande de come\u00e7ar [o trabalho] com Hamilton&#8221;, enfatizou o CEO, e a expectativa \u00e9 compartilhada com todos que acompanham a principal categoria do automobilismo mundial. De acordo com o portal italiano <em>AutoRacer<\/em>, Hamilton j\u00e1 assume o simulador na segunda-feira (20). Dois dias depois, na quarta (22),<a href=\"https:\/\/www.grandepremio.com\/br\/f1\/noticias\/ferrari-escolhe-f1-75-prepara-estreia-lewis-hamilton-22-janeiro-fiorano\/\"> ir\u00e1 para a pista de <strong>Fiorano<\/strong> com a <strong>F1-75<\/strong><\/a>.<\/p>\n\n\n\n<p class=\"wp-block-paragraph\">&#8220;H\u00e1 muita empolga\u00e7\u00e3o, um grande desejo por esse come\u00e7o. Estamos preparando as \u00faltimas coisas, Lewis vir\u00e1 at\u00e9 n\u00f3s e vai come\u00e7ar na pr\u00f3xima semana. Estamos prontos para quase tudo, n\u00e3o para nada al\u00e9m, mas vamos nos preparar. Mudan\u00e7as s\u00e3o sempre boas&#8221;, salientou.<\/p>\n\n\n\n<p class=\"wp-block-paragraph\">Vigna tamb\u00e9m aproveitou para falar sobre inclus\u00e3o, sem d\u00favida o tema mais defendido pelo novo integrante da equipe. Desde o an\u00fancio da contrata\u00e7\u00e3o de Hamilton pela Ferrari, levantaram-se quest\u00f5es sobre como a tradicional escuderia lidaria com isso e se apoiaria o #44 nas causas pelas quais luta. O CEO deixou claro que essa \u00e9 uma bandeira que tamb\u00e9m vem sendo levantada pela Ferrari h\u00e1 anos.<\/p>\n\n\n\n<figure class=\"wp-block-image size-large\"><img decoding=\"async\" src=\"https:\/\/www.grandepremio.com\/br\/wp-content\/uploads\/2024\/12\/abu-dhabi-2024-f1-quinta-feira-mercedes-lewis-hamilton-01-1200x800.jpg\" alt=\"\" class=\"wp-image-905549\"\/><figcaption class=\"wp-element-caption\">Lewis Hamilton come\u00e7a para valer na Ferrari semana que vem (Foto: F1)<\/figcaption><\/figure>\n\n\n\n<p class=\"wp-block-paragraph\">&#8220;A Ferrari j\u00e1 valorizava muito a inclus\u00e3o mesmo antes da minha chegada. Temos essa certifica\u00e7\u00e3o de igualdade salarial desde 2020, e a inclus\u00e3o \u00e9 um dos valores fundamentais da nossa empresa, mesmo antes de Vigna e Hamilton, e ser\u00e1 cada vez mais&#8221;, assegurou.<\/p>\n\n\n\n<p class=\"wp-block-paragraph\">Por fim, comentou a import\u00e2ncia de uma divis\u00e3o esportiva para o crescimento de qualquer empresa. &#8220;Depois de tr\u00eas anos nessa fun\u00e7\u00e3o, posso dizer que, se toda empresa tivesse uma equipe esportiva, seria o ideal.&#8221;<\/p>\n\n\n\n<p class=\"wp-block-paragraph\">&#8220;Isso acontece porque h\u00e1 dias em que perdemos e dias em que ganhamos, e isso nos lembra constantemente da import\u00e2ncia de n\u00e3o descansar sobre os louros. Em algumas segundas-feiras, chegamos mais felizes e, em outras, mais desanimados&#8221;, encerrou.<\/p>\n\n\n\n<p class=\"wp-block-paragraph\">Espera-se que Hamilton ande em Fiorano e, depois, realize na semana seguinte mais uma bateria de testes em <strong>Barcelona<\/strong>, Espanha. As sess\u00f5es, no entanto, n\u00e3o poder\u00e3o ultrapassar os 1.000 km rodados, determina\u00e7\u00e3o do regulamento para testes com carros anteriores que passou a valer a partir de 2025 para pilotos titulares.<strong> Charles Leclerc<\/strong> tamb\u00e9m estar\u00e1 em Maranello semana que vem.<\/p>\n\n\n\n<p class=\"wp-block-paragraph\">A\u00a0<a href=\"https:\/\/www.grandepremio.com\/br\/f1\/\" target=\"_blank\" rel=\"noreferrer noopener\"><\/a><a href=\"https:\/\/www.grandepremio.com\/br\/f1\/\" target=\"_blank\" rel=\"noreferrer noopener\">F\u00f3rmula 1<\/a>\u00a0est\u00e1 oficialmente de f\u00e9rias. A pr\u00f3xima atividade \u00e9 exatamente a sess\u00e3o \u00fanica de testes coletivos de pr\u00e9-temporada, marcada para os dias 26, 27 e 28 de fevereiro, no\u00a0<strong>Bahrein<\/strong>. A temporada 2025 come\u00e7a com o\u00a0<strong>GP da Austr\u00e1lia<\/strong>, nos dias 14-16 de mar\u00e7o.<\/p>\n\n\n\n<p class=\"wp-block-paragraph\"><strong>\u25b6\ufe0f<\/strong> <strong>Inscreva-se nos dois canais do GRANDE PR\u00caMIO no YouTube:\u00a0<a href=\"https:\/\/www.youtube.com\/channel\/UC9OlHEgxoaY6QY6nWPoiqQg?sub_confirmation=1\" target=\"_blank\" rel=\"noreferrer noopener\">GP<\/a>\u00a0|\u00a0<a href=\"https:\/\/www.youtube.com\/channel\/UC9csiS6q_C3C0FYhyr1rnFA?sub_confirmation=1\" target=\"_blank\" rel=\"noreferrer noopener\">GP2<\/a><\/strong><br>\u25b6\ufe0f <strong>LEIA TAMB\u00c9M: <a href=\"https:\/\/www.grandepremio.com\/br\/f1\/noticias\/sauber-surpreende-saca-alessandro-alunni-bravi-cargo-chefe-equipe-dois-anos\/\">Sauber surpreende e saca Alunni Bravi do cargo de chefe de equipe ap\u00f3s dois anos<\/a><\/strong><\/p>\n","protected":false},"excerpt":{"rendered":"<p>O CEO da Ferrari, Benedetto Vigna, afirmou em coletiva de imprensa que todos est\u00e3o empolgados para come\u00e7ar o trabalho com Lewis Hamilton na semana que vem. Espera-se que ele, al\u00e9m do simulador, tamb\u00e9m ande em Fiorano com a F1-75<\/p>\n","protected":false},"author":0,"featured_media":1000813782,"comment_status":"closed","ping_status":"closed","sticky":false,"template":"","format":"standard","meta":{"42wp_featured_image_caption":"","42wp_featured_image_credits":"","42wp_featured_video":"","42wp_featured_image_hidden":false,"42wp_authors_list":[],"footnotes":""},"categories":[2],"tags":[28273,26271,209,5273,147,3630,207,6387,180,3628,1491,28285,30840,87,886,35129,42001],"42wp_author":[47147],"class_list":["post-35613","post","type-post","status-publish","format-standard","has-post-thumbnail","hentry","category-f1","tag-benedetto-vigna","tag-calendario-f1","tag-charles-leclerc","tag-classificacao-f1","tag-f1","tag-f1-2025","tag-ferrari","tag-fiorano","tag-formula-1","tag-formula-1-2025","tag-grande-premio","tag-grandepremio","tag-horarios-f1","tag-lewis-hamilton","tag-maranello","tag-onde-assistir-f1","tag-temporada-2025-f1","42wp_author-luana-marino"],"_links":{"self":[{"href":"https:\/\/grandepremio.com\/br\/wp-json\/wp\/v2\/posts\/35613","targetHints":{"allow":["GET"]}}],"collection":[{"href":"https:\/\/grandepremio.com\/br\/wp-json\/wp\/v2\/posts"}],"about":[{"href":"https:\/\/grandepremio.com\/br\/wp-json\/wp\/v2\/types\/post"}],"replies":[{"embeddable":true,"href":"https:\/\/grandepremio.com\/br\/wp-json\/wp\/v2\/comments?post=35613"}],"version-history":[{"count":0,"href":"https:\/\/grandepremio.com\/br\/wp-json\/wp\/v2\/posts\/35613\/revisions"}],"wp:featuredmedia":[{"embeddable":true,"href":"https:\/\/grandepremio.com\/br\/wp-json\/wp\/v2\/media\/1000813782"}],"wp:attachment":[{"href":"https:\/\/grandepremio.com\/br\/wp-json\/wp\/v2\/media?parent=35613"}],"wp:term":[{"taxonomy":"category","embeddable":true,"href":"https:\/\/grandepremio.com\/br\/wp-json\/wp\/v2\/categories?post=35613"},{"taxonomy":"post_tag","embeddable":true,"href":"https:\/\/grandepremio.com\/br\/wp-json\/wp\/v2\/tags?post=35613"},{"taxonomy":"42wp_author","embeddable":true,"href":"https:\/\/grandepremio.com\/br\/wp-json\/wp\/v2\/42wp_author?post=35613"}],"curies":[{"name":"wp","href":"https:\/\/api.w.org\/{rel}","templated":true}]}}