{"id":35755,"date":"2025-01-15T09:22:03","date_gmt":"2025-01-15T12:22:03","guid":{"rendered":"https:\/\/grandepremio.com\/br\/noticias\/jonathan-wheatley-chega-acordo-red-bull-adianta-liberacao-para-assumir-chefia-sauber\/"},"modified":"2025-01-15T14:58:00","modified_gmt":"2025-01-15T17:58:00","slug":"jonathan-wheatley-chega-acordo-red-bull-adianta-liberacao-para-assumir-chefia-sauber","status":"publish","type":"post","link":"https:\/\/grandepremio.com\/br\/f1\/jonathan-wheatley-chega-acordo-red-bull-adianta-liberacao-para-assumir-chefia-sauber\/","title":{"rendered":"Wheatley se acerta com Red Bull e adianta libera\u00e7\u00e3o para assumir chefia da Sauber"},"content":{"rendered":"\n<p class=\"wp-block-paragraph\">A <strong>Sauber<\/strong> surpreendeu na manh\u00e3 desta quarta-feira (15) ao <strong><a href=\"https:\/\/www.grandepremio.com\/br\/f1\/noticias\/sauber-surpreende-saca-alessandro-alunni-bravi-cargo-chefe-equipe-dois-anos\/\">anunciar a sa\u00edda oficial<\/a><\/strong> de <strong>Alessandro Alunni Bravi<\/strong> do cargo de chefe de equipe com efeito imediato. A informa\u00e7\u00e3o que se seguiu \u00e9 que a decis\u00e3o foi tomada em base tamb\u00e9m no fato que a situa\u00e7\u00e3o de <strong>Jonathan Wheatley<\/strong> com a <strong>Red Bull<\/strong> foi facilitada, e o novo chefe chega muito antes do inicialmente esperado.<\/p>\n\n\n\n<p class=\"wp-block-paragraph\">Alunni Bravi foi o chefe da Sauber nas temporadas 2023 e 2024, ap\u00f3s a sa\u00edda de <strong>Fr\u00e9d\u00e9ric Vasseur<\/strong> rumo \u00e0 Ferrari &#8211; para lugar de <strong>Mattia Binotto<\/strong>, agora homem que d\u00e1 as cartas na Sauber\/<strong>Audi<\/strong> -, mas estava evidente h\u00e1 meses que a posi\u00e7\u00e3o tinha data de validade. Em agosto passado, a <strong><a href=\"https:\/\/www.grandepremio.com\/br\/f1\/noticias\/audi-oficializa-chegada-jonathan-wheatley-como-novo-chefe-equipe-2026\/\">Audi anunciou que Wheatley \u00e9 que seria o chefe a partir de 2026<\/a><\/strong>.<\/p>\n\n\n\n<p class=\"wp-block-paragraph\">A quest\u00e3o \u00e9 que Wheatley, que at\u00e9 o ano passado era diretor-esportivo e segundo na cadeia de comando da equipe dos energ\u00e9ticos, teria de cumprir o chamado per\u00edodo de car\u00eancia at\u00e9 o fim de 2025. \u00c9 algo de praxe quando um funcion\u00e1rio importante de uma equipe deixa os quadros, para evitar que segredos e informa\u00e7\u00f5es mais recentes de um time caiam nas m\u00e3os do futuro empregador.<\/p>\n\n\n\n<p class=\"wp-block-paragraph\">Com isso, a Sauber seguia em frente em 2025, \u00faltimo ano em que adota o nome de batismo antes da Audi assumir de vez o controle da equipe em 2026, s\u00f3 esperando Wheatley para a chefia. Mas h\u00e1 uma atualiza\u00e7\u00e3o. De acordo com o portal neerland\u00eas RacingNews365, Wheatley chegou a um acordo com a Red Bull para encurtar o bloqueio e assumir a chefia da Audi ainda nos tempos de Sauber.<\/p>\n\n\n\n<figure class=\"wp-block-image size-full\"><img decoding=\"async\" src=\"https:\/\/www.grandepremio.com\/br\/wp-content\/uploads\/2024\/11\/Alonso-2020.jpg\" alt=\"\" class=\"wp-image-893766\"\/><figcaption class=\"wp-element-caption\">Gabriel Bortoleto estreia na F1 como Mattia Binotto como chefe interino (Foto: Sauber)<\/figcaption><\/figure>\n\n\n\n<p class=\"wp-block-paragraph\">De acordo com o ve\u00edculo, o acerto permite que Wheatley passe a trabalhar na Sauber a partir do dia 1\u00ba de abril. Assim, a chefia da equipe estar\u00e1 entregue a quem de direito ap\u00f3s somente duas corridas na temporada 2025. Wheatley faria a estreia no pit-wall no GP do Jap\u00e3o, em Suzuka, terceira prova do ano, entre os dias 4 e 6 de abril.<\/p>\n\n\n\n<p class=\"wp-block-paragraph\">No meio-tempo, ser\u00e1 o executivo de opera\u00e7\u00f5es e t\u00e9cnico, Binotto, cabe\u00e7a do projeto, quem servir\u00e1 como chefe interino na estreia de <strong>Gabriel Bortoleto<\/strong> na F1. O piloto brasileiro ter\u00e1 <strong>Nico H\u00fclkenberg<\/strong> como companheiro de equipe na temporada 2025.<\/p>\n\n\n\n<p class=\"wp-block-paragraph\">A&nbsp;<a href=\"https:\/\/www.grandepremio.com\/br\/f1\/\" target=\"_blank\" rel=\"noreferrer noopener\"><\/a><a href=\"https:\/\/www.grandepremio.com\/br\/f1\/\" target=\"_blank\" rel=\"noreferrer noopener\">F\u00f3rmula 1<\/a>&nbsp;est\u00e1 oficialmente de f\u00e9rias. A pr\u00f3xima atividade \u00e9 exatamente a sess\u00e3o \u00fanica de testes coletivos de pr\u00e9-temporada, marcada para os dias 26, 27 e 28 de fevereiro, no&nbsp;<strong>Bahrein<\/strong>. A temporada 2025 come\u00e7a com o&nbsp;<strong>GP da Austr\u00e1lia<\/strong>, nos dias 14-16 de mar\u00e7o.<\/p>\n\n\n\n<p class=\"wp-block-paragraph\">\u25b6\ufe0f\u00a0<strong>Inscreva-se nos dois canais do GRANDE PR\u00caMIO no YouTube:\u00a0<a href=\"https:\/\/www.youtube.com\/channel\/UC9OlHEgxoaY6QY6nWPoiqQg?sub_confirmation=1\" target=\"_blank\" rel=\"noreferrer noopener\">GP<\/a>\u00a0|\u00a0<a href=\"https:\/\/www.youtube.com\/channel\/UC9csiS6q_C3C0FYhyr1rnFA?sub_confirmation=1\" target=\"_blank\" rel=\"noreferrer noopener\">GP2<\/a><\/strong><br>\u25b6\ufe0f\u00a0<strong>LEIA TAMB\u00c9M:<\/strong> <strong><a href=\"https:\/\/www.grandepremio.com\/br\/f1\/noticias\/ferrari-escolhe-f1-75-prepara-estreia-lewis-hamilton-22-janeiro-fiorano\/\">Ferrari escolhe F1-75 e prepara estreia de Hamilton para 22 de janeiro em Fiorano<\/a><\/strong><\/p>\n\n\n\n<figure class=\"wp-block-embed is-type-video is-provider-youtube wp-block-embed-youtube wp-embed-aspect-16-9 wp-has-aspect-ratio\"><div class=\"wp-block-embed__wrapper\">\n<iframe loading=\"lazy\" title=\"DRUGOVICH SEGUE NA ASTON MARTIN + HAMILTON COM DATA PARA ESTREAR | Paddock Sprint\" width=\"500\" height=\"281\" src=\"https:\/\/www.youtube.com\/embed\/GYMW0vP8ArQ?feature=oembed\" frameborder=\"0\" allow=\"accelerometer; autoplay; clipboard-write; encrypted-media; gyroscope; picture-in-picture; web-share\" referrerpolicy=\"strict-origin-when-cross-origin\" allowfullscreen><\/iframe>\n<\/div><figcaption class=\"wp-element-caption\">DRUGOVICH SEGUE NA ASTON MARTIN + HAMILTON COM DATA PARA ESTREAR | Paddock Sprint<\/figcaption><\/figure>\n","protected":false},"excerpt":{"rendered":"<p>Jonathan Wheatley se entendeu com Red Bull e encurtou violentamente o per\u00edodo de car\u00eancia na F1 para assumir o cargo de chefe de equipe da Sauber\/Audi j\u00e1 em 2025<\/p>\n","protected":false},"author":0,"featured_media":1000849570,"comment_status":"closed","ping_status":"closed","sticky":false,"template":"","format":"standard","meta":{"42wp_featured_image_caption":"","42wp_featured_image_credits":"","42wp_featured_video":"","42wp_featured_image_hidden":false,"42wp_authors_list":[],"footnotes":""},"categories":[2],"tags":[970,26000,5660,3630,642,21324,204,27332,27716,1197,16330,37695],"42wp_author":[47120],"class_list":["post-35755","post","type-post","status-publish","format-standard","has-post-thumbnail","hentry","category-f1","tag-audi","tag-audiencia-da-tv","tag-classificacao","tag-f1-2025","tag-f1-ao-vivo","tag-jonathan-wheatley","tag-red-bull","tag-red-bull-f1","tag-red-bull-formula-1","tag-sauber","tag-sauber-f1","tag-sauber-formula-1","42wp_author-pedro-henrique-marum"],"_links":{"self":[{"href":"https:\/\/grandepremio.com\/br\/wp-json\/wp\/v2\/posts\/35755","targetHints":{"allow":["GET"]}}],"collection":[{"href":"https:\/\/grandepremio.com\/br\/wp-json\/wp\/v2\/posts"}],"about":[{"href":"https:\/\/grandepremio.com\/br\/wp-json\/wp\/v2\/types\/post"}],"replies":[{"embeddable":true,"href":"https:\/\/grandepremio.com\/br\/wp-json\/wp\/v2\/comments?post=35755"}],"version-history":[{"count":0,"href":"https:\/\/grandepremio.com\/br\/wp-json\/wp\/v2\/posts\/35755\/revisions"}],"wp:featuredmedia":[{"embeddable":true,"href":"https:\/\/grandepremio.com\/br\/wp-json\/wp\/v2\/media\/1000849570"}],"wp:attachment":[{"href":"https:\/\/grandepremio.com\/br\/wp-json\/wp\/v2\/media?parent=35755"}],"wp:term":[{"taxonomy":"category","embeddable":true,"href":"https:\/\/grandepremio.com\/br\/wp-json\/wp\/v2\/categories?post=35755"},{"taxonomy":"post_tag","embeddable":true,"href":"https:\/\/grandepremio.com\/br\/wp-json\/wp\/v2\/tags?post=35755"},{"taxonomy":"42wp_author","embeddable":true,"href":"https:\/\/grandepremio.com\/br\/wp-json\/wp\/v2\/42wp_author?post=35755"}],"curies":[{"name":"wp","href":"https:\/\/api.w.org\/{rel}","templated":true}]}}