{"id":36206,"date":"2025-01-11T13:39:14","date_gmt":"2025-01-11T16:39:14","guid":{"rendered":"https:\/\/grandepremio.com\/br\/noticias\/dakar-medidas-seguranca-encurta-7a-etapa-deslocamento-helicopteros\/"},"modified":"2025-01-11T16:17:53","modified_gmt":"2025-01-11T19:17:53","slug":"dakar-medidas-seguranca-encurta-7a-etapa-deslocamento-helicopteros","status":"publish","type":"post","link":"https:\/\/grandepremio.com\/br\/rally\/dakar-medidas-seguranca-encurta-7a-etapa-deslocamento-helicopteros\/","title":{"rendered":"Dakar toma medidas de seguran\u00e7a e encurta 7\u00aa etapa por deslocamento de helic\u00f3pteros"},"content":{"rendered":"\n<p class=\"wp-block-paragraph\">A s\u00e9tima etapa do <strong>Rali Dakar<\/strong> 2025 vai passar por algumas modifica\u00e7\u00f5es por motivos de seguran\u00e7a. Com a previs\u00e3o apontando para chuva forte na regi\u00e3o de <strong>Al Duwadimi<\/strong> no pr\u00f3ximo domingo (12), e a necessidade de fazer o deslocamento dos helic\u00f3pteros, a organiza\u00e7\u00e3o do evento optou por adiar o in\u00edcio da especial e tamb\u00e9m encurtou o percurso.&nbsp;<\/p>\n\n\n\n<p class=\"wp-block-paragraph\">A medida foi tomada pela organiza\u00e7\u00e3o do <strong>Dakar <\/strong>principalmente para que os helic\u00f3pteros de seguran\u00e7a pudessem ser colocados em suas respectivas posi\u00e7\u00f5es a tempo antes da atividade ter in\u00edcio. Al\u00e9m disso, diferente de como ocorreu nas outras etapas, os carros e as motos v\u00e3o seguir em rotas completamente separadas.<\/p>\n\n\n\n<p class=\"wp-block-paragraph\">\u201cOs helic\u00f3pteros respons\u00e1veis pela seguran\u00e7a da corrida foram acionados diversas vezes durante a sexta etapa, ent\u00e3o eles ter\u00e3o de permanecer no percurso da especial de s\u00e1bado (11) nesta noite\u201d, informou o comunicado do <strong>Dakar<\/strong>.<\/p>\n\n\n\n<p class=\"wp-block-paragraph\">\u201cComo resultado, o in\u00edcio da etapa 7 ser\u00e1 atrasado um pouco para dar tempo suficiente para que os helic\u00f3pteros cheguem \u00e0s suas posi\u00e7\u00f5es amanh\u00e3 de manh\u00e3. Os inscritos seguir\u00e3o um trecho de estrada de 188 km at\u00e9 o novo local de largada. A especial de motos ser\u00e1 de 411 km. Os carros e caminh\u00f5es correr\u00e3o por 418 km\u201d, concluiu o comunicado do <strong>Dakar<\/strong>.<\/p>\n\n\n\n<figure class=\"wp-block-image size-large\"><img decoding=\"async\" src=\"https:\/\/www.grandepremio.com\/br\/wp-content\/uploads\/2025\/01\/Adrien-Van-Beveren-1200x800.jpg\" alt=\"\" class=\"wp-image-917276\"\/><figcaption class=\"wp-element-caption\">A especial de motos ser\u00e1 de 411 km no domingo (Foto: Honda)<\/figcaption><\/figure>\n\n\n\n<p class=\"wp-block-paragraph\"><strong>Bradley Cox<\/strong> e <strong>Ross Branch<\/strong>, que competem na categoria de motos, al\u00e9m de <strong>Guerlain Chicherit<\/strong>, dos carros, sofreram acidentes e fizeram com que os helic\u00f3pteros de seguran\u00e7a fossem acionados durante a etapa 6. <strong>Cox <\/strong>e <strong>Branch <\/strong>ainda tiveram de ser levados para o hospital.<\/p>\n\n\n\n<p class=\"wp-block-paragraph\">O Dakar permanece em Al Duwadimi neste domingo (12), em um percurso que sai e volta para o mesmo local. Os competidores v\u00e3o encarar um trecho cronometrado de 419 km, al\u00e9m de outros 297 km de deslocamento. O\u00a0<strong>GRANDE PR\u00caMIO\u00a0<\/strong>faz a cobertura completa de todas as classes do evento.<\/p>\n\n\n\n<p class=\"wp-block-paragraph\">\u27a1\u00a0<strong>Inscreva-se nos dois canais do GRANDE PR\u00caMIO no YouTube:\u00a0<a href=\"https:\/\/www.youtube.com\/channel\/UC9OlHEgxoaY6QY6nWPoiqQg?sub_confirmation=1\" target=\"_blank\" rel=\"noreferrer noopener\">GP<\/a>\u00a0|\u00a0<a href=\"https:\/\/www.youtube.com\/channel\/UC9csiS6q_C3C0FYhyr1rnFA?sub_confirmation=1\" target=\"_blank\" rel=\"noreferrer noopener\">GP2<\/a><\/strong><\/p>\n","protected":false},"excerpt":{"rendered":"<p>Os helic\u00f3pteros foram acionados in\u00fameras vezes durante a sexta etapa do Dakar 2025 e, por isso, n\u00e3o tiveram tempo para se colocarem em posi\u00e7\u00e3o em Al Duwadimi, local da s\u00e9tima etapa<\/p>\n","protected":false},"author":0,"featured_media":1000917518,"comment_status":"closed","ping_status":"closed","sticky":false,"template":"","format":"standard","meta":{"42wp_featured_image_caption":"","42wp_featured_image_credits":"","42wp_featured_video":"","42wp_featured_image_hidden":false,"42wp_authors_list":[],"footnotes":""},"categories":[5],"tags":[853,1491,28285,618,41689],"42wp_author":[47149],"class_list":["post-36206","post","type-post","status-publish","format-standard","has-post-thumbnail","hentry","category-rally","tag-dakar","tag-grande-premio","tag-grandepremio","tag-rali-dakar","tag-rali-dakar-2025","42wp_author-bernardo-castro"],"_links":{"self":[{"href":"https:\/\/grandepremio.com\/br\/wp-json\/wp\/v2\/posts\/36206","targetHints":{"allow":["GET"]}}],"collection":[{"href":"https:\/\/grandepremio.com\/br\/wp-json\/wp\/v2\/posts"}],"about":[{"href":"https:\/\/grandepremio.com\/br\/wp-json\/wp\/v2\/types\/post"}],"replies":[{"embeddable":true,"href":"https:\/\/grandepremio.com\/br\/wp-json\/wp\/v2\/comments?post=36206"}],"version-history":[{"count":0,"href":"https:\/\/grandepremio.com\/br\/wp-json\/wp\/v2\/posts\/36206\/revisions"}],"wp:featuredmedia":[{"embeddable":true,"href":"https:\/\/grandepremio.com\/br\/wp-json\/wp\/v2\/media\/1000917518"}],"wp:attachment":[{"href":"https:\/\/grandepremio.com\/br\/wp-json\/wp\/v2\/media?parent=36206"}],"wp:term":[{"taxonomy":"category","embeddable":true,"href":"https:\/\/grandepremio.com\/br\/wp-json\/wp\/v2\/categories?post=36206"},{"taxonomy":"post_tag","embeddable":true,"href":"https:\/\/grandepremio.com\/br\/wp-json\/wp\/v2\/tags?post=36206"},{"taxonomy":"42wp_author","embeddable":true,"href":"https:\/\/grandepremio.com\/br\/wp-json\/wp\/v2\/42wp_author?post=36206"}],"curies":[{"name":"wp","href":"https:\/\/api.w.org\/{rel}","templated":true}]}}