{"id":36242,"date":"2025-01-11T04:00:00","date_gmt":"2025-01-11T07:00:00","guid":{"rendered":"https:\/\/grandepremio.com\/br\/noticias\/aston-martin-recusa-amadurecer-vive-bale-mao-inquieta-lawrence-stroll\/"},"modified":"2025-01-11T10:22:30","modified_gmt":"2025-01-11T13:22:30","slug":"aston-martin-recusa-amadurecer-vive-bale-mao-inquieta-lawrence-stroll","status":"publish","type":"post","link":"https:\/\/grandepremio.com\/br\/f1\/aston-martin-recusa-amadurecer-vive-bale-mao-inquieta-lawrence-stroll\/","title":{"rendered":"Aston Martin se recusa a amadurecer e vive bal\u00e9 da m\u00e3o inquieta de Lawrence Stroll"},"content":{"rendered":"\n<p class=\"wp-block-paragraph\">Quando <strong>Lawrence Stroll<\/strong> adquiriu a antiga <strong>Force India<\/strong>, ent\u00e3o em grave crise financeira, em meados de 2018, e transformou na <strong>Racing Point<\/strong>, a promessa de investimento e virada hist\u00f3rica sempre esteve em riste. O desejo de se firmar como for\u00e7a superior se engrandeceu a partir do momento em que o magnata canadense se tornou dono tamb\u00e9m da <strong>Aston Martin<\/strong> e anunciou que a equipe de F1 passaria a encampar batismo e hist\u00f3ria da companhia inglesa. O tempo passou e a Aston Martin continua em constante estado de corrida em esteira, onde o fim nunca se aproxima.<\/p>\n\n\n\n<p class=\"wp-block-paragraph\">Na \u00faltima sexta-feira, a <strong><a href=\"https:\/\/www.grandepremio.com\/br\/f1\/noticias\/aston-martin-mudanca-tira-mike-krack-cargo-chefe-equipe-formula-1\/\">Aston Martin anunciou a troca na chefia da equipe<\/a><\/strong>. <strong>Mike Krack<\/strong> sai de cena ap\u00f3s o 2024 dif\u00edcil do time ingl\u00eas e d\u00e1 o cargo a <strong>Andy Cowell<\/strong>, ex-<strong>Mercedes<\/strong> e veterano da <strong>Cosworth<\/strong>, meses atr\u00e1s contratado para ser CEO, numa posi\u00e7\u00e3o evidentemente de supervis\u00e3o a todas as opera\u00e7\u00f5es do grupo.<\/p>\n\n\n\n<p class=\"wp-block-paragraph\">Assim, a Aston Martin ter\u00e1 o terceiro chefe de equipe desde 2021, quando passou a ser Aston Martin com nomes e cores. <strong>Otmar Szafnauer<\/strong> foi o chefe por anos na era Force India, quando a continuidade dava frutos mesmo em meio ao absoluto caos financeiro. N\u00e3o durou mais que um ano e saiu dizendo que a liberdade de tomar decis\u00f5es fora picotada pela abordagem de Lawrence Stroll.<\/p>\n\n\n\n<p class=\"wp-block-paragraph\">Krack <strong><a href=\"https:\/\/www.grandepremio.com\/br\/f1\/noticias\/aston-martin-anuncia-ex-bmw-mike-krack-novo-chefe-equipe-f1\/\">foi trazido como nome de peso<\/a><\/strong> vindo com experi\u00eancia da <strong>BMW<\/strong> e do grupo <strong>Volkswagen<\/strong> em janeiro de 2022 e esteve \u00e0 frente da equipe no sucesso inesperado de 2023. N\u00e3o resistiu ao fracasso t\u00e3o surpreendente quanto do ano seguinte. Agora, vira diretor de pista, sabe-se l\u00e1 o que esse cargo representa.<\/p>\n\n\n\n<figure class=\"wp-block-image size-large\"><img decoding=\"async\" src=\"https:\/\/www.grandepremio.com\/br\/wp-content\/uploads\/2023\/05\/mike-krack-1024x576.png\" alt=\"\" class=\"wp-image-686030\"\/><figcaption class=\"wp-element-caption\">Mike Krack, agora ex-chefe da Aston Martin (Foto: Aston Martin)<\/figcaption><\/figure>\n\n\n\n<p class=\"wp-block-paragraph\">O pr\u00f3prio Cowell \u00e9 o segundo CEO da era Aston Martin, substituindo <strong>Martin Whitmarsh<\/strong>, trazido em 2021 para ser quem acertaria as estruturas da casa nos anos seguintes. Embora a sa\u00edda do antigo chef\u00e3o da <strong>McLaren<\/strong> tenha sido pintada com verniz de decis\u00e3o m\u00fatua, trata-se de mais uma indica\u00e7\u00e3o de como as coisas s\u00e3o tratadas a portas fechadas em <strong>Silverstone<\/strong>.<\/p>\n\n\n\n<p class=\"wp-block-paragraph\">A rota\u00e7\u00e3o nos principais postos n\u00e3o se restringe apenas a essas. <strong>Dan Fallows<\/strong>, contratado a peso de ouro junto \u00e0 Red Bull para ser diretor-t\u00e9cnico e destacado como grande maestro do sucesso de 2023, foi outro a <strong><a href=\"https:\/\/www.grandepremio.com\/br\/f1\/noticias\/aston-martin-reestrutura-equipe-anuncia-saida-imediata-atual-diretor-tecnico-f1\/\">sofrer uma rasteira e deixar a chefia t\u00e9cnica no fim do ano passado<\/a><\/strong>. Para que Fallows fosse liberado pela Red Bull, a Aston Martin precisou ir \u00e0 justi\u00e7a e, mesmo assim, fez quest\u00e3o de n\u00e3o dar voto de confian\u00e7a algum. <strong>Bob Bell e Enrico Cardile<\/strong>, <strong><a href=\"https:\/\/www.grandepremio.com\/br\/f1\/noticias\/aston-martin-confirma-expectativa-anuncia-enrico-cardile-diretor-tecnico-f1\/\">trazido com destaque<\/a><\/strong> da <strong>Ferrari<\/strong>, agora tocam a pasta. Que, claro, tamb\u00e9m ter\u00e1 o projetista <strong>Adrian Newey<\/strong> a partir deste ano.<\/p>\n\n\n\n<p class=\"wp-block-paragraph\">O leitor pode argumentar que se trata de uma postura de um dono disposto a cortar na carne, sem deixar profissionais que n\u00e3o est\u00e3o aptos a representar a equipe causarem preju\u00edzos. Mas se todos os profissionais que voc\u00ea mesmo escolheu para as posi\u00e7\u00f5es mais importantes da sua companhia se provam, em dois ou tr\u00eas anos, escolhas ruins, o que isso diz sobre voc\u00ea? O que isso diz sobre Lawrence Stroll?<\/p>\n\n\n\n<p class=\"wp-block-paragraph\">Todas essas mudan\u00e7as, chegadas e sa\u00eddas, durante o per\u00edodo em que a moderniza\u00e7\u00e3o, revolu\u00e7\u00e3o, at\u00e9, da f\u00e1brica estava em curso. O projeto, iniciado anos atr\u00e1s, finalmente termina nos pr\u00f3ximos meses, com direito a t\u00fanel de vento. Tudo para ser utilizado visando 2026, quando a <strong>Honda<\/strong> chega como fornecedora parceira e exclusiva de motores. Mas vai chegar com novatos &#8211; dentro da equipe &#8211; em quase todas as \u00e1reas principais.<\/p>\n\n\n\n<figure class=\"wp-block-image size-large\"><img decoding=\"async\" src=\"https:\/\/www.grandepremio.com\/br\/wp-content\/uploads\/2024\/12\/abu-dhabi-2024-f1-classificacao-aston-martin-lance-stroll-afp-01-1200x800.jpg\" alt=\"\" class=\"wp-image-907095\"\/><figcaption class=\"wp-element-caption\">Lance Stroll \u00e9 o \u00fanico a salvo na Aston Martin (Foto: AFP) <\/figcaption><\/figure>\n\n\n\n<p class=\"wp-block-paragraph\">A absoluta aus\u00eancia de continuidade para quem toma decis\u00f5es bate cabe\u00e7a com a paci\u00eancia infinita com <strong>Lance Stroll<\/strong> no cockpit. O filho do dono da equipe \u00e9 o sexto piloto com mais corridas no grid atual da F1 gra\u00e7as ao dois anos de Williams em que Lawrence praticamente arrendou a companhia e os sete anos completas como filho do dono na Racing Point\/Aston Martin. Per\u00edodo durante o que o canadense conseguiu mostrar apenas que \u00e9 um piloto med\u00edocre que jamais deveria ser a 10 anos de F1, sobretudo tanto tempo num carro competitivo.<\/p>\n\n\n\n<p class=\"wp-block-paragraph\">\u00c9 bom recordar daquilo que Szafnauer, \u00fanico que falou sobre a sa\u00edda at\u00e9 hoje, <strong><a href=\"https:\/\/www.grandepremio.com\/br\/f1\/noticias\/otmar-szafnauer-conflito-dono-aston-martin\/\">explicou sobre a decis\u00e3o<\/a><\/strong>. &#8220;Um amigo meu me disse: a Igreja Cat\u00f3lica s\u00f3 tem um papa. <strong>E quando voc\u00ea tem dois papas, n\u00e3o d\u00e1 certo. Ent\u00e3o acho que era hora de sair e deixar a Aston Martin para seu \u00fanico papa<\/strong>&#8220;, falou.<\/p>\n\n\n\n<p class=\"wp-block-paragraph\">Lawrence Stroll n\u00e3o esconde que \u00e9 um dono que gosta de participar no dia a dia. A quest\u00e3o \u00e9 que os investimentos de m\u00e9dio e longo prazo em infraestrutura pensados a partir de 2018 n\u00e3o coincidem com a pressa para os resultados. Sem continuidade n\u00e3o h\u00e1 sucesso perene, n\u00e3o h\u00e1 norte a ser seguido. H\u00e1 apenas a aleatoriedade dos acontecimentos seguintes. \u00c9 poss\u00edvel at\u00e9 ver algum sucesso desta forma, mas ser\u00e1 sempre curto e insustent\u00e1vel.<\/p>\n\n\n\n<p class=\"wp-block-paragraph\">A inquietude irrespons\u00e1vel de Stroll torna a realidade da Aston Martin uma grande corrida em esteira: sempre em velocidade, sempre fazendo esfor\u00e7o, mas nunca mais pr\u00f3xima do destino final. A equipe corre sem sair do lugar e vive num bal\u00e9 regido pelo humor de um rica\u00e7o. Apesar de Fernando Alonso, a Aston Martin se converte num time opaco. A equipe mais mimada da F1, representada pelo dono perdido e pelo filho dele, o dono da bola. Um desperd\u00edcio de hist\u00f3ria.<\/p>\n\n\n\n<p class=\"wp-block-paragraph\">A\u00a0<a href=\"https:\/\/www.grandepremio.com\/br\/f1\/\" target=\"_blank\" rel=\"noreferrer noopener\"><\/a><a href=\"https:\/\/www.grandepremio.com\/br\/f1\/\" target=\"_blank\" rel=\"noreferrer noopener\">F\u00f3rmula 1<\/a>\u00a0est\u00e1 de f\u00e9rias. A pr\u00f3xima atividade \u00e9 exatamente a sess\u00e3o de testes coletivos de pr\u00e9-temporada, marcada para os dias 26, 27 e 28 de fevereiro, no\u00a0<strong>Bahrein<\/strong>. A temporada 2025 come\u00e7a com o\u00a0<strong>GP da Austr\u00e1lia<\/strong>, entre os dias 14 e 16 de mar\u00e7o.<a href=\"https:\/\/www.grandepremio.com\/br\/chefao\/\" target=\"_blank\" rel=\"noreferrer noopener\"><\/a><\/p>\n\n\n\n<p class=\"wp-block-paragraph\">\u25b6\ufe0f <strong>Inscreva-se nos dois canais do GRANDE PR\u00caMIO no YouTube:\u00a0<a href=\"https:\/\/www.youtube.com\/channel\/UC9OlHEgxoaY6QY6nWPoiqQg?sub_confirmation=1\" target=\"_blank\" rel=\"noreferrer noopener\">GP<\/a>\u00a0|\u00a0<a href=\"https:\/\/www.youtube.com\/channel\/UC9csiS6q_C3C0FYhyr1rnFA?sub_confirmation=1\" target=\"_blank\" rel=\"noreferrer noopener\">GP2<\/a><\/strong><br>\u25b6\ufe0f <strong>LEIA TAMB\u00c9M:<\/strong> <strong><a href=\"https:\/\/www.grandepremio.com\/br\/f1\/noticias\/mattia-binotto-cita-contratacao-gabriel-bortoleto-sauber-direcao-certa-pensamos-grande\/\">Binotto cita Bortoleto e v\u00ea Sauber na dire\u00e7\u00e3o certa: \u201cPensamos grande\u201d<\/a><\/strong><\/p>\n\n\n\n<figure class=\"wp-block-embed is-type-video is-provider-youtube wp-block-embed-youtube wp-embed-aspect-16-9 wp-has-aspect-ratio\"><div class=\"wp-block-embed__wrapper\">\n<iframe loading=\"lazy\" title=\"COLAPINTO VIRA RESERVA DA ALPINE E ACERTA EM MUDAN\u00c7A NA CARREIRA\" width=\"500\" height=\"281\" src=\"https:\/\/www.youtube.com\/embed\/OqBHEzKHLks?feature=oembed\" frameborder=\"0\" allow=\"accelerometer; autoplay; clipboard-write; encrypted-media; gyroscope; picture-in-picture; web-share\" referrerpolicy=\"strict-origin-when-cross-origin\" allowfullscreen><\/iframe>\n<\/div><figcaption class=\"wp-element-caption\">COLAPINTO VIRA RESERVA DA ALPINE E ACERTA EM MUDAN\u00c7A NA CARREIRA<\/figcaption><\/figure>\n","protected":false},"excerpt":{"rendered":"<p>Desde a esperada transi\u00e7\u00e3o para Aston Martin, equipe se recusa a viver continuidade vive em reconstru\u00e7\u00e3o que nunca termina, fruto da abordagem do homem que paga os sal\u00e1rios<\/p>\n","protected":false},"author":0,"featured_media":1000777601,"comment_status":"closed","ping_status":"closed","sticky":false,"template":"","format":"standard","meta":{"42wp_featured_image_caption":"","42wp_featured_image_credits":"","42wp_featured_video":"","42wp_featured_image_hidden":false,"42wp_authors_list":[],"footnotes":""},"categories":[2],"tags":[303,27776,34186,27487,42208,30820,33324,26000,27773,38654,39086,41965,30560,5660,8235,41950,3630,642,11958,41966,454,30559],"42wp_author":[47120],"class_list":["post-36242","post","type-post","status-publish","format-standard","has-post-thumbnail","hentry","category-f1","tag-andy-cowell","tag-assistir-f1-ao-vivo","tag-assistir-f1-gratis","tag-assistir-f1-online","tag-aston-martin-2025","tag-aston-martin-f1","tag-aston-martin-formula-1","tag-audiencia-da-tv","tag-audiencia-f1","tag-audiencia-f1-tv","tag-calendario-f1-2025","tag-calendario-f1-2025-horarios","tag-chefe-aston-martin","tag-classificacao","tag-classificacao-da-f1","tag-classificacao-f1-2025","tag-f1-2025","tag-f1-ao-vivo","tag-f1-live","tag-f1-tv-2025","tag-lawrence-stroll","tag-mike-krack","42wp_author-pedro-henrique-marum"],"_links":{"self":[{"href":"https:\/\/grandepremio.com\/br\/wp-json\/wp\/v2\/posts\/36242","targetHints":{"allow":["GET"]}}],"collection":[{"href":"https:\/\/grandepremio.com\/br\/wp-json\/wp\/v2\/posts"}],"about":[{"href":"https:\/\/grandepremio.com\/br\/wp-json\/wp\/v2\/types\/post"}],"replies":[{"embeddable":true,"href":"https:\/\/grandepremio.com\/br\/wp-json\/wp\/v2\/comments?post=36242"}],"version-history":[{"count":0,"href":"https:\/\/grandepremio.com\/br\/wp-json\/wp\/v2\/posts\/36242\/revisions"}],"wp:featuredmedia":[{"embeddable":true,"href":"https:\/\/grandepremio.com\/br\/wp-json\/wp\/v2\/media\/1000777601"}],"wp:attachment":[{"href":"https:\/\/grandepremio.com\/br\/wp-json\/wp\/v2\/media?parent=36242"}],"wp:term":[{"taxonomy":"category","embeddable":true,"href":"https:\/\/grandepremio.com\/br\/wp-json\/wp\/v2\/categories?post=36242"},{"taxonomy":"post_tag","embeddable":true,"href":"https:\/\/grandepremio.com\/br\/wp-json\/wp\/v2\/tags?post=36242"},{"taxonomy":"42wp_author","embeddable":true,"href":"https:\/\/grandepremio.com\/br\/wp-json\/wp\/v2\/42wp_author?post=36242"}],"curies":[{"name":"wp","href":"https:\/\/api.w.org\/{rel}","templated":true}]}}