{"id":36296,"date":"2025-01-10T11:39:12","date_gmt":"2025-01-10T14:39:12","guid":{"rendered":"https:\/\/grandepremio.com\/br\/noticias\/pai-max-verstappen-nega-abandono-posto-diz-nao-conversamos-uma-semana\/"},"modified":"2025-01-10T12:41:59","modified_gmt":"2025-01-10T15:41:59","slug":"pai-max-verstappen-nega-abandono-posto-diz-nao-conversamos-uma-semana","status":"publish","type":"post","link":"https:\/\/grandepremio.com\/br\/f1\/pai-max-verstappen-nega-abandono-posto-diz-nao-conversamos-uma-semana\/","title":{"rendered":"Pai de Verstappen nega abandono em posto, mas diz: \u201cN\u00e3o conversamos por uma semana\u201d"},"content":{"rendered":"\n<p class=\"wp-block-paragraph\"><strong>Jos Verstappen<\/strong>, pai de <strong>Max<\/strong>, \u00e9 ex-piloto de<strong> F\u00f3rmula 1<\/strong> e teve um papel fundamental na forma\u00e7\u00e3o do tetracampe\u00e3o como piloto. Mas o tutor tamb\u00e9m \u00e9 conhecido por ter um temperamento explosivo e, em 2022, o #1 revelou que em um dos momentos de tens\u00e3o foi abandonado pelo pr\u00f3prio pai em um posto de gasolina na <strong>It\u00e1lia<\/strong>. <strong>Jos<\/strong>, no entanto, se retratou sobre o assunto e disse que a hist\u00f3ria n\u00e3o foi bem assim, embora tenha ficado uma semana sem conversar com o filho.<\/p>\n\n\n\n<p class=\"wp-block-paragraph\">Quando ainda estava disputando campeonatos de <strong>Kart <\/strong>na <strong>Europa<\/strong>, <strong>Max <\/strong>teve um desempenho ruim em uma corrida e estava voltando para casa com <strong>Jos<\/strong>, que ficou extremamente frustrado com o resultado. <strong>Verstappen <\/strong>disse que tentou explicar a situa\u00e7\u00e3o, mas seu pai n\u00e3o queria conversa. Por isso, parou a van em um posto de gasolina na estrada no sul da <strong>It\u00e1lia <\/strong>e mandou o #1 descer.<\/p>\n\n\n\n<p class=\"wp-block-paragraph\"><strong>Max <\/strong>contou que teve de ligar para a m\u00e3e para poder voltar para casa, mas um tempo depois o pai retornou e disse que \u201cn\u00e3o queria ouvir mais nada\u201d. Mas de acordo com <strong>Jos<\/strong>, a hist\u00f3ria n\u00e3o \u00e9 exatamente assim.<\/p>\n\n\n\n<p class=\"wp-block-paragraph\">\u201cAcho que \u00e9 hora de esclarecer essa hist\u00f3ria. A verdade \u00e9: eu n\u00e3o o deixei l\u00e1, s\u00f3 n\u00e3o falei com ele por uma semana. Isso foi muito duro? N\u00e3o de acordo com <strong>Max<\/strong>. Ele sentiu que minha atitude o preparou melhor para a F\u00f3rmula 1\u201d, disse <strong>Jos<\/strong>.&nbsp;<\/p>\n\n\n\n<figure class=\"wp-block-image size-full\"><img decoding=\"async\" src=\"https:\/\/www.grandepremio.com\/br\/wp-content\/uploads\/2024\/06\/SI202311240652-1.jpg\" alt=\"\" class=\"wp-image-833518\"\/><figcaption class=\"wp-element-caption\">Apesar dos atritos na inf\u00e2ncia, Max tem uma boa rela\u00e7\u00e3o com Jos (Foto: Red Bull Content Pool)<\/figcaption><\/figure>\n\n\n\n<p class=\"wp-block-paragraph\">\u201c\u00c9 por isso que lidar com <strong>Helmut Marko<\/strong>, que tamb\u00e9m \u00e9 conhecido como um cara extremamente dur\u00e3o, n\u00e3o o incomoda. Ele tamb\u00e9m aprecia o fato de termos continuado treinando com o kart em pneus secos em uma pista molhada. S\u00f3 sinto gratid\u00e3o dele quando se trata de sua inf\u00e2ncia comigo\u201d, finalizou <strong>Verstappen<\/strong>.&nbsp;<\/p>\n\n\n\n<p class=\"wp-block-paragraph\">A&nbsp;<a href=\"https:\/\/www.grandepremio.com\/br\/f1\/\" target=\"_blank\" rel=\"noreferrer noopener\"><\/a><a href=\"https:\/\/www.grandepremio.com\/br\/f1\/\" target=\"_blank\" rel=\"noreferrer noopener\">F\u00f3rmula 1<\/a>&nbsp;est\u00e1 oficialmente de f\u00e9rias. A pr\u00f3xima atividade \u00e9 exatamente a sess\u00e3o de testes coletivos de pr\u00e9-temporada, marcada para os dias 26, 27 e 28 de fevereiro, no&nbsp;<strong>Bahrein<\/strong>. A temporada 2025 come\u00e7a com o&nbsp;<strong>GP da Austr\u00e1lia<\/strong>, entre os dias 14 e 16 de mar\u00e7o.<\/p>\n\n\n\n<p class=\"wp-block-paragraph\"><strong>Inscreva-se nos dois canais do GRANDE PR\u00caMIO no YouTube:&nbsp;<a href=\"https:\/\/www.youtube.com\/channel\/UC9OlHEgxoaY6QY6nWPoiqQg?sub_confirmation=1\" target=\"_blank\" rel=\"noreferrer noopener\">GP<\/a>&nbsp;|&nbsp;<a href=\"https:\/\/www.youtube.com\/channel\/UC9csiS6q_C3C0FYhyr1rnFA?sub_confirmation=1\" target=\"_blank\" rel=\"noreferrer noopener\">GP2<\/a><\/strong><\/p>\n\n\n\n<figure class=\"wp-block-embed is-type-video is-provider-youtube wp-block-embed-youtube wp-embed-aspect-16-9 wp-has-aspect-ratio\"><div class=\"wp-block-embed__wrapper\">\n<iframe loading=\"lazy\" title=\"VERSTAPPEN PASSA DO PONTO AO ADMITIR INTEN\u00c7\u00c3O EM DISPUTAS COM NORRIS\" width=\"500\" height=\"281\" src=\"https:\/\/www.youtube.com\/embed\/icFGCtpVHSI?feature=oembed\" frameborder=\"0\" allow=\"accelerometer; autoplay; clipboard-write; encrypted-media; gyroscope; picture-in-picture; web-share\" referrerpolicy=\"strict-origin-when-cross-origin\" allowfullscreen><\/iframe>\n<\/div><\/figure>\n","protected":false},"excerpt":{"rendered":"<p>Jos Verstappen disse que n\u00e3o deixou Max abandonado em um posto de gasolina, mas disse que ficou frustrado com o resultado do filho no kart e n\u00e3o conversou com o #1 por uma semana<\/p>\n","protected":false},"author":0,"featured_media":1000807804,"comment_status":"closed","ping_status":"closed","sticky":false,"template":"","format":"standard","meta":{"42wp_featured_image_caption":"","42wp_featured_image_credits":"","42wp_featured_video":"","42wp_featured_image_hidden":false,"42wp_authors_list":[],"footnotes":""},"categories":[2],"tags":[1491,28285,2569,203,204,27332,9685],"42wp_author":[47149],"class_list":["post-36296","post","type-post","status-publish","format-standard","has-post-thumbnail","hentry","category-f1","tag-grande-premio","tag-grandepremio","tag-jos-verstappen","tag-max-verstappen","tag-red-bull","tag-red-bull-f1","tag-verstappen","42wp_author-bernardo-castro"],"_links":{"self":[{"href":"https:\/\/grandepremio.com\/br\/wp-json\/wp\/v2\/posts\/36296","targetHints":{"allow":["GET"]}}],"collection":[{"href":"https:\/\/grandepremio.com\/br\/wp-json\/wp\/v2\/posts"}],"about":[{"href":"https:\/\/grandepremio.com\/br\/wp-json\/wp\/v2\/types\/post"}],"replies":[{"embeddable":true,"href":"https:\/\/grandepremio.com\/br\/wp-json\/wp\/v2\/comments?post=36296"}],"version-history":[{"count":0,"href":"https:\/\/grandepremio.com\/br\/wp-json\/wp\/v2\/posts\/36296\/revisions"}],"wp:featuredmedia":[{"embeddable":true,"href":"https:\/\/grandepremio.com\/br\/wp-json\/wp\/v2\/media\/1000807804"}],"wp:attachment":[{"href":"https:\/\/grandepremio.com\/br\/wp-json\/wp\/v2\/media?parent=36296"}],"wp:term":[{"taxonomy":"category","embeddable":true,"href":"https:\/\/grandepremio.com\/br\/wp-json\/wp\/v2\/categories?post=36296"},{"taxonomy":"post_tag","embeddable":true,"href":"https:\/\/grandepremio.com\/br\/wp-json\/wp\/v2\/tags?post=36296"},{"taxonomy":"42wp_author","embeddable":true,"href":"https:\/\/grandepremio.com\/br\/wp-json\/wp\/v2\/42wp_author?post=36296"}],"curies":[{"name":"wp","href":"https:\/\/api.w.org\/{rel}","templated":true}]}}