{"id":36552,"date":"2025-01-08T06:00:00","date_gmt":"2025-01-08T09:00:00","guid":{"rendered":"https:\/\/grandepremio.com\/br\/noticias\/formula-e-expande-parceria-anuncia-novo-acordo-plurianual-google-cloud\/"},"modified":"2025-01-07T16:45:29","modified_gmt":"2025-01-07T19:45:29","slug":"formula-e-expande-parceria-anuncia-novo-acordo-plurianual-google-cloud","status":"publish","type":"post","link":"https:\/\/grandepremio.com\/br\/formula-e\/formula-e-expande-parceria-anuncia-novo-acordo-plurianual-google-cloud\/","title":{"rendered":"F\u00f3rmula E expande parceria e anuncia novo acordo plurianual com Google Cloud"},"content":{"rendered":"\n<p class=\"wp-block-paragraph\">A <strong>F\u00f3rmula E<\/strong> anunciou nesta quarta-feira (8) um acordo para expandir a parceria com o <strong>Google Cloud<\/strong>. O novo v\u00ednculo plurianual coloca a empresa norte-americana como a parceira oficial de servi\u00e7os de tecnologia e seguran\u00e7a em nuvem da categoria de monopostos el\u00e9tricos.<\/p>\n\n\n\n<p class=\"wp-block-paragraph\">No an\u00fancio da nova parceria, a F\u00f3rmula E destacou que j\u00e1 estava utilizando as plataformas da empresa, como o pr\u00f3prio Google Cloud, mas tamb\u00e9m o Google Workspace, e pontuou que pretende expandir para novas frentes o acordo.\u00a0<\/p>\n\n\n\n<p class=\"wp-block-paragraph\">Uma das principais novidades, segundo a categoria, ser\u00e1 a continua\u00e7\u00e3o e expans\u00e3o do projeto <strong>GenBeta<\/strong>, uma vers\u00e3o mais r\u00e1pida e menos segura do <strong>Gen3<\/strong>, que busca \u201ctestar os limites de seguran\u00e7a, performance, inova\u00e7\u00e3o e sustentabilidade\u201d.\u00a0<\/p>\n\n\n\n<p class=\"wp-block-paragraph\">Agora, a F\u00f3rmula E pretende tamb\u00e9m utilizar o <strong>Vertex AI<\/strong>, plataforma de IA corporativa, e os projetos <strong>Gemini <\/strong>para ajudar na an\u00e1lise de desempenho dos pilotos. Al\u00e9m disso, tamb\u00e9m pretende usar a nova parceira fora das pistas ao contar com a plataforma BigQuery para gerar experi\u00eancias personalizadas e engajar os f\u00e3s.<\/p>\n\n\n\n<figure class=\"wp-block-image size-large\"><img decoding=\"async\" src=\"https:\/\/www.grandepremio.com\/br\/wp-content\/uploads\/2025\/01\/formula-e-google-cloud-1-1200x800.jpg\" alt=\"\" class=\"wp-image-916936\"\/><figcaption class=\"wp-element-caption\">F\u00f3rmula E e Google Cloud j\u00e1 trabalhavam juntos no projeto GenBeta (Foto: F\u00f3rmula E)<\/figcaption><\/figure>\n\n\n\n<p class=\"wp-block-paragraph\">Somado a isso, tamb\u00e9m espera contar com o Google Cloud para realizar previs\u00f5es e an\u00e1lises mais profundas sobre as corridas e enriquecer as transmiss\u00f5es de TV.&nbsp;<\/p>\n\n\n\n<p class=\"wp-block-paragraph\"><strong>Jeff Dodds<\/strong>, CEO da F\u00f3rmula E, comemorou a nova parceria e falou que o novo acordo promete \u201cimpulsionar o crescimento e a evolu\u00e7\u00e3o do campeonato\u201d, al\u00e9m de tamb\u00e9m \u201caprimorar o desempenho dos carros\u201d.<\/p>\n\n\n\n<p class=\"wp-block-paragraph\">\u201cEstamos empolgados em anunciar uma parceria de v\u00e1rios anos com o Google Cloud, que n\u00e3o s\u00f3 aumentar\u00e1 as capacidades tecnol\u00f3gicas, mas tamb\u00e9m impulsionar\u00e1 nosso crescimento e evolu\u00e7\u00e3o como campeonato. Parcerias com uma das empresas mais vision\u00e1rias do mundo trar\u00e3o uma mudan\u00e7a significativa para a categoria, permitindo que continuemos a produzir algumas das corridas mais emocionantes e inovadoras do mundo\u201d, comentou.<\/p>\n\n\n\n<p class=\"wp-block-paragraph\">\u201cCom base nos sucessos anteriores e recordes mundiais com o projeto de inova\u00e7\u00e3o GenBeta, novas tecnologias e solu\u00e7\u00f5es desenvolvidas em parceria com o Google Cloud ir\u00e3o aprimorar ainda mais o desempenho e o potencial de nossos carros de corrida, proporcionando corridas ainda mais r\u00e1pidas, emocionantes e repletas de a\u00e7\u00e3o para os f\u00e3s\u201d, acrescentou.\u00a0<\/p>\n\n\n\n<figure class=\"wp-block-image size-large\"><img decoding=\"async\" src=\"https:\/\/www.grandepremio.com\/br\/cdn-cgi\/image\/width=1200,height=675,fit=contain,gravity=0.5x0.5,quality=75,format=webp\/wp-content\/uploads\/2025\/01\/Imagem-do-WhatsApp-de-2025-01-07-as-13.42.00_0cf27818-1200x800.jpg\" alt=\"\" class=\"wp-image-916939\"\/><figcaption class=\"wp-element-caption\">Google Cloud e F\u00f3rmula E expandiram parceria e assinaram contrato plurianual (Foto: F\u00f3rmula E)<\/figcaption><\/figure>\n\n\n\n<p class=\"wp-block-paragraph\">\u201cCom o crescimento cont\u00ednuo da categoria e uma <a href=\"https:\/\/www.grandepremio.com\/br\/formula-e\/noticias\/formula-e-ultrapassa-nascar-categoria-4a-maior-base-de-fas-mundo\/\">base de f\u00e3s em constante expans\u00e3o<\/a>, que j\u00e1 chega a quase 400 milh\u00f5es, n\u00e3o \u00e9 surpresa que o portf\u00f3lio de parceiros novos e de longa data esteja vendo um valor crescente em um dos esportes mais inovadores e de crescimento mais r\u00e1pido do planeta\u201d, encerrou.<\/p>\n\n\n\n<p class=\"wp-block-paragraph\">O&nbsp;<strong>eP da Cidade do&nbsp;<a href=\"https:\/\/es.grandepremio.com\/\" target=\"_blank\" rel=\"noreferrer noopener\">M\u00e9xico<\/a><\/strong>&nbsp;est\u00e1 programado para acontecer entre os dias&nbsp;<strong>10&nbsp;<\/strong>e&nbsp;<strong>11 de janeiro<\/strong>, no Aut\u00f3dromo&nbsp;<a href=\"https:\/\/www.grandepremio.com\/br\/circuito\/hermanos-rodriguez\/\" target=\"_blank\" rel=\"noreferrer noopener\"><\/a><a href=\"https:\/\/www.grandepremio.com\/br\/circuito\/hermanos-rodriguez\/\" target=\"_blank\" rel=\"noreferrer noopener\">Hermanos Rodr\u00edguez<\/a>. O&nbsp;<strong>TL1&nbsp;<\/strong>ser\u00e1 realizado na sexta-feira, \u00e0s&nbsp;<strong>19h45<\/strong>&nbsp;(hor\u00e1rio de Bras\u00edlia), enquanto todo o resto da a\u00e7\u00e3o ser\u00e1 no s\u00e1bado:&nbsp;<strong>TL2<\/strong>,&nbsp;<strong>classifica\u00e7\u00e3o&nbsp;<\/strong>e&nbsp;<strong>corrida<\/strong>. O&nbsp;<strong>GRANDE PR\u00caMIO<\/strong>&nbsp;transmite todas as atividades de pista&nbsp;<strong>AO VIVO<\/strong>&nbsp;e&nbsp;<strong>COM IMAGENS<\/strong>&nbsp;na&nbsp;<strong>GPTV<\/strong>.<\/p>\n\n\n\n<p class=\"wp-block-paragraph\"><strong>&nbsp;Inscreva-se nos dois canais do GRANDE PR\u00caMIO no YouTube:&nbsp;<a href=\"https:\/\/www.youtube.com\/channel\/UC9OlHEgxoaY6QY6nWPoiqQg?sub_confirmation=1\" target=\"_blank\" rel=\"noreferrer noopener\">GP<\/a>&nbsp;|&nbsp;<a href=\"https:\/\/www.youtube.com\/channel\/UC9csiS6q_C3C0FYhyr1rnFA?sub_confirmation=1\" target=\"_blank\" rel=\"noreferrer noopener\">GP2<\/a><\/strong><\/p>\n\n\n\n<figure class=\"wp-block-embed is-type-video is-provider-youtube wp-block-embed-youtube wp-embed-aspect-16-9 wp-has-aspect-ratio\"><div class=\"wp-block-embed__wrapper\">\n<iframe loading=\"lazy\" title=\"HAMILTON CHEGA AOS 40 E ENCARA DUELO DE GERA\u00c7\u00d5ES COM FERRARI NA F1 2025 | Paddock Sprint\" width=\"500\" height=\"281\" src=\"https:\/\/www.youtube.com\/embed\/xommrMJ7KSQ?feature=oembed\" frameborder=\"0\" allow=\"accelerometer; autoplay; clipboard-write; encrypted-media; gyroscope; picture-in-picture; web-share\" referrerpolicy=\"strict-origin-when-cross-origin\" allowfullscreen><\/iframe>\n<\/div><\/figure>\n\n\n\n<p class=\"wp-block-paragraph\"><\/p>\n","protected":false},"excerpt":{"rendered":"<p>Nesta quarta-feira (8), a F\u00f3rmula E anunciou que expandiu a parceria existente com o Google Cloud, o novo parceiro oficial de servi\u00e7os de tecnologia e seguran\u00e7a em nuvem da categoria<\/p>\n","protected":false},"author":0,"featured_media":1000916935,"comment_status":"closed","ping_status":"closed","sticky":false,"template":"","format":"standard","meta":{"42wp_featured_image_caption":"","42wp_featured_image_credits":"","42wp_featured_video":"","42wp_featured_image_hidden":false,"42wp_authors_list":[],"footnotes":""},"categories":[19],"tags":[28679,6853,30836,31468,379,41537,840,38802,1601,1491,30103,28285,2829,37238,35442,36219,311],"42wp_author":[47162],"class_list":["post-36552","post","type-post","status-publish","format-standard","has-post-thumbnail","hentry","category-formula-e","tag-calendario-formula-e","tag-classificacao-formula-e","tag-ep-da-cidade-do-mexico","tag-ep-de-sao-paulo","tag-fe","tag-fe-2025","tag-formula-e","tag-formula-e-2025","tag-gen3","tag-grande-premio","tag-grande-premio-f1","tag-grandepremio","tag-hermanos-rodriguez","tag-horarios-fe","tag-horarios-formula-e","tag-onde-assistir-formula-e","tag-parceria","42wp_author-giovani-danjo"],"_links":{"self":[{"href":"https:\/\/grandepremio.com\/br\/wp-json\/wp\/v2\/posts\/36552","targetHints":{"allow":["GET"]}}],"collection":[{"href":"https:\/\/grandepremio.com\/br\/wp-json\/wp\/v2\/posts"}],"about":[{"href":"https:\/\/grandepremio.com\/br\/wp-json\/wp\/v2\/types\/post"}],"replies":[{"embeddable":true,"href":"https:\/\/grandepremio.com\/br\/wp-json\/wp\/v2\/comments?post=36552"}],"version-history":[{"count":0,"href":"https:\/\/grandepremio.com\/br\/wp-json\/wp\/v2\/posts\/36552\/revisions"}],"wp:featuredmedia":[{"embeddable":true,"href":"https:\/\/grandepremio.com\/br\/wp-json\/wp\/v2\/media\/1000916935"}],"wp:attachment":[{"href":"https:\/\/grandepremio.com\/br\/wp-json\/wp\/v2\/media?parent=36552"}],"wp:term":[{"taxonomy":"category","embeddable":true,"href":"https:\/\/grandepremio.com\/br\/wp-json\/wp\/v2\/categories?post=36552"},{"taxonomy":"post_tag","embeddable":true,"href":"https:\/\/grandepremio.com\/br\/wp-json\/wp\/v2\/tags?post=36552"},{"taxonomy":"42wp_author","embeddable":true,"href":"https:\/\/grandepremio.com\/br\/wp-json\/wp\/v2\/42wp_author?post=36552"}],"curies":[{"name":"wp","href":"https:\/\/api.w.org\/{rel}","templated":true}]}}