{"id":36703,"date":"2025-01-06T15:33:48","date_gmt":"2025-01-06T18:33:48","guid":{"rendered":"https:\/\/grandepremio.com\/br\/noticias\/atual-campeao-carlos-sainz-abandona-dakar-2025-sequencia-acidentes\/"},"modified":"2025-01-06T19:14:29","modified_gmt":"2025-01-06T22:14:29","slug":"atual-campeao-carlos-sainz-abandona-dakar-2025-sequencia-acidentes","status":"publish","type":"post","link":"https:\/\/grandepremio.com\/br\/rally\/atual-campeao-carlos-sainz-abandona-dakar-2025-sequencia-acidentes\/","title":{"rendered":"Atual campe\u00e3o, Sainz abandona Dakar 2025 ap\u00f3s sequ\u00eancia de acidentes"},"content":{"rendered":"\n<p class=\"wp-block-paragraph\">A jornada de <strong>Carlos Sainz<\/strong> no <strong>Dakar 2025<\/strong> chegou oficialmente ao fim. Ao lado do navegador <strong>Lucas Cruz<\/strong>, o atual campe\u00e3o da competi\u00e7\u00e3o teve um in\u00edcio discreto no pr\u00f3logo na<strong> Ar\u00e1bia Saudita<\/strong>, acabou capotando na maratona de 48h, sofreu danos extensos no carro<strong> #225<\/strong> e ficou apenas em 34\u00aa na etapa. Por fim, acabou abandonando o rali mais tradicional do mundo nesta segunda-feira (6).&nbsp;<\/p>\n\n\n\n<p class=\"wp-block-paragraph\">Sainz \u00e9 um dos grandes nomes da hist\u00f3ria do Rali Dakar, tendo vencido a competi\u00e7\u00e3o em quatro oportunidades (2010, 2018, 2020, 2024). Neste ano, voltou \u00e0 <strong>Ford <\/strong>e estava representando a marca norte-americana pela primeira vez no Dakar.&nbsp;<\/p>\n\n\n\n<p class=\"wp-block-paragraph\">Embora <a href=\"https:\/\/www.grandepremio.com\/br\/rally\/noticias\/carlos-sainz-reitera-confianca-alerta-1o-ano-dificil-retorno-ford-dakar\/\">tenha previsto um rali complicado<\/a> em 2025, ainda estava confiante no projeto e n\u00e3o esperava tamanha dificuldade. No pr\u00f3logo, primeira etapa da competi\u00e7\u00e3o, Sainz ficou apenas em 24\u00ba com a <strong>Ford M-Sport<\/strong>.\u00a0<\/p>\n\n\n\n<p class=\"wp-block-paragraph\">Os problemas maiores, no entanto, vieram logo em seguida, na etapa da maratona. Sainz <a href=\"https:\/\/www.grandepremio.com\/br\/rally\/noticias\/carlos-sainz-capota-duna-destroi-parte-carro-1a-parte-maratona-rali-dakar\/\">sofreu um acidente<\/a> no Km 327 dos 971 Km estimados, quando navegava por uma regi\u00e3o arenosa na sa\u00edda das dunas e capotou. Imagens oficiais da transmiss\u00e3o do Dakar mostraram a parte traseira do carro bastante danificada, mas ele e Cruz tamb\u00e9m perderam parte da carenagem da frente.<\/p>\n\n\n\n<figure class=\"wp-block-image size-large\"><img decoding=\"async\" src=\"https:\/\/www.grandepremio.com\/br\/wp-content\/uploads\/2025\/01\/SI202501050141-1200x800.jpg\" alt=\"\" class=\"wp-image-916252\"\/><figcaption class=\"wp-element-caption\">Carlos Sainz e Lucas Cruz capotaram na primeira perna da maratona no Dakar (Foto: Flavien Duhamel\/ Red Bull Content Pool)<\/figcaption><\/figure>\n\n\n\n<p class=\"wp-block-paragraph\">Com isso, terminaram a maratona oficialmente na 34\u00aa coloca\u00e7\u00e3o. Pouco antes de abandonar o Dakar, Sainz ganhou uma sobrevida m\u00ednima com o desconto de 3min46s no tempo total de prova ap\u00f3s uma investiga\u00e7\u00e3o dos comiss\u00e1rios da<strong> Federa\u00e7\u00e3o Internacional de Automobilismo (FIA)<\/strong>.&nbsp;<\/p>\n\n\n\n<p class=\"wp-block-paragraph\">O motivo pelo desconto, segundo documento emitido pelos comiss\u00e1rios, foi que a dupla da Ford perdeu tempo em um dos postos de reabastecimento por fatores \u201cfora do controle da equipe\u201d. Por isso, optaram por compensar o tempo perdido por Sainz e Cruz.&nbsp;<\/p>\n\n\n\n<p class=\"wp-block-paragraph\">No entanto, Sainz <a href=\"https:\/\/www.grandepremio.com\/br\/rally\/noticias\/carlos-sainz-chances-vitoria-dakar-acabadas-depois-capotagem-deu-tudo-errado\/\">j\u00e1 havia desistido do sonho do pentacampeonato<\/a> em 2025 ap\u00f3s a conclus\u00e3o da maratona, como pontuou em entrevista.\u00a0<\/p>\n\n\n\n<p class=\"wp-block-paragraph\">\u201cO resumo \u00e9 que tudo deu errado\u201d, explicou Sainz ao final da etapa. \u201cOntem tivemos o acidente e perdemos muito tempo. Depois, a gente se perdeu em um lugar, e esta manh\u00e3 tivemos outro furo, portanto perdemos tempo demais em um lugar onde n\u00e3o consegu\u00edamos encontrar o caminho\u201d.<\/p>\n\n\n\n<figure class=\"wp-block-image size-large\"><img decoding=\"async\" src=\"https:\/\/www.grandepremio.com\/br\/wp-content\/uploads\/2025\/01\/SI202501060234-1200x800.jpg\" alt=\"\" class=\"wp-image-916562\"\/><figcaption class=\"wp-element-caption\">Carlos Sainz abandonou disputa do Dakar 2025 (Foto: Flavien Duhamel\/Red Bull Content Pool)<\/figcaption><\/figure>\n\n\n\n<p class=\"wp-block-paragraph\">\u201cAinda h\u00e1 muita corrida pela frente. Claro que minhas chances de vencer acabaram, mas, como disse, se eu puder ajudar a equipe, puder aprender e tentar algo, melhor\u201d, frisou antes de abandonar a disputa.<\/p>\n\n\n\n<p class=\"wp-block-paragraph\">O Dakar 2025 segue nesta ter\u00e7a-feira (7). O rali finalmente deixa a cidade de Bisha e ruma at\u00e9 Al-Henakiyah, com 327 km de trecho cronometrado. Henk Lategan \u00e9 o l\u00edder com 15h40min30s, seguido por Yazeed Al-Rajhi, com 15h45min15s e Nasser Al-Attiyah, com 15h51min44s. Lucas Moraes \u00e9 o oitavo colocado.<\/p>\n\n\n\n<p class=\"wp-block-paragraph\"><strong>\u25b6\ufe0f\u00a0Inscreva-se nos dois canais do GRANDE PR\u00caMIO no YouTube:\u00a0<a href=\"https:\/\/www.youtube.com\/channel\/UC9OlHEgxoaY6QY6nWPoiqQg?sub_confirmation=1\" target=\"_blank\" rel=\"noreferrer noopener\">GP<\/a>\u00a0|\u00a0<a href=\"https:\/\/www.youtube.com\/channel\/UC9csiS6q_C3C0FYhyr1rnFA?sub_confirmation=1\" target=\"_blank\" rel=\"noreferrer noopener\">GP2<\/a><\/strong><br><strong>\u25b6\ufe0f\u00a0<a href=\"https:\/\/www.grandepremio.com\/br\/video\/rally\/carlos-sainz-chega-final-maratona-dakar-2025-carro-destrocado\/\">S\u00f3 o esqueleto! Sainz chega ao final da maratona do Dakar 2025 com carro destro\u00e7ado<\/a><\/strong><\/p>\n\n\n\n<figure class=\"wp-block-embed is-type-video is-provider-youtube wp-block-embed-youtube wp-embed-aspect-16-9 wp-has-aspect-ratio\"><div class=\"wp-block-embed__wrapper\">\n<iframe loading=\"lazy\" title=\"RED BULL JUSTIFICA O INJUSTIFIC\u00c1VEL ao deixar portas abertas para SAINZ\" width=\"500\" height=\"281\" src=\"https:\/\/www.youtube.com\/embed\/Xip6HgJaljA?feature=oembed\" frameborder=\"0\" allow=\"accelerometer; autoplay; clipboard-write; encrypted-media; gyroscope; picture-in-picture; web-share\" referrerpolicy=\"strict-origin-when-cross-origin\" allowfullscreen><\/iframe>\n<\/div><\/figure>\n","protected":false},"excerpt":{"rendered":"<p>Carlos Sainz teve uma maratona para se esquecer no Dakar ap\u00f3s capotar no domingo (5). Ainda assim, terminou a etapa em 34\u00ba, mas agora abandonou a competi\u00e7\u00e3o nesta segunda-feira (6)<\/p>\n","protected":false},"author":0,"featured_media":1000916561,"comment_status":"closed","ping_status":"closed","sticky":false,"template":"","format":"standard","meta":{"42wp_featured_image_caption":"","42wp_featured_image_credits":"","42wp_featured_video":"","42wp_featured_image_hidden":false,"42wp_authors_list":[],"footnotes":""},"categories":[5],"tags":[37807,37806,546,6791,37723,853,882,1491,28285,37808,30457,37809,30460,618,41689,6504,37900],"42wp_author":[47162],"class_list":["post-36703","post","type-post","status-publish","format-standard","has-post-thumbnail","hentry","category-rally","tag-calendario-dakar","tag-calendario-rali-dakar","tag-carlos-sainz","tag-classificacao-dakar","tag-classificacao-rali-dakar","tag-dakar","tag-ford","tag-grande-premio","tag-grandepremio","tag-horarios-dakar","tag-motos-dakar","tag-onde-assistir-dakar","tag-quadriciclos-dakar","tag-rali-dakar","tag-rali-dakar-2025","tag-temporada-2025","tag-utvs-dakar","42wp_author-giovani-danjo"],"_links":{"self":[{"href":"https:\/\/grandepremio.com\/br\/wp-json\/wp\/v2\/posts\/36703","targetHints":{"allow":["GET"]}}],"collection":[{"href":"https:\/\/grandepremio.com\/br\/wp-json\/wp\/v2\/posts"}],"about":[{"href":"https:\/\/grandepremio.com\/br\/wp-json\/wp\/v2\/types\/post"}],"replies":[{"embeddable":true,"href":"https:\/\/grandepremio.com\/br\/wp-json\/wp\/v2\/comments?post=36703"}],"version-history":[{"count":0,"href":"https:\/\/grandepremio.com\/br\/wp-json\/wp\/v2\/posts\/36703\/revisions"}],"wp:featuredmedia":[{"embeddable":true,"href":"https:\/\/grandepremio.com\/br\/wp-json\/wp\/v2\/media\/1000916561"}],"wp:attachment":[{"href":"https:\/\/grandepremio.com\/br\/wp-json\/wp\/v2\/media?parent=36703"}],"wp:term":[{"taxonomy":"category","embeddable":true,"href":"https:\/\/grandepremio.com\/br\/wp-json\/wp\/v2\/categories?post=36703"},{"taxonomy":"post_tag","embeddable":true,"href":"https:\/\/grandepremio.com\/br\/wp-json\/wp\/v2\/tags?post=36703"},{"taxonomy":"42wp_author","embeddable":true,"href":"https:\/\/grandepremio.com\/br\/wp-json\/wp\/v2\/42wp_author?post=36703"}],"curies":[{"name":"wp","href":"https:\/\/api.w.org\/{rel}","templated":true}]}}