{"id":36718,"date":"2025-01-06T13:34:32","date_gmt":"2025-01-06T16:34:32","guid":{"rendered":"https:\/\/grandepremio.com\/br\/noticias\/martin-macik-sobra-mesmo-punicao-vence-maratona-dakar-caminhoes\/"},"modified":"2025-01-06T13:36:12","modified_gmt":"2025-01-06T16:36:12","slug":"martin-macik-sobra-mesmo-punicao-vence-maratona-dakar-caminhoes","status":"publish","type":"post","link":"https:\/\/grandepremio.com\/br\/rally\/martin-macik-sobra-mesmo-punicao-vence-maratona-dakar-caminhoes\/","title":{"rendered":"Mac\u00edk sobra mesmo com puni\u00e7\u00e3o e vence maratona do Dakar nos caminh\u00f5es"},"content":{"rendered":"\n<p class=\"wp-block-paragraph\"><strong>2\u00aa Especial:<\/strong>\u00a0Bisha \u27a1 Bisha<br><strong>Deslocamento:<\/strong>\u00a045 km<br><strong>Trecho cronometrado:<\/strong>\u00a0947 km<br><strong>Percurso total:<\/strong>\u00a0992 km<\/p>\n\n\n\n<p class=\"wp-block-paragraph\">A dura maratona inicial do <strong>Dakar<\/strong>, que saiu e voltou para <strong>Bisha<\/strong>, terminou nesta segunda-feira (6). Nos caminh\u00f5es, a vit\u00f3ria foi do trio <strong>#600<\/strong>, comandado por <strong>Martin Mac\u00edk<\/strong> e que ainda consta com<strong> Frantisek Tomasek<\/strong> e <strong>David Svanda<\/strong>.<\/p>\n\n\n\n<p class=\"wp-block-paragraph\">Mesmo com uma puni\u00e7\u00e3o de <strong>1min40s<\/strong>, Mac\u00edk levou a melhor na prova especial de 48h pela Ar\u00e1bia Saudita, terminando com folga na frente ao completar em <strong>12h10min51s<\/strong>. Com isso, terminou quase dez minutos \u00e0 frente de <strong>Ales Loprais<\/strong>, que finalizou na segunda coloca\u00e7\u00e3o.<\/p>\n\n\n\n<p class=\"wp-block-paragraph\"><strong>Vaidotas Zala<\/strong> ficou no terceiro posto, seguido por <strong>Martin Van den Brink<\/strong>, <strong>Mitchel Van den Brink<\/strong>, <strong>Teruhito Sugawara<\/strong>, <strong>Maurik Van den Heuvel<\/strong>, <strong>Anja Van Loon<\/strong>, <strong>Richard De Groot<\/strong> e <strong>Kees Koolen<\/strong> fechando o top-10 na classe dos caminh\u00f5es no Dakar 2025.<\/p>\n\n\n\n<figure class=\"wp-block-image size-large\"><img decoding=\"async\" src=\"https:\/\/www.grandepremio.com\/br\/wp-content\/uploads\/2025\/01\/LR-250105105328-MMPHOTO2-1200x800-1-1200x800.jpg\" alt=\"\" class=\"wp-image-916492\"\/><figcaption class=\"wp-element-caption\">O caminh\u00e3o 600 levou a melhor na maratona em Bisha e lidera no Dakar (Foto: MM Technology)<\/figcaption><\/figure>\n\n\n\n<p class=\"wp-block-paragraph\"><strong>\u25b6\ufe0f\u00a0Inscreva-se nos dois canais do GRANDE PR\u00caMIO no YouTube:\u00a0<a href=\"https:\/\/www.youtube.com\/channel\/UC9OlHEgxoaY6QY6nWPoiqQg?sub_confirmation=1\" target=\"_blank\" rel=\"noreferrer noopener\">GP<\/a>\u00a0|\u00a0<a href=\"https:\/\/www.youtube.com\/channel\/UC9csiS6q_C3C0FYhyr1rnFA?sub_confirmation=1\" target=\"_blank\" rel=\"noreferrer noopener\">GP2<\/a><\/strong><br><strong>\u25b6\ufe0f\u00a0<a href=\"https:\/\/www.grandepremio.com\/br\/video\/rally\/carlos-sainz-chega-final-maratona-dakar-2025-carro-destrocado\/\">S\u00f3 o esqueleto! Sainz chega ao final da maratona do Dakar 2025 com carro destro\u00e7ado<\/a><\/strong><\/p>\n\n\n\n<p class=\"wp-block-paragraph\">Na classifica\u00e7\u00e3o geral, Mac\u00edk segue tranquilo na lideran\u00e7a do Dakar, com <strong>17h24min29s <\/strong>e quase nove minutos de vantagem para Loprais. Zala tamb\u00e9m aparece em terceiro, mas j\u00e1 com 38 minutos de desvantagem para o piloto da Tch\u00e9quia.<\/p>\n\n\n\n<p class=\"wp-block-paragraph\">O Dakar deixa <strong>Bisha <\/strong>na ter\u00e7a-feira pela primeira vez, quando parte em dire\u00e7\u00e3o a\u00a0<strong>Al Henakiyah<\/strong>. Os competidores v\u00e3o encarar um trecho cronometrado de 327 km, encurtado por conta de fortes tempestades que afetaram a regi\u00e3o nos \u00faltimos dias. O\u00a0<strong>GRANDE PR\u00caMIO\u00a0<\/strong>faz a cobertura completa de todas as classes do evento.<\/p>\n\n\n\n<h2 class=\"wp-block-heading\" id=\"h-dakar-2025-caminhoes-classificacao-geral-apos-2\u00aa-etapa\"><strong>Dakar 2025, Caminh\u00f5es, Classifica\u00e7\u00e3o geral ap\u00f3s 2\u00aa etapa:<\/strong><\/h2>\n\n\n\n<figure class=\"wp-block-table\"><table class=\"has-fixed-layout\"><tbody><tr><td>1<\/td><td>M MAC\u00cdK<br>F TOMASEK<br>D SVANDA<\/td><td>MM Technology Team<\/td><td>17:24:29<\/td><\/tr><tr><td>2<\/td><td>A LOPRAIS<br>D KRIPAL<br>D RODEWALD<\/td><td>Instatrade Loprais<\/td><td>17:33:23<\/td><\/tr><tr><td>3<\/td><td>V ZALA<br>P FIUZA<br>M VAN GROL<\/td><td>Skube Team De Rooy<\/td><td>18:03:19<\/td><\/tr><tr><td>4<\/td><td>MITCHEL VAN DEN BRINK<br>M TORRALLARDONA<br>J VAN DE POL<\/td><td>Eurol Rallysport<\/td><td>18:41:00<\/td><\/tr><tr><td>5<\/td><td>MARTIN VAN DEN BRINK<br>B VAN HEUN<br>R MOUW<\/td><td>Eurol Rallysport<\/td><td>19:08:47<\/td><\/tr><tr><td>6<\/td><td>T SUGAWARA<br>H SOMEMIYA<br>Y MOCHIZUKI<\/td><td>Hino Team Sugawara<\/td><td>19:39:32<\/td><\/tr><tr><td>7<\/td><td>M VAN DEN HEUVEL<br>W VAN OORT<br>M VAN ROOIJ<\/td><td>Dakarspeed<\/td><td>19:59:05<\/td><\/tr><tr><td>8<\/td><td>A VAN LOON<br>B VAN DE LAAR<br>J VAN DE LAAR<\/td><td>Van de Laar Racing<\/td><td>20:22:30<\/td><\/tr><tr><td>9<\/td><td>R DE GROOT<br>J DER VAET<br>J HULSEBOSCH<\/td><td>Firemen Dakar<\/td><td>20:25:12<\/td><\/tr><tr><td>10<\/td><td>M SOLTYS<br>V MIKSCH\u00a0\u00a0\u00a0\u00a0\u00a0\u00a0\u00a0\u00a0\u00a0\u00a0\u00a0\u00a0\u00a0\u00a0\u00a0\u00a0\u00a0\u00a0\u00a0\u00a0\u00a0\u00a0\u00a0\u00a0\u00a0 T SIKOLA<\/td><td>Tatra Buggyra ZM<\/td><td>20:44:21<\/td><\/tr><\/tbody><\/table><\/figure>\n\n\n\n<figure class=\"wp-block-embed is-type-video is-provider-youtube wp-block-embed-youtube wp-embed-aspect-16-9 wp-has-aspect-ratio\"><div class=\"wp-block-embed__wrapper\">\n<iframe loading=\"lazy\" title=\"VERSTAPPEN PASSA DO PONTO AO ADMITIR INTEN\u00c7\u00c3O EM DISPUTAS COM NORRIS\" width=\"500\" height=\"281\" src=\"https:\/\/www.youtube.com\/embed\/icFGCtpVHSI?feature=oembed\" frameborder=\"0\" allow=\"accelerometer; autoplay; clipboard-write; encrypted-media; gyroscope; picture-in-picture; web-share\" referrerpolicy=\"strict-origin-when-cross-origin\" allowfullscreen><\/iframe>\n<\/div><\/figure>\n","protected":false},"excerpt":{"rendered":"<p>Martin Mac\u00edk sofreu uma puni\u00e7\u00e3o na segunda perna da maratona do Dakar nos caminh\u00f5es, mas mesmo assim garantiu uma confort\u00e1vel vit\u00f3ria. Ales Loprais e Vaidotas Zala completam o top-3 na classe<\/p>\n","protected":false},"author":0,"featured_media":1000916491,"comment_status":"closed","ping_status":"closed","sticky":false,"template":"","format":"standard","meta":{"42wp_featured_image_caption":"","42wp_featured_image_credits":"","42wp_featured_video":"","42wp_featured_image_hidden":false,"42wp_authors_list":[],"footnotes":""},"categories":[5],"tags":[37807,37806,30437,33443,6791,37723,853,37499,1491,28285,37808,30457,37809,30460,618,41689,6504,37900],"42wp_author":[47135],"class_list":["post-36718","post","type-post","status-publish","format-standard","has-post-thumbnail","hentry","category-rally","tag-calendario-dakar","tag-calendario-rali-dakar","tag-caminhoes-dakar","tag-carros-dakar","tag-classificacao-dakar","tag-classificacao-rali-dakar","tag-dakar","tag-dakar-2025","tag-grande-premio","tag-grandepremio","tag-horarios-dakar","tag-motos-dakar","tag-onde-assistir-dakar","tag-quadriciclos-dakar","tag-rali-dakar","tag-rali-dakar-2025","tag-temporada-2025","tag-utvs-dakar","42wp_author-pedro-luis-cuenca"],"_links":{"self":[{"href":"https:\/\/grandepremio.com\/br\/wp-json\/wp\/v2\/posts\/36718","targetHints":{"allow":["GET"]}}],"collection":[{"href":"https:\/\/grandepremio.com\/br\/wp-json\/wp\/v2\/posts"}],"about":[{"href":"https:\/\/grandepremio.com\/br\/wp-json\/wp\/v2\/types\/post"}],"replies":[{"embeddable":true,"href":"https:\/\/grandepremio.com\/br\/wp-json\/wp\/v2\/comments?post=36718"}],"version-history":[{"count":0,"href":"https:\/\/grandepremio.com\/br\/wp-json\/wp\/v2\/posts\/36718\/revisions"}],"wp:featuredmedia":[{"embeddable":true,"href":"https:\/\/grandepremio.com\/br\/wp-json\/wp\/v2\/media\/1000916491"}],"wp:attachment":[{"href":"https:\/\/grandepremio.com\/br\/wp-json\/wp\/v2\/media?parent=36718"}],"wp:term":[{"taxonomy":"category","embeddable":true,"href":"https:\/\/grandepremio.com\/br\/wp-json\/wp\/v2\/categories?post=36718"},{"taxonomy":"post_tag","embeddable":true,"href":"https:\/\/grandepremio.com\/br\/wp-json\/wp\/v2\/tags?post=36718"},{"taxonomy":"42wp_author","embeddable":true,"href":"https:\/\/grandepremio.com\/br\/wp-json\/wp\/v2\/42wp_author?post=36718"}],"curies":[{"name":"wp","href":"https:\/\/api.w.org\/{rel}","templated":true}]}}