{"id":36952,"date":"2025-01-04T11:52:58","date_gmt":"2025-01-04T14:52:58","guid":{"rendered":"https:\/\/grandepremio.com\/br\/noticias\/guerlain-chicherit-surpreende-abre-dakar-2025-lideranca-entre-carros-lucas-moraes-8o\/"},"modified":"2025-01-05T10:59:38","modified_gmt":"2025-01-05T13:59:38","slug":"guerlain-chicherit-surpreende-abre-dakar-2025-lideranca-entre-carros-lucas-moraes-8o","status":"publish","type":"post","link":"https:\/\/grandepremio.com\/br\/rally\/guerlain-chicherit-surpreende-abre-dakar-2025-lideranca-entre-carros-lucas-moraes-8o\/","title":{"rendered":"Chicherit surpreende e abre Dakar 2025 na lideran\u00e7a entre carros. Moraes \u00e9 8\u00ba"},"content":{"rendered":"\n<p class=\"wp-block-paragraph\"><strong>1\u00ba Especial:<\/strong>&nbsp;Bisha \u27a1 Bisha<br><strong>Deslocamento:<\/strong>&nbsp;88 km<br><strong>Trecho cronometrado:<\/strong>&nbsp;412 km<br><strong>Percurso total:<\/strong>&nbsp;500 km<\/p>\n\n\n\n<p class=\"wp-block-paragraph\">O franc\u00eas <strong>Guerlain Chicherit <\/strong>surpreendeu os favoritos e abriu a edi\u00e7\u00e3o 2025 do <strong>Dakar<\/strong> na lideran\u00e7a ente os carros. Na primeira especial do rali, disputada em Bisha, neste s\u00e1bado (4), o piloto da<strong> X-Raid Min<\/strong>i, que faz parceria com o navegador<strong> Alex Winocq<\/strong>, completou os 412 km de trecho cronometrado em 4h35min53s.<\/p>\n\n\n\n<p class=\"wp-block-paragraph\">O segundo lugar ficou nas m\u00e3os do americano Seth Quintero, da Toyota. Conhecido pelo vice-campeonato em 2023 na classe dos prot\u00f3tipos leves, o piloto de 22 anos ficou 50s atr\u00e1s de Chicherit. Quem surgiu em terceiro foi o sul-africano companheiro de equipe <strong>Saood Variawa.<\/strong><\/p>\n\n\n\n<p class=\"wp-block-paragraph\">Veterano, o tch\u00e9quio <strong>Martin Prokop, da Orlen Jipocar Team, <\/strong>terminou o dia na quarta coloca\u00e7\u00e3o, \u00e0 frente da espanhola <strong>Cristina Gutierrez<\/strong>, de <strong>Dacia.<\/strong> O portugu\u00eas Jo\u00e3o Ferreira, da X-Raid Mini, veio na sequ\u00eancia, no sexto posto.<\/p>\n\n\n\n<figure class=\"wp-block-image size-full\"><img decoding=\"async\" src=\"https:\/\/www.grandepremio.com\/br\/wp-content\/uploads\/2024\/01\/guerlain-chicherit-02.jpeg\" alt=\"\" class=\"wp-image-770709\"\/><figcaption class=\"wp-element-caption\">Guerlain Chicherit (Foto: ASO\/F.Lefloc&#8217;h\/DPPI)<\/figcaption><\/figure>\n\n\n\n<p class=\"wp-block-paragraph\"><strong>\u25b6\ufe0f&nbsp;Inscreva-se nos dois canais do GRANDE PR\u00caMIO no YouTube:&nbsp;<a href=\"https:\/\/www.youtube.com\/channel\/UC9OlHEgxoaY6QY6nWPoiqQg?sub_confirmation=1\" target=\"_blank\" rel=\"noreferrer noopener\">GP<\/a>&nbsp;|&nbsp;<a href=\"https:\/\/www.youtube.com\/channel\/UC9csiS6q_C3C0FYhyr1rnFA?sub_confirmation=1\" target=\"_blank\" rel=\"noreferrer noopener\">GP2<\/a><\/strong><br><strong><a href=\"https:\/\/www.grandepremio.com\/br\/rally\/noticias\/daniel-sanders-repete-prologo-vence-primeira-especial-dakar-2025-motos\/\">LEIA MAIS: <\/a>Sanders repete pr\u00f3logo e vence primeira especial do Dakar 2025 nas motos<\/strong><\/p>\n\n\n\n<p class=\"wp-block-paragraph\">Atual vencedor do Dakar, o veterano <strong>Carlos Sainz<\/strong> finalizou o dia na s\u00e9tima posi\u00e7\u00e3o, 2min32s atr\u00e1s do l\u00edder Chicherit. \u00c9 a estreia do piloto espanhol, que \u00e9 acompanhado pelo navegador compatriota <strong>Lucas Cruz,<\/strong> pela Ford ap\u00f3s tr\u00eas edi\u00e7\u00f5es consecutivas correndo pela <strong>Audi<\/strong>.<\/p>\n\n\n\n<p class=\"wp-block-paragraph\">Logo atr\u00e1s, surgiu o brasileiro<strong> Lucas Moraes,<\/strong> da Toyota. Junto de <strong>Armand Monleon, <\/strong>ele ficou na oitava posi\u00e7\u00e3o com o tempo de 4h38min26s. O australiano <strong>Toby Price<\/strong>, bicampe\u00e3o nas motos, foi o nono colocado, enquanto o sul-africano <strong>Henk Lategan<\/strong> finalizou o top-10.<\/p>\n\n\n\n<p class=\"wp-block-paragraph\">Outro brasileiro que teve destaque no primeiro dia foi <strong>Marcelo Gastaldi, da Century Racing.<\/strong> Ele foi o 12\u00ba colocado, com tempo de 04h40min51s. O navegador \u00e9 o franc\u00eas <strong>Adrien Metge, <\/strong>multicampe\u00e3o do Sert\u00f5es nas motos.<\/p>\n\n\n\n<p class=\"wp-block-paragraph\">Alguns dos candidatos ao t\u00edtulo do Dakar ficaram mais distantes no primeiro dia.<strong> Nasser Al-Attiyah<\/strong> foi apenas 20\u00ba com a Dacia, seguido por<strong> Yazeed Al-Rajhi e S\u00e9bastien Loeb<\/strong>. O brasileiro <strong>Marcos Moraes<\/strong>, da Overdrive, n\u00e3o ficou distante, aparecendo em 26\u00ba.<\/p>\n\n\n\n<p class=\"wp-block-paragraph\">O Dakar 2025 segue neste domingo ainda na cidade de Bisha, na Ar\u00e1bia Saudita, mas marca o in\u00edcio da maratona. Uma etapa de 48 horas de dura\u00e7\u00e3o, marcada por uma pequena pausa entre as noites onde ter\u00e3o apenas equipamento de acampamento suficiente para descanso, sem conex\u00e3o ou comunica\u00e7\u00e3o com a equipe.<\/p>\n\n\n\n<p class=\"wp-block-paragraph\"><em><strong>ATUALIZA\u00c7\u00c3O: <\/strong><\/em>Seth Quintero teve tempo recompensado ap\u00f3s protesto por ter ajudado <strong>Lala Sanz <\/strong>ap\u00f3s um acidente. Com 95 segundos descontados do resultado final, ele herdou a vit\u00f3ria, com Chicherit em segundo.<\/p>\n\n\n\n<p class=\"wp-block-paragraph\"><strong>Dakar, Dia 1, Carros:<\/strong><\/p>\n\n\n\n<figure class=\"wp-block-table\"><table class=\"has-fixed-layout\"><tbody><tr><td>1<\/td><td>S QUINTERO\/D ZENZ<\/td><td>TOYOTA GAZOO RACING<\/td><td>04:35:08<\/td><td><\/td><\/tr><tr><td>2<\/td><td>G CHICHERIT\/A WINOCQ<\/td><td>X-RAID MINI JCW TEAM<\/td><td>04:35:53<\/td><td>00:00:45<\/td><\/tr><tr><td>3<\/td><td>S VARIAWA\/F CAZALET<\/td><td>TOYOTA GAZOO RACING<\/td><td>04:36:56<\/td><td>00:01:48<\/td><\/tr><tr><td>4<\/td><td>M PROKOP\/V CHYTKA<\/td><td>ORLEN JIPOCAR TEAM<\/td><td>04:36:57<\/td><td>00:01:49<\/td><\/tr><tr><td>5<\/td><td>C GUTIERREZ\/P MORENO<\/td><td>THE DACIA SANDRIDERS<\/td><td>04:37:21<\/td><td>00:02:13<\/td><\/tr><tr><td>6<\/td><td>J FERREIRA\/F PALMEIRO<\/td><td>X-RAID MINI JCW TEAM<\/td><td>04:37:46<\/td><td>00:02:38<\/td><\/tr><tr><td>7<\/td><td>C SAINZ\/L CRUZ<\/td><td>FORD M-SPORT<\/td><td>04:38:25<\/td><td>00:03:17<\/td><\/tr><tr><td>8<\/td><td>L MORAES\/A MONLEON<\/td><td>TOYOTA GAZOO RACING<\/td><td>04:38:26<\/td><td>00:03:18<\/td><\/tr><tr><td>9<\/td><td>T PRICE\/S SUNDERLAND<\/td><td>OVERDRIVE RACING<\/td><td>04:39:06<\/td><td>00:03:58<\/td><\/tr><tr><td>10<\/td><td>H LATEGAN\/B CUMMINGS<\/td><td>TOYOTA GAZOO RACING<\/td><td>04:39:20<\/td><td>00:04:12<\/td><\/tr><\/tbody><\/table><\/figure>\n","protected":false},"excerpt":{"rendered":"<p>Guerlain Chicherit lidera o Dakar ap\u00f3s a primeira especial. Enquanto favoritos ficam longe do topo, Lucas Moraes abriu edi\u00e7\u00e3o com a oitava posi\u00e7\u00e3o. Marcelo Gastaldi surge no top-15<\/p>\n","protected":false},"author":0,"featured_media":1000915871,"comment_status":"closed","ping_status":"closed","sticky":false,"template":"","format":"standard","meta":{"42wp_featured_image_caption":"","42wp_featured_image_credits":"","42wp_featured_video":"","42wp_featured_image_hidden":false,"42wp_authors_list":[],"footnotes":""},"categories":[5],"tags":[37807,37806,6791,37723,853,1491,28285,37808,30457,37809,30460,618,41689,6504,37900],"42wp_author":[47119],"class_list":["post-36952","post","type-post","status-publish","format-standard","has-post-thumbnail","hentry","category-rally","tag-calendario-dakar","tag-calendario-rali-dakar","tag-classificacao-dakar","tag-classificacao-rali-dakar","tag-dakar","tag-grande-premio","tag-grandepremio","tag-horarios-dakar","tag-motos-dakar","tag-onde-assistir-dakar","tag-quadriciclos-dakar","tag-rali-dakar","tag-rali-dakar-2025","tag-temporada-2025","tag-utvs-dakar","42wp_author-gabriel-carvalho"],"_links":{"self":[{"href":"https:\/\/grandepremio.com\/br\/wp-json\/wp\/v2\/posts\/36952","targetHints":{"allow":["GET"]}}],"collection":[{"href":"https:\/\/grandepremio.com\/br\/wp-json\/wp\/v2\/posts"}],"about":[{"href":"https:\/\/grandepremio.com\/br\/wp-json\/wp\/v2\/types\/post"}],"replies":[{"embeddable":true,"href":"https:\/\/grandepremio.com\/br\/wp-json\/wp\/v2\/comments?post=36952"}],"version-history":[{"count":0,"href":"https:\/\/grandepremio.com\/br\/wp-json\/wp\/v2\/posts\/36952\/revisions"}],"wp:featuredmedia":[{"embeddable":true,"href":"https:\/\/grandepremio.com\/br\/wp-json\/wp\/v2\/media\/1000915871"}],"wp:attachment":[{"href":"https:\/\/grandepremio.com\/br\/wp-json\/wp\/v2\/media?parent=36952"}],"wp:term":[{"taxonomy":"category","embeddable":true,"href":"https:\/\/grandepremio.com\/br\/wp-json\/wp\/v2\/categories?post=36952"},{"taxonomy":"post_tag","embeddable":true,"href":"https:\/\/grandepremio.com\/br\/wp-json\/wp\/v2\/tags?post=36952"},{"taxonomy":"42wp_author","embeddable":true,"href":"https:\/\/grandepremio.com\/br\/wp-json\/wp\/v2\/42wp_author?post=36952"}],"curies":[{"name":"wp","href":"https:\/\/api.w.org\/{rel}","templated":true}]}}