{"id":36972,"date":"2025-01-04T10:27:23","date_gmt":"2025-01-04T13:27:23","guid":{"rendered":"https:\/\/grandepremio.com\/br\/noticias\/ferrari-afirma-asa-flexivel-mclaren-foi-decisiva-f1-2024-fez-enorme-diferenca\/"},"modified":"2025-01-04T13:33:32","modified_gmt":"2025-01-04T16:33:32","slug":"ferrari-afirma-asa-flexivel-mclaren-foi-decisiva-f1-2024-fez-enorme-diferenca","status":"publish","type":"post","link":"https:\/\/grandepremio.com\/br\/f1\/ferrari-afirma-asa-flexivel-mclaren-foi-decisiva-f1-2024-fez-enorme-diferenca\/","title":{"rendered":"Ferrari afirma que asa flex\u00edvel da McLaren foi decisiva na F1 2024: &#8220;Fez enorme diferen\u00e7a&#8221;"},"content":{"rendered":"\n<p class=\"wp-block-paragraph\">Chefe da <strong>Ferrari<\/strong>, <strong>Fr\u00e9d\u00e9ric Vasseur<\/strong> declarou que as asas flex\u00edveis e o aval da <strong>Federa\u00e7\u00e3o Internacional de Automobilismo (FIA)<\/strong> em permitir o uso dessas pe\u00e7as foram fatores decisivos na disputa da <strong>temporada 2024<\/strong> da <strong>F\u00f3rmula 1<\/strong>. O expediente foi utilizado pela <strong>McLaren<\/strong> no \u00faltimo ano, equipe que levou o <strong>Mundial de Construtores<\/strong> ap\u00f3s 26 anos.<\/p>\n\n\n\n<p class=\"wp-block-paragraph\">A Ferrari e a <strong>Red Bull<\/strong> foram as equipes que pediram explica\u00e7\u00f5es \u00e0 FIA com rela\u00e7\u00e3o ao uso das asas flex\u00edveis. Durante o <strong>GP da B\u00e9lgica<\/strong>, c\u00e2meras foram colocadas nas asas dianteiras, sobretudo da McLaren e <strong>Mercedes<\/strong>. De acordo com o \u00f3rg\u00e3o, elas respeitavam as regulamenta\u00e7\u00f5es t\u00e9cnicas da F1.<\/p>\n\n\n\n<p class=\"wp-block-paragraph\">Entretanto, Vasseur explicou os motivos da Ferrari n\u00e3o responder de imediato. Primeiro, pela demora no retorno da FIA que, segundo o dirigente, foi de dois meses. Depois, a limita\u00e7\u00e3o causada pelo teto de gastos.<\/p>\n\n\n\n<p class=\"wp-block-paragraph\">\u201cAcho que sim\u201d, disse Vasseur ao ser questionado se a asa flex\u00edvel foi um fator decisivo no campeonato. \u201cFrustrado com isso, pois \u00e9 um claro ganho de desempenho, e ficamos dois meses esperando a decis\u00e3o, se era legal ou n\u00e3o. E tem o teto de gastos, que sempre deve ser considerado. Tem de ser eficiente com o or\u00e7amento\u201d, prosseguiu.<\/p>\n\n\n\n<figure class=\"wp-block-image size-large\"><img decoding=\"async\" src=\"https:\/\/www.grandepremio.com\/br\/wp-content\/uploads\/2024\/11\/catar-2024-f1-classificacao-mclaren-lando-norris-afp-03-1200x800.jpg\" alt=\"\" class=\"wp-image-903416\"\/><figcaption class=\"wp-element-caption\">Asas dianteiras da McLaren estiveram no centro de pol\u00eamica em 2024 (Foto: AFP) <\/figcaption><\/figure>\n\n\n\n<p class=\"wp-block-paragraph\">\u201cSignifica que quando come\u00e7a o desenvolvimento de algo e n\u00e3o d\u00e1 certo, foram desperdi\u00e7ados <strong>\u20ac 600 mil (cerca de R$ 3,82 milh\u00f5es)<\/strong>. Teve a discuss\u00e3o sobre a hist\u00f3ria da Red Bull h\u00e1 dois anos. Isso n\u00e3o \u00e9 sobre queimar <strong>meio milh\u00e3o (aproximadamente de R$ 3,18 milh\u00f5es)<\/strong>, mas ser meio milh\u00e3o dentro de <strong>\u20ac 150 milh\u00f5es (R$ 955,5 milh\u00f5es)<\/strong>\u201d, continuou o chefe da Ferrari.<\/p>\n\n\n\n<p class=\"wp-block-paragraph\">&#8220;\u00c9 meio milh\u00e3o dentro de uns tr\u00eas ou quatro milh\u00f5es para desenvolver. Tem o pessoal, os custos com corridas, isso e aquilo. Ao desenvolver, tem alguns milh\u00f5es para gastar. Seria uma pequena quantia, mas queimar esse meio milh\u00e3o por nada, isso te impede de usar esse recurso em outra \u00e1rea. Com certeza, para mim, \u00e9 o que fez ir al\u00e9m do limite na hist\u00f3ria [da Red Bull]&#8221;, completou.<\/p>\n\n\n\n<p class=\"wp-block-paragraph\">Diante de uma temporada t\u00e3o equilibrada, com as quatro principais equipes vencendo ao menos quatro corridas cada e com sete pilotos diferentes conquistando GPs, Vasseur destacou que qualquer detalhe pode fazer grande diferen\u00e7a \u2014 como, na vis\u00e3o do dirigente, aconteceu com a asa flex\u00edvel.<\/p>\n\n\n\n<p class=\"wp-block-paragraph\">&#8220;Quando a competi\u00e7\u00e3o est\u00e1 mais disputada, mais os detalhes s\u00e3o observados. Quando se est\u00e1 0s6 de diferen\u00e7a, n\u00e3o tenho certeza de que est\u00e3o prestando aten\u00e7\u00e3o aos detalhes. Mas quando falamos de corridas como em <strong>Monza<\/strong>, quando quatro ou cinco carros est\u00e3o separados por 0s1, e se tem uma asa flex\u00edvel ou algo do tipo, faz enorme diferen\u00e7a&#8221;, falou o chefe da Ferrari.<\/p>\n\n\n\n<figure class=\"wp-block-image size-large\"><img decoding=\"async\" src=\"https:\/\/www.grandepremio.com\/br\/wp-content\/uploads\/2024\/09\/singapura-2024-f1-classificacao-ferrari-charles-leclerc-afp-01-1200x800.jpg\" alt=\"\" class=\"wp-image-871608\"\/><figcaption class=\"wp-element-caption\">Ferrari s\u00f3 conseguiu reagir no GP de Singapura, 18\u00aa etapa da temporada (Foto: AFP)<\/figcaption><\/figure>\n\n\n\n<p class=\"wp-block-paragraph\">&#8220;Talvez isso seja consequ\u00eancia do fato de termos um regulamento r\u00edgido, o que torna mais dif\u00edcil o desenvolvimento, mas isso tamb\u00e9m deixa o campeonato mais disputado&#8221;, completou.<\/p>\n\n\n\n<p class=\"wp-block-paragraph\">A Ferrari adotou a asa flex\u00edvel durante 2024, mas somente na reta final do campeonato, apenas no <strong>GP de Singapura<\/strong> \u2014 a 18\u00aa de 24 etapas do calend\u00e1rio. Perguntado se a pe\u00e7a custou mais do que o desenvolvimento do assoalho em 2024, Vasseur se esquivou, mas voltou a ressaltar a dificuldade com o teto or\u00e7ament\u00e1rio.<\/p>\n\n\n\n<p class=\"wp-block-paragraph\">&#8220;N\u00e3o sei [se n\u00e3o ter a asa flex\u00edvel custou mais do que o assoalho] porque n\u00e3o d\u00e1 para refazer a temporada, n\u00e3o \u00e9 a mesma abordagem. Uma coisa \u00e9 algo que j\u00e1 sab\u00edamos, e estamos um p\u00e9 atr\u00e1s para decidir o caminho que vamos optar. Outra \u00e9 o desenvolvimento, e n\u00e3o esper\u00e1vamos ter esse problema. Com a asa, \u00e9 apenas uma quest\u00e3o matem\u00e1tica&#8221;, encerrou o chefe da Ferrari.<\/p>\n\n\n\n<p class=\"wp-block-paragraph\">Agora, a&nbsp;<a href=\"https:\/\/www.grandepremio.com\/br\/f1\/\" target=\"_blank\" rel=\"noreferrer noopener\"><\/a><a href=\"https:\/\/www.grandepremio.com\/br\/f1\/\" target=\"_blank\" rel=\"noreferrer noopener\">F\u00f3rmula 1<\/a>&nbsp;est\u00e1 oficialmente de f\u00e9rias. A pr\u00f3xima atividade \u00e9 exatamente a sess\u00e3o \u00fanica de testes coletivos de pr\u00e9-temporada, marcada para os dias 26, 27 e 28 de fevereiro, no&nbsp;<strong>Bahrein<\/strong>. A temporada 2025 come\u00e7a com o&nbsp;<strong>GP da Austr\u00e1lia<\/strong>, nos dias 14-16 de mar\u00e7o.<\/p>\n\n\n\n<p class=\"wp-block-paragraph\"><strong>Inscreva-se nos dois canais do GRANDE PR\u00caMIO no YouTube:&nbsp;<a href=\"https:\/\/www.youtube.com\/channel\/UC9OlHEgxoaY6QY6nWPoiqQg?sub_confirmation=1\" target=\"_blank\" rel=\"noreferrer noopener\">GP<\/a>&nbsp;|&nbsp;<a href=\"https:\/\/www.youtube.com\/channel\/UC9csiS6q_C3C0FYhyr1rnFA?sub_confirmation=1\" target=\"_blank\" rel=\"noreferrer noopener\">GP2<\/a><\/strong><br><strong>LEIA TAMB\u00c9M:&nbsp;<a href=\"https:\/\/www.grandepremio.com\/br\/f1\/noticias\/irmao-capacidade-michael-schumacher-desenvolver-carro-lewis-hamilton-nunca-fez-isso\/\">Irm\u00e3o exalta capacidade de Schumacher em desenvolver carros: \u2018Hamilton nunca fez isso\u2019<\/a><\/strong><\/p>\n\n\n\n<figure class=\"wp-block-embed is-type-video is-provider-youtube wp-block-embed-youtube wp-embed-aspect-16-9 wp-has-aspect-ratio\"><div class=\"wp-block-embed__wrapper\">\n<iframe loading=\"lazy\" title=\"HAMILTON PRECISA SER CAMPEA\u0303O PARA JUSTIFICAR IDA A\u0300 FERRARI\" width=\"500\" height=\"281\" src=\"https:\/\/www.youtube.com\/embed\/Cubp8AZPA_8?feature=oembed\" frameborder=\"0\" allow=\"accelerometer; autoplay; clipboard-write; encrypted-media; gyroscope; picture-in-picture; web-share\" referrerpolicy=\"strict-origin-when-cross-origin\" allowfullscreen><\/iframe>\n<\/div><\/figure>\n","protected":false},"excerpt":{"rendered":"<p>Fr\u00e9d\u00e9ric Vasseur destacou que teto de gastos limitou desenvolvimento e foi uma das raz\u00f5es pela resposta tardia da Ferrari, que utilizou as asas flex\u00edveis somente no GP de Singapura<\/p>\n","protected":false},"author":0,"featured_media":1000818870,"comment_status":"closed","ping_status":"closed","sticky":false,"template":"","format":"standard","meta":{"42wp_featured_image_caption":"","42wp_featured_image_credits":"","42wp_featured_video":"","42wp_featured_image_hidden":false,"42wp_authors_list":[],"footnotes":""},"categories":[2],"tags":[27776,34186,27487,39086,41965,5660,8235,41950,969,147,3230,3630,642,11958,160,41966,207,180,30909,3628,803,1491,30103,28285,87,90,82,204,2498],"42wp_author":[47155],"class_list":["post-36972","post","type-post","status-publish","format-standard","has-post-thumbnail","hentry","category-f1","tag-assistir-f1-ao-vivo","tag-assistir-f1-gratis","tag-assistir-f1-online","tag-calendario-f1-2025","tag-calendario-f1-2025-horarios","tag-classificacao","tag-classificacao-da-f1","tag-classificacao-f1-2025","tag-corrida","tag-f1","tag-f1-2024","tag-f1-2025","tag-f1-ao-vivo","tag-f1-live","tag-f1-tv","tag-f1-tv-2025","tag-ferrari","tag-formula-1","tag-formula-1-2024","tag-formula-1-2025","tag-fracasso","tag-grande-premio","tag-grande-premio-f1","tag-grandepremio","tag-lewis-hamilton","tag-mclaren","tag-mercedes","tag-red-bull","tag-titulo","42wp_author-daniel-balsa"],"_links":{"self":[{"href":"https:\/\/grandepremio.com\/br\/wp-json\/wp\/v2\/posts\/36972","targetHints":{"allow":["GET"]}}],"collection":[{"href":"https:\/\/grandepremio.com\/br\/wp-json\/wp\/v2\/posts"}],"about":[{"href":"https:\/\/grandepremio.com\/br\/wp-json\/wp\/v2\/types\/post"}],"replies":[{"embeddable":true,"href":"https:\/\/grandepremio.com\/br\/wp-json\/wp\/v2\/comments?post=36972"}],"version-history":[{"count":0,"href":"https:\/\/grandepremio.com\/br\/wp-json\/wp\/v2\/posts\/36972\/revisions"}],"wp:featuredmedia":[{"embeddable":true,"href":"https:\/\/grandepremio.com\/br\/wp-json\/wp\/v2\/media\/1000818870"}],"wp:attachment":[{"href":"https:\/\/grandepremio.com\/br\/wp-json\/wp\/v2\/media?parent=36972"}],"wp:term":[{"taxonomy":"category","embeddable":true,"href":"https:\/\/grandepremio.com\/br\/wp-json\/wp\/v2\/categories?post=36972"},{"taxonomy":"post_tag","embeddable":true,"href":"https:\/\/grandepremio.com\/br\/wp-json\/wp\/v2\/tags?post=36972"},{"taxonomy":"42wp_author","embeddable":true,"href":"https:\/\/grandepremio.com\/br\/wp-json\/wp\/v2\/42wp_author?post=36972"}],"curies":[{"name":"wp","href":"https:\/\/api.w.org\/{rel}","templated":true}]}}