{"id":37009,"date":"2025-01-04T04:15:00","date_gmt":"2025-01-04T07:15:00","guid":{"rendered":"https:\/\/grandepremio.com\/br\/noticias\/red-bull-revela-avanco-construcao-novo-tunel-vento-pode-ajudar-em-2026\/"},"modified":"2025-01-04T10:48:52","modified_gmt":"2025-01-04T13:48:52","slug":"red-bull-revela-avanco-construcao-novo-tunel-vento-pode-ajudar-em-2026","status":"publish","type":"post","link":"https:\/\/grandepremio.com\/br\/f1\/red-bull-revela-avanco-construcao-novo-tunel-vento-pode-ajudar-em-2026\/","title":{"rendered":"Red Bull revela avan\u00e7o em constru\u00e7\u00e3o de novo t\u00fanel de vento: &#8220;Pode nos ajudar j\u00e1 em 2026&#8221;"},"content":{"rendered":"\n<p class=\"wp-block-paragraph\">A <strong>Red Bull<\/strong> est\u00e1 investindo em um novo t\u00fanel de vento para a equipe na <strong>F\u00f3rmula 1<\/strong>. Ao final da temporada 2023, <strong>Christian Horner<\/strong>, chefe da equipe, <a href=\"https:\/\/www.grandepremio.com\/br\/f1\/noticias\/red-bull-planeja-construir-novo-tunel-vento-2024-atual-reliquia-guerra\/\">chamou a instala\u00e7\u00e3o atual de \u201crel\u00edquia de guerra\u201d <\/a>e anunciou que planejava construir uma nova. Agora, com o cronograma mais avan\u00e7ado do que o esperado, a esquadra j\u00e1 prev\u00ea um impacto no desenvolvimento do carro em 2026.\u00a0<\/p>\n\n\n\n<p class=\"wp-block-paragraph\">De in\u00edcio, era esperado que o t\u00fanel de vento novo fosse utilizado apenas no desenvolvimento do carro de 2027. Agora, com o cronograma &#8220;tr\u00eas meses \u00e0 frente&#8221; do previsto, <strong>Pierre Wach\u00e9<\/strong>, diretor-t\u00e9cnico da Red Bull, confirmou em entrevista \u00e0 revista inglesa <em>Autosport <\/em>que o impacto pode ser mais imediato.\u00a0<\/p>\n\n\n\n<p class=\"wp-block-paragraph\">Ainda assim, manteve os p\u00e9s no ch\u00e3o e destacou que alguns contratempos podem surgir no projeto e alterar essa previs\u00e3o. De qualquer maneira, exaltou a import\u00e2ncia de substituir a instala\u00e7\u00e3o atual, que, segundo Wach\u00e9, j\u00e1 era usada na \u00e9poca em que o pai de <strong>Max Verstappen<\/strong> corria na F\u00f3rmula 1.\u00a0<\/p>\n\n\n\n<p class=\"wp-block-paragraph\">&#8220;Com o trabalho de constru\u00e7\u00e3o e, depois, todas as novas m\u00e1quinas, nunca se sabe quando vai chegar, mas estamos adiantados em rela\u00e7\u00e3o ao cronograma no momento. Estamos tr\u00eas meses \u00e0 frente dos planos. O pessoal est\u00e1 fazendo um \u00f3timo trabalho, mas nunca se sabe se vai haver atrasos em algum outro lugar. \u00c9 um grande projeto&#8221;, definiu.<\/p>\n\n\n\n<figure class=\"wp-block-image size-large\"><img decoding=\"async\" src=\"https:\/\/www.grandepremio.com\/br\/wp-content\/uploads\/2024\/02\/pierre-wache-1024x683.jpg\" alt=\"\" class=\"wp-image-776391\"\/><figcaption class=\"wp-element-caption\">Pierre Wach\u00e9 v\u00ea constru\u00e7\u00e3o do novo t\u00fanel de vento avan\u00e7ada (Foto: Reprodu\u00e7\u00e3o)<\/figcaption><\/figure>\n\n\n\n<p class=\"wp-block-paragraph\">\u201cTalvez j\u00e1 nos ajude mais tarde no ano [2026]. \u00c9 o t\u00fanel de vento mais antigo do esporte. At\u00e9 discuti isso com <strong>Jos Verstappen<\/strong> outro dia, que j\u00e1 usavam esse t\u00fanel quando ele estava na <strong>Arrows<\/strong>. \u00c9 uma ferramenta antiga que atualizamos. H\u00e1 muitas coisas mais novas dentro, mas temos algumas limita\u00e7\u00f5es. Sabemos dessas limita\u00e7\u00f5es e tentamos contorn\u00e1-las, mas isso \u00e9 claramente mais dif\u00edcil quando se est\u00e1 buscando uma pequena diferen\u00e7a\u201d, pontuou Wach\u00e9.<\/p>\n\n\n\n<p class=\"wp-block-paragraph\">\u201c\u00c9 por isso que investimos no novo t\u00fanel. Acreditamos que podemos nos beneficiar mais do novo do que do modelo atual\u201d, encerrou o diretor-t\u00e9cnico da Red Bull.\u00a0<\/p>\n\n\n\n<p class=\"wp-block-paragraph\">Agora, a F\u00f3rmula 1 est\u00e1 oficialmente de f\u00e9rias. A pr\u00f3xima atividade \u00e9 exatamente a sess\u00e3o \u00fanica de testes coletivos de pr\u00e9-temporada, marcada para os dias 26, 27 e 28 de fevereiro, no <strong>Bahrein<\/strong>. A temporada 2025 come\u00e7a com o <strong>GP da Austr\u00e1lia<\/strong>, nos dias 14-16 de mar\u00e7o.<\/p>\n\n\n\n<p class=\"wp-block-paragraph\"><strong>Inscreva-se nos dois canais do GRANDE PR\u00caMIO no YouTube:&nbsp;<a href=\"https:\/\/www.youtube.com\/channel\/UC9OlHEgxoaY6QY6nWPoiqQg?sub_confirmation=1\" target=\"_blank\" rel=\"noreferrer noopener\">GP<\/a>&nbsp;|&nbsp;<a href=\"https:\/\/www.youtube.com\/channel\/UC9csiS6q_C3C0FYhyr1rnFA?sub_confirmation=1\" target=\"_blank\" rel=\"noreferrer noopener\">GP2<\/a><\/strong><\/p>\n\n\n\n<figure class=\"wp-block-embed is-type-video is-provider-youtube wp-block-embed-youtube wp-embed-aspect-16-9 wp-has-aspect-ratio\"><div class=\"wp-block-embed__wrapper\">\n<iframe loading=\"lazy\" title=\"O QUE ESPERAR DO MERCADO DE PILOTOS DA F1 PARA 2026? | Paddock Sprint\" width=\"500\" height=\"281\" src=\"https:\/\/www.youtube.com\/embed\/xqjRKGYUq0Q?feature=oembed\" frameborder=\"0\" allow=\"accelerometer; autoplay; clipboard-write; encrypted-media; gyroscope; picture-in-picture; web-share\" referrerpolicy=\"strict-origin-when-cross-origin\" allowfullscreen><\/iframe>\n<\/div><\/figure>\n","protected":false},"excerpt":{"rendered":"<p>Pierre Wach\u00e9, diretor-t\u00e9cnico da Red Bull, afirmou que o cronograma da constru\u00e7\u00e3o do novo t\u00fanel de vento da equipe est\u00e1 \u201ctr\u00eas meses \u00e0 frente\u201d do previsto<\/p>\n","protected":false},"author":0,"featured_media":1000907080,"comment_status":"closed","ping_status":"closed","sticky":false,"template":"","format":"standard","meta":{"42wp_featured_image_caption":"","42wp_featured_image_credits":"","42wp_featured_video":"","42wp_featured_image_hidden":false,"42wp_authors_list":[],"footnotes":""},"categories":[2],"tags":[655,5660,969,147,3630,642,160,180,3628,1491,30103,28285,2569,203,33253],"42wp_author":[47162],"class_list":["post-37009","post","type-post","status-publish","format-standard","has-post-thumbnail","hentry","category-f1","tag-christian-horner","tag-classificacao","tag-corrida","tag-f1","tag-f1-2025","tag-f1-ao-vivo","tag-f1-tv","tag-formula-1","tag-formula-1-2025","tag-grande-premio","tag-grande-premio-f1","tag-grandepremio","tag-jos-verstappen","tag-max-verstappen","tag-pierre-wache","42wp_author-giovani-danjo"],"_links":{"self":[{"href":"https:\/\/grandepremio.com\/br\/wp-json\/wp\/v2\/posts\/37009","targetHints":{"allow":["GET"]}}],"collection":[{"href":"https:\/\/grandepremio.com\/br\/wp-json\/wp\/v2\/posts"}],"about":[{"href":"https:\/\/grandepremio.com\/br\/wp-json\/wp\/v2\/types\/post"}],"replies":[{"embeddable":true,"href":"https:\/\/grandepremio.com\/br\/wp-json\/wp\/v2\/comments?post=37009"}],"version-history":[{"count":0,"href":"https:\/\/grandepremio.com\/br\/wp-json\/wp\/v2\/posts\/37009\/revisions"}],"wp:featuredmedia":[{"embeddable":true,"href":"https:\/\/grandepremio.com\/br\/wp-json\/wp\/v2\/media\/1000907080"}],"wp:attachment":[{"href":"https:\/\/grandepremio.com\/br\/wp-json\/wp\/v2\/media?parent=37009"}],"wp:term":[{"taxonomy":"category","embeddable":true,"href":"https:\/\/grandepremio.com\/br\/wp-json\/wp\/v2\/categories?post=37009"},{"taxonomy":"post_tag","embeddable":true,"href":"https:\/\/grandepremio.com\/br\/wp-json\/wp\/v2\/tags?post=37009"},{"taxonomy":"42wp_author","embeddable":true,"href":"https:\/\/grandepremio.com\/br\/wp-json\/wp\/v2\/42wp_author?post=37009"}],"curies":[{"name":"wp","href":"https:\/\/api.w.org\/{rel}","templated":true}]}}