{"id":37556,"date":"2024-12-30T08:45:36","date_gmt":"2024-12-30T11:45:36","guid":{"rendered":"https:\/\/grandepremio.com\/br\/noticias\/mercedes-nega-surpresa-ferrari-achou-lewis-hamilton-voltaria-mclaren\/"},"modified":"2024-12-30T10:23:32","modified_gmt":"2024-12-30T13:23:32","slug":"mercedes-nega-surpresa-ferrari-achou-lewis-hamilton-voltaria-mclaren","status":"publish","type":"post","link":"https:\/\/grandepremio.com\/br\/f1\/mercedes-nega-surpresa-ferrari-achou-lewis-hamilton-voltaria-mclaren\/","title":{"rendered":"Mercedes nega surpresa com Ferrari, mas &#8220;achou que Hamilton voltaria para McLaren&#8221;"},"content":{"rendered":"\n<p class=\"wp-block-paragraph\">A confirma\u00e7\u00e3o de que <strong>Lewis Hamilton<\/strong> vai ser piloto da <strong>Ferrari <\/strong>no ano que vem <a href=\"https:\/\/www.grandepremio.com\/br\/f1\/noticias\/melhores-do-ano-2024-ida-lewis-hamilton-ferrari-eleita-surpresa-temporada\/\">foi a grande not\u00edcia da<strong> F\u00f3rmula 1<\/strong> em 2024<\/a>. E apesar da transfer\u00eancia ter pegado o p\u00fablico e boa parte do paddock de surpresa, <strong>Bradley Lord<\/strong>, diretor de comunica\u00e7\u00e3o da <strong>Mercedes<\/strong>, n\u00e3o se espantou com o movimento do heptacampe\u00e3o \u2014 ainda que acreditasse que ele pudesse voltar para a <strong>McLaren<\/strong>.<\/p>\n\n\n\n<p class=\"wp-block-paragraph\"><strong>Hamilton <\/strong>iniciou a carreira na <strong>F1 <\/strong>com a <strong>McLaren <\/strong>em 2007, conquistou o primeiro t\u00edtulo em 2008 e permaneceu no time at\u00e9 o fim de 2012. Por ter uma rela\u00e7\u00e3o pr\u00f3xima com a equipe brit\u00e2nica \u2014 e por ela estar evoluindo de forma consider\u00e1vel nos \u00faltimos anos \u2014 Lord acreditou que <strong>Lewis <\/strong>poderia tentar reviver o casamento.<\/p>\n\n\n\n<p class=\"wp-block-paragraph\">No entanto, ainda que <strong>Hamilton <\/strong>tenha optado por assinar com a <strong>Ferrari<\/strong>, o diretor de comunica\u00e7\u00e3o da <strong>Mercedes <\/strong>n\u00e3o se espantou com o movimento. Afinal, o pr\u00f3prio heptacampe\u00e3o j\u00e1 havia sugerido que todos os grandes pilotos t\u00eam o desejo de guiar pela tradicional escuderia de <strong>Maranello <\/strong>na <strong>F1<\/strong>.<\/p>\n\n\n\n<p class=\"wp-block-paragraph\">\u201cNa verdade, pensei que ele poderia ter tentado voltar para a McLaren, mas eu estava completamente errado. Mas sim, tivemos uma conversa anos atr\u00e1s, e ele sempre disse que sentia que a maioria dos pilotos tinha o desejo de, pelo menos em algum momento de suas carreiras, pilotar pela Ferrari. Ent\u00e3o n\u00e3o fiquei surpreso\u201d, destacou Lord.<\/p>\n\n\n\n<figure class=\"wp-block-image size-large\"><img decoding=\"async\" src=\"https:\/\/www.grandepremio.com\/br\/wp-content\/uploads\/2020\/10\/2-McLaren-MP4-23-2008-1024x683.jpg\" alt=\"\" class=\"wp-image-428243\"\/><figcaption class=\"wp-element-caption\">Lewis Hamilton ficou na McLaren entre 2007 e 2012 (Foto: Reprodu\u00e7\u00e3o)<\/figcaption><\/figure>\n\n\n\n<p class=\"wp-block-paragraph\">\u201cTodo mundo \u00e9 f\u00e3 da Ferrari \u2014 mesmo que digam que n\u00e3o. Quero dizer, podemos ver atrav\u00e9s da hist\u00f3ria do esporte que h\u00e1 um desejo entre os grandes pilotos de ir para a Ferrari e ganhar campeonatos mundiais l\u00e1. Fernando [Alonso] fez isso, Sebastian [Vettel] fez isso \u2014 acho que isso sempre permanecer\u00e1. Eles s\u00e3o a equipe mais antiga e reconhecida no pit-lane, a hist\u00f3ria e a estima que essa marca tem, acho que \u00e9 inevit\u00e1vel que as pessoas queiram ir para l\u00e1\u201d, finalizou o diretor de comunica\u00e7\u00e3o da <strong>Mercedes<\/strong>.<\/p>\n\n\n\n<p class=\"wp-block-paragraph\">Com o ano encerrado, a&nbsp;<strong><a href=\"https:\/\/www.grandepremio.com\/br\/f1\/\" target=\"_blank\" rel=\"noreferrer noopener\">F\u00f3rmula 1<\/a>&nbsp;<\/strong>retorna apenas para os testes de pr\u00e9-temporada, agendados para acontecer no&nbsp;<strong>Bahrein&nbsp;<\/strong>entre os dias 26 e 28 de fevereiro. A temporada 2025 come\u00e7a com o&nbsp;<strong>GP da Austr\u00e1lia<\/strong>, nos dias 14-16 de mar\u00e7o.<\/p>\n\n\n\n<p class=\"wp-block-paragraph\"><strong>Inscreva-se nos dois canais do GRANDE PR\u00caMIO no YouTube:&nbsp;<a href=\"https:\/\/www.youtube.com\/channel\/UC9OlHEgxoaY6QY6nWPoiqQg?sub_confirmation=1\" target=\"_blank\" rel=\"noreferrer noopener\">GP<\/a>&nbsp;|&nbsp;<a href=\"https:\/\/www.youtube.com\/channel\/UC9csiS6q_C3C0FYhyr1rnFA?sub_confirmation=1\" target=\"_blank\" rel=\"noreferrer noopener\">GP2<\/a><\/strong><\/p>\n\n\n\n<figure class=\"wp-block-embed is-type-video is-provider-youtube wp-block-embed-youtube wp-embed-aspect-16-9 wp-has-aspect-ratio\"><div class=\"wp-block-embed__wrapper\">\n<iframe loading=\"lazy\" title=\"VERSTAPPEN BOTA FOGO NO PARQUINHO AO SUGERIR TRAPA\u00c7A DE RIVAIS NA F1\" width=\"500\" height=\"281\" src=\"https:\/\/www.youtube.com\/embed\/Ru6y2MdZBkg?feature=oembed\" frameborder=\"0\" allow=\"accelerometer; autoplay; clipboard-write; encrypted-media; gyroscope; picture-in-picture; web-share\" referrerpolicy=\"strict-origin-when-cross-origin\" allowfullscreen><\/iframe>\n<\/div><\/figure>\n","protected":false},"excerpt":{"rendered":"<p>Bradley Lord, diretor de comunica\u00e7\u00e3o da Mercedes, acreditou que Lewis Hamilton poderia tentar reviver o casamento com a McLaren na F\u00f3rmula 1<\/p>\n","protected":false},"author":0,"featured_media":1000907648,"comment_status":"closed","ping_status":"closed","sticky":false,"template":"","format":"standard","meta":{"42wp_featured_image_caption":"","42wp_featured_image_credits":"","42wp_featured_video":"","42wp_featured_image_hidden":false,"42wp_authors_list":[],"footnotes":""},"categories":[2],"tags":[207,578,1491,28285,2810,33596,1713,87,90,4928,82],"42wp_author":[47149],"class_list":["post-37556","post","type-post","status-publish","format-standard","has-post-thumbnail","hentry","category-f1","tag-ferrari","tag-ferrari-f1","tag-grande-premio","tag-grandepremio","tag-hamilton","tag-hamilton-mercedes","tag-hamilton-na-ferrari","tag-lewis-hamilton","tag-mclaren","tag-mclaren-f1","tag-mercedes","42wp_author-bernardo-castro"],"_links":{"self":[{"href":"https:\/\/grandepremio.com\/br\/wp-json\/wp\/v2\/posts\/37556","targetHints":{"allow":["GET"]}}],"collection":[{"href":"https:\/\/grandepremio.com\/br\/wp-json\/wp\/v2\/posts"}],"about":[{"href":"https:\/\/grandepremio.com\/br\/wp-json\/wp\/v2\/types\/post"}],"replies":[{"embeddable":true,"href":"https:\/\/grandepremio.com\/br\/wp-json\/wp\/v2\/comments?post=37556"}],"version-history":[{"count":0,"href":"https:\/\/grandepremio.com\/br\/wp-json\/wp\/v2\/posts\/37556\/revisions"}],"wp:featuredmedia":[{"embeddable":true,"href":"https:\/\/grandepremio.com\/br\/wp-json\/wp\/v2\/media\/1000907648"}],"wp:attachment":[{"href":"https:\/\/grandepremio.com\/br\/wp-json\/wp\/v2\/media?parent=37556"}],"wp:term":[{"taxonomy":"category","embeddable":true,"href":"https:\/\/grandepremio.com\/br\/wp-json\/wp\/v2\/categories?post=37556"},{"taxonomy":"post_tag","embeddable":true,"href":"https:\/\/grandepremio.com\/br\/wp-json\/wp\/v2\/tags?post=37556"},{"taxonomy":"42wp_author","embeddable":true,"href":"https:\/\/grandepremio.com\/br\/wp-json\/wp\/v2\/42wp_author?post=37556"}],"curies":[{"name":"wp","href":"https:\/\/api.w.org\/{rel}","templated":true}]}}