{"id":38098,"date":"2024-12-25T05:00:00","date_gmt":"2024-12-25T08:00:00","guid":{"rendered":"https:\/\/grandepremio.com\/br\/noticias\/ex-presidente-ferrari-elogia-flavio-briatore-espera-alpine-ainda-melhor-2025\/"},"modified":"2024-12-25T12:29:45","modified_gmt":"2024-12-25T15:29:45","slug":"ex-presidente-ferrari-elogia-flavio-briatore-espera-alpine-ainda-melhor-2025","status":"publish","type":"post","link":"https:\/\/grandepremio.com\/br\/f1\/ex-presidente-ferrari-elogia-flavio-briatore-espera-alpine-ainda-melhor-2025\/","title":{"rendered":"Ex-presidente da Ferrari elogia Briatore e espera Alpine &#8220;ainda melhor&#8221; em 2025"},"content":{"rendered":"\n<p class=\"wp-block-paragraph\">Respons\u00e1vel por uma verdadeira revolu\u00e7\u00e3o na <strong>Alpine<\/strong> desde que <a href=\"https:\/\/www.grandepremio.com\/br\/f1\/noticias\/alpine-oficializa-retorno-flavio-briatore-formula-1-15-anos-conselheiro-executivo\/\">assumiu o cargo de conselheiro executivo<\/a>, em junho, <strong>Flavio Briatore<\/strong> recebeu o apoio de <strong>Luca di Montezemolo<\/strong>, ex-presidente da <strong>Ferrari<\/strong>, que lembrou dos feitos do dirigente na <strong>F\u00f3rmula 1<\/strong> e ainda garantiu que <strong>Luca De Meo<\/strong>, CEO da <strong>Renault<\/strong>, &#8220;fez a escolha certa&#8221; ao traz\u00ea-lo de volta ao comando do time de Enstone.<\/p>\n\n\n\n<p class=\"wp-block-paragraph\">Al\u00e9m da pol\u00eamica decis\u00e3o de deixar de utilizar os motores da fabricante francesa e <a href=\"https:\/\/www.grandepremio.com\/br\/f1\/noticias\/alpine-segue-vida-apos-anuncia-acordo-usar-motor-mercedes-formula-1-2026\/\">fechar um acordo com a<\/a> <strong>Mercedes<\/strong> da temporada 2026 em diante, Briatore tamb\u00e9m foi respons\u00e1vel por tirar <strong>Bruno Famin<\/strong> do cargo de chefe de equipe e <a href=\"https:\/\/www.grandepremio.com\/br\/f1\/noticias\/alpine-oficializa-mudanca-confirma-oliver-oakes-novo-chefe-equipe-formula-1\/\">colocar<\/a> <strong>Oliver Oakes<\/strong> \u2014 reconhecido pelo trabalho com a <strong>Hitech<\/strong> na <strong>F\u00f3rmula 2<\/strong> e <strong>F\u00f3rmula 3<\/strong> \u2014 no lugar. <a href=\"https:\/\/www.grandepremio.com\/br\/f1\/noticias\/alpine-opta-escolha-caseira-promove-jack-doohan-vaga-esteban-ocon-f1-2025\/#:~:text=A%20Alpine%20oficializou%20nesta%20sexta,automobilismo%20no%20ano%20que%20vem.\">A promo\u00e7\u00e3o de<\/a> <strong>Jack Doohan<\/strong> ao posto de titular ainda em 2024 tamb\u00e9m foi ideia do italiano, que <a href=\"https:\/\/www.grandepremio.com\/br\/f1\/noticias\/flavio-briatore-admite-interesse-antigo-alpine-carlos-sainz-mas-fosse-4-anos\/[\">admitiu que negociou com<\/a> <strong>Carlos Sainz<\/strong>.<\/p>\n\n\n\n<p class=\"wp-block-paragraph\">Depois de come\u00e7ar o ano como a pior equipe do grid, a Alpine sentiu os efeitos das mudan\u00e7as e evoluiu na reta final de certame. Com 65 pontos conquistados, conseguiu superar a <strong>Racing Bulls<\/strong> (antiga <strong>RB<\/strong>) e a <strong>Haas<\/strong> para ficar com o sexto lugar no Mundial de Construtores. E as expectativas para o futuro s\u00e3o das melhores, j\u00e1 que o pr\u00f3prio consultor afirmou com todas as letras que espera <a href=\"https:\/\/www.grandepremio.com\/br\/f1\/noticias\/flavio-briatore-crescimento-espera-alpine-brigando-titulo-2027\/\">&#8220;brigar pelo t\u00edtulo em 2027&#8221;<\/a>.<\/p>\n\n\n\n<p class=\"wp-block-paragraph\">&#8220;Ningu\u00e9m deve esquecer&nbsp;que&nbsp;Flavio fez verdadeiros milagres quando estava na <strong>Benetton<\/strong>. Luca De Meo, portanto, fez a escolha certa ao cham\u00e1-lo de volta \u00e0 Alpine&#8221;, afirmou Di Montezemolo, presidente da Ferrari entre 1991 e 2014, em entrevista ao canal de r\u00e1dio <em>Rai GR Parliament<\/em>.<\/p>\n\n\n\n<figure class=\"wp-block-image size-large\"><img decoding=\"async\" src=\"https:\/\/www.grandepremio.com\/br\/wp-content\/uploads\/2024\/06\/briatore-f1-1200x764.png\" alt=\"\" class=\"wp-image-831372\"\/><figcaption class=\"wp-element-caption\">Flavio Briatore promoveu uma s\u00e9rie de mudan\u00e7as na Alpine, como a sa\u00edda de Bruno Famin (Foto: Alpine)<\/figcaption><\/figure>\n\n\n\n<p class=\"wp-block-paragraph\"><strong>Inscreva-se nos dois canais do GRANDE PR\u00caMIO no YouTube:&nbsp;<a href=\"https:\/\/www.youtube.com\/channel\/UC9OlHEgxoaY6QY6nWPoiqQg?sub_confirmation=1\" target=\"_blank\" rel=\"noreferrer noopener\">GP<\/a>&nbsp;|&nbsp;<a href=\"https:\/\/www.youtube.com\/channel\/UC9csiS6q_C3C0FYhyr1rnFA?sub_confirmation=1\" target=\"_blank\" rel=\"noreferrer noopener\">GP2<\/a><\/strong><br><strong>LEIA TAMB\u00c9M:&nbsp;<strong><a href=\"https:\/\/www.grandepremio.com\/br\/f1\/noticias\/chefe-red-bull-diz-nao-ficaria-surpreso-sergio-perez-daniel-ricciardo-cadillac-2026\/\">Chefe da Red Bull diz que \u201cn\u00e3o ficaria surpreso\u201d com P\u00e9rez ou Ricciardo na Cadillac<\/a><\/strong><\/strong><\/p>\n\n\n\n<p class=\"wp-block-paragraph\">&#8220;Estou feliz por ele, mesmo que o caminho para as vit\u00f3rias ainda seja muito longo. Vimos algumas boas corridas de [<strong>Pierre<\/strong>] <strong>Gasly<\/strong> este ano, mas n\u00e3o s\u00e3o suficientes. De qualquer forma, acho que no pr\u00f3ximo ano v\u00e3o melhorar ainda mais&#8221;, concluiu.<\/p>\n\n\n\n<p class=\"wp-block-paragraph\">A&nbsp;<a href=\"https:\/\/www.grandepremio.com\/br\/f1\/\" target=\"_blank\" rel=\"noreferrer noopener\"><\/a><a href=\"https:\/\/www.grandepremio.com\/br\/f1\/\" target=\"_blank\" rel=\"noreferrer noopener\">F\u00f3rmula 1<\/a>&nbsp;agora est\u00e1 oficialmente de f\u00e9rias e d\u00e1 adeus a 2024. A pr\u00f3xima atividade \u00e9 exatamente a sess\u00e3o \u00fanica de testes coletivos de pr\u00e9-temporada, marcada para os dias 26, 27 e 28 de fevereiro, no&nbsp;<strong>Bahrein<\/strong>. A temporada 2025 come\u00e7a com o&nbsp;<strong>GP da Austr\u00e1lia<\/strong>, nos dias 14-16 de mar\u00e7o.<\/p>\n\n\n\n<figure class=\"wp-block-embed is-type-video is-provider-youtube wp-block-embed-youtube wp-embed-aspect-16-9 wp-has-aspect-ratio\"><div class=\"wp-block-embed__wrapper\">\n<iframe loading=\"lazy\" title=\"LOUCURA TOTAL! N\u00c3O FAZ SENTIDO COGITAR P\u00c9REZ E RICCIARDO NA CADILLAC\" width=\"500\" height=\"281\" src=\"https:\/\/www.youtube.com\/embed\/1vCDWAQDEy0?feature=oembed\" frameborder=\"0\" allow=\"accelerometer; autoplay; clipboard-write; encrypted-media; gyroscope; picture-in-picture; web-share\" referrerpolicy=\"strict-origin-when-cross-origin\" allowfullscreen><\/iframe>\n<\/div><\/figure>\n","protected":false},"excerpt":{"rendered":"<p>Presidente da Ferrari entre 1991 e 2014, Luca di Montezemolo elogiou as mudan\u00e7as feitas por Flavio Briatore na estrutura da Alpine, mas disse que a equipe ainda tem &#8220;um caminho muito longo&#8221; a percorrer antes de se tornar vitoriosa novamente na F\u00f3rmula 1<\/p>\n","protected":false},"author":0,"featured_media":1000848901,"comment_status":"closed","ping_status":"closed","sticky":false,"template":"","format":"standard","meta":{"42wp_featured_image_caption":"","42wp_featured_image_credits":"","42wp_featured_video":"","42wp_featured_image_hidden":false,"42wp_authors_list":[],"footnotes":""},"categories":[2],"tags":[20491,5660,969,147,3230,642,160,207,885,180,30909,1491,30103,28285,2404],"42wp_author":[47160],"class_list":["post-38098","post","type-post","status-publish","format-standard","has-post-thumbnail","hentry","category-f1","tag-alpine","tag-classificacao","tag-corrida","tag-f1","tag-f1-2024","tag-f1-ao-vivo","tag-f1-tv","tag-ferrari","tag-flavio-briatore","tag-formula-1","tag-formula-1-2024","tag-grande-premio","tag-grande-premio-f1","tag-grandepremio","tag-luca-di-montezemolo","42wp_author-vicente-soella"],"_links":{"self":[{"href":"https:\/\/grandepremio.com\/br\/wp-json\/wp\/v2\/posts\/38098","targetHints":{"allow":["GET"]}}],"collection":[{"href":"https:\/\/grandepremio.com\/br\/wp-json\/wp\/v2\/posts"}],"about":[{"href":"https:\/\/grandepremio.com\/br\/wp-json\/wp\/v2\/types\/post"}],"replies":[{"embeddable":true,"href":"https:\/\/grandepremio.com\/br\/wp-json\/wp\/v2\/comments?post=38098"}],"version-history":[{"count":0,"href":"https:\/\/grandepremio.com\/br\/wp-json\/wp\/v2\/posts\/38098\/revisions"}],"wp:featuredmedia":[{"embeddable":true,"href":"https:\/\/grandepremio.com\/br\/wp-json\/wp\/v2\/media\/1000848901"}],"wp:attachment":[{"href":"https:\/\/grandepremio.com\/br\/wp-json\/wp\/v2\/media?parent=38098"}],"wp:term":[{"taxonomy":"category","embeddable":true,"href":"https:\/\/grandepremio.com\/br\/wp-json\/wp\/v2\/categories?post=38098"},{"taxonomy":"post_tag","embeddable":true,"href":"https:\/\/grandepremio.com\/br\/wp-json\/wp\/v2\/tags?post=38098"},{"taxonomy":"42wp_author","embeddable":true,"href":"https:\/\/grandepremio.com\/br\/wp-json\/wp\/v2\/42wp_author?post=38098"}],"curies":[{"name":"wp","href":"https:\/\/api.w.org\/{rel}","templated":true}]}}