{"id":38932,"date":"2024-12-18T10:40:27","date_gmt":"2024-12-18T13:40:27","guid":{"rendered":"https:\/\/grandepremio.com\/br\/noticias\/doriane-pin-permanece-f1-academy-temporada-2025-vice-ano-estreia\/"},"modified":"2024-12-18T15:41:36","modified_gmt":"2024-12-18T18:41:36","slug":"doriane-pin-permanece-f1-academy-temporada-2025-vice-ano-estreia","status":"publish","type":"post","link":"https:\/\/grandepremio.com\/br\/f1-academy\/doriane-pin-permanece-f1-academy-temporada-2025-vice-ano-estreia\/","title":{"rendered":"Pin permanece na F1 Academy para temporada 2025 ap\u00f3s vice em ano de estreia"},"content":{"rendered":"\n<p class=\"wp-block-paragraph\">Vice-campe\u00e3 da <strong>F1 Academy <\/strong>2024, <strong>Doriane Pin<\/strong> estar\u00e1 de volta ao grid em 2025. Nesta quarta-feira (18), a categoria anunciou a perman\u00eancia da francesa, que tamb\u00e9m vai disputar a <strong>FRECA <\/strong>e algumas rodadas selecionadas da <strong>F\u00f3rmula Regional do Oriente M\u00e9dio<\/strong>. Aos <strong>20 anos<\/strong>, a jovem segue como parte da <strong>Academia Mercedes<\/strong>.<\/p>\n\n\n\n<p class=\"wp-block-paragraph\">&#8220;Estou animada para seguir nessa jornada com a Mercedes e a Iron Dames no ano que vem&#8221;, celebrou Pin. &#8220;Depois de ser vice na F1 Academy logo na primeira temporada, estou extremamente motivada para buscar o t\u00edtulo de pilotas em 2025. Vou trabalhar muito para evoluir ao longo do inverno, e espero que consiga fazer uma temporada ainda mais forte no ano que vem&#8221;, completou.<\/p>\n\n\n\n<p class=\"wp-block-paragraph\">Em sua primeira temporada na F1 Academy, Pin venceu tr\u00eas vezes com a Prema: <strong>Ar\u00e1bia Saudita<\/strong>, <strong>Pa\u00edses Baixos <\/strong>e <strong>Catar<\/strong>. Al\u00e9m disso, ainda subiu ao p\u00f3dio em <strong>Miami<\/strong>, <strong>Singapura <\/strong>(duas vezes cada) e <strong>Abu Dhabi<\/strong>. A campe\u00e3 <strong>Abbi Pulling<\/strong>, da <strong>Rodin<\/strong>, somou <strong>338 <\/strong>pontos, enquanto Doriane ficou com <strong>217<\/strong>.<\/p>\n\n\n\n<p class=\"wp-block-paragraph\">Na FRECA, Pin tamb\u00e9m fez a primeira temporada e defendeu as cores da <strong>Iron Dames<\/strong>. Sem pontos conquistados, o melhor resultado veio na corrida 2 da <strong>Fran\u00e7a<\/strong>, quando chegou na <strong>14\u00aa posi\u00e7\u00e3o <\/strong>em Paul Ricard.<\/p>\n\n\n\n<p class=\"wp-block-paragraph\">A primeira rodada da F1 Academy 2025 est\u00e1 prevista para acontecer no dia <strong>22 de mar\u00e7o<\/strong>, na <strong>China<\/strong>. O campeonato ainda vai passar por <strong>Ar\u00e1bia Saudita<\/strong>, <strong>Miami<\/strong>, <strong>Canad\u00e1<\/strong>, <strong>Pa\u00edses Baixos<\/strong>, <strong>Singapura <\/strong>e <strong>Las Vegas<\/strong> no ano que vem.<\/p>\n\n\n\n<p class=\"wp-block-paragraph\"><strong><img decoding=\"async\" style=\"width: 20px;\" src=\"https:\/\/s.w.org\/images\/core\/emoji\/14.0.0\/svg\/25b6.svg\" alt=\"\u25b6\ufe0f\">&nbsp;Inscreva-se nos dois canais do GRANDE PR\u00caMIO no YouTube:&nbsp;<a href=\"https:\/\/www.youtube.com\/channel\/UC9OlHEgxoaY6QY6nWPoiqQg?sub_confirmation=1\" target=\"_blank\" rel=\"noreferrer noopener\">GP<\/a>&nbsp;|&nbsp;<a href=\"https:\/\/www.youtube.com\/channel\/UC9csiS6q_C3C0FYhyr1rnFA?sub_confirmation=1\" target=\"_blank\" rel=\"noreferrer noopener\">GP2<\/a><\/strong><\/p>\n\n\n\n<figure class=\"wp-block-image size-large\"><img decoding=\"async\" src=\"https:\/\/www.grandepremio.com\/br\/wp-content\/uploads\/2024\/01\/Doriane-PIN-Prema-1024x643.jpg\" alt=\"\" class=\"wp-image-770147\"\/><figcaption class=\"wp-element-caption\">Doriane Pin tamb\u00e9m disputou a edi\u00e7\u00e3o de 2023 das 24 Horas de Le Mans (Foto: Mercedes)<\/figcaption><\/figure>\n\n\n\n<figure class=\"wp-block-embed is-type-video is-provider-youtube wp-block-embed-youtube wp-embed-aspect-16-9 wp-has-aspect-ratio\"><div class=\"wp-block-embed__wrapper\">\n<iframe loading=\"lazy\" title=\"MELHORES DO ANO 2024: QUEM SE DESTACOU NA F1, NA MOTOGP E NA INDY? E QUEM DECEPCIONOU?\" width=\"500\" height=\"281\" src=\"https:\/\/www.youtube.com\/embed\/ZzAQbxJA8ww?feature=oembed\" frameborder=\"0\" allow=\"accelerometer; autoplay; clipboard-write; encrypted-media; gyroscope; picture-in-picture; web-share\" referrerpolicy=\"strict-origin-when-cross-origin\" allowfullscreen><\/iframe>\n<\/div><\/figure>\n","protected":false},"excerpt":{"rendered":"<p>Pilota da Academia Mercedes, Doriane Pin vai seguir por mais um ano na F1 Academy em 2025. No ano de estreia, representante da Prema saiu com o vice-campeonato<\/p>\n","protected":false},"author":0,"featured_media":1000786299,"comment_status":"closed","ping_status":"closed","sticky":false,"template":"","format":"standard","meta":{"42wp_featured_image_caption":"","42wp_featured_image_credits":"","42wp_featured_video":"","42wp_featured_image_hidden":false,"42wp_authors_list":[],"footnotes":""},"categories":[48],"tags":[33701,3230,33060,642,1491,32667,82,349],"42wp_author":[47142],"class_list":["post-38932","post","type-post","status-publish","format-standard","has-post-thumbnail","hentry","category-f1-academy","tag-doriane-pin","tag-f1-2024","tag-f1-academy","tag-f1-ao-vivo","tag-grande-premio","tag-grandepremio-f1","tag-mercedes","tag-prema","42wp_author-jp-nascimento"],"_links":{"self":[{"href":"https:\/\/grandepremio.com\/br\/wp-json\/wp\/v2\/posts\/38932","targetHints":{"allow":["GET"]}}],"collection":[{"href":"https:\/\/grandepremio.com\/br\/wp-json\/wp\/v2\/posts"}],"about":[{"href":"https:\/\/grandepremio.com\/br\/wp-json\/wp\/v2\/types\/post"}],"replies":[{"embeddable":true,"href":"https:\/\/grandepremio.com\/br\/wp-json\/wp\/v2\/comments?post=38932"}],"version-history":[{"count":0,"href":"https:\/\/grandepremio.com\/br\/wp-json\/wp\/v2\/posts\/38932\/revisions"}],"wp:featuredmedia":[{"embeddable":true,"href":"https:\/\/grandepremio.com\/br\/wp-json\/wp\/v2\/media\/1000786299"}],"wp:attachment":[{"href":"https:\/\/grandepremio.com\/br\/wp-json\/wp\/v2\/media?parent=38932"}],"wp:term":[{"taxonomy":"category","embeddable":true,"href":"https:\/\/grandepremio.com\/br\/wp-json\/wp\/v2\/categories?post=38932"},{"taxonomy":"post_tag","embeddable":true,"href":"https:\/\/grandepremio.com\/br\/wp-json\/wp\/v2\/tags?post=38932"},{"taxonomy":"42wp_author","embeddable":true,"href":"https:\/\/grandepremio.com\/br\/wp-json\/wp\/v2\/42wp_author?post=38932"}],"curies":[{"name":"wp","href":"https:\/\/api.w.org\/{rel}","templated":true}]}}